{"id":588925,"date":"2025-12-09T16:52:27","date_gmt":"2025-12-09T16:52:27","guid":{"rendered":"https:\/\/www.europesays.com\/fr\/588925\/"},"modified":"2025-12-09T16:52:27","modified_gmt":"2025-12-09T16:52:27","slug":"cest-frustrant-les-eleves-de-la-star-academy-decus-de-devoir-attendre-le-resultat-des-evaluations-voici-quand-ils-seront-devoiles","status":"publish","type":"post","link":"https:\/\/www.europesays.com\/fr\/588925\/","title":{"rendered":"\u00ab\u00a0C&rsquo;est frustrant\u00a0\u00bb : Les \u00e9l\u00e8ves de la Star Academy d\u00e9\u00e7us de devoir attendre le r\u00e9sultat des \u00e9valuations, voici quand ils seront d\u00e9voil\u00e9s"},"content":{"rendered":"<p>Ce mardi 9 d\u00e9cembre, les \u00e9l\u00e8ves de la Star Academy ont pass\u00e9 leur derni\u00e8re \u00e9valuation de la semaine. Maintenant, ils se languissent de conna\u00eetre le nom de la troisi\u00e8me personne qui participera \u00e0 la tourn\u00e9e.<\/p>\n<p>Fini les \u00e9valuations ! Apr\u00e8s deux jours de stress, les candidats de la Star Academy vont pouvoir se concentrer sur autre chose. Depuis lundi, tous les \u00e9l\u00e8ves, sauf <a href=\"https:\/\/www.programme-tv.net\/news\/tv\/393566-star-academy-sarah-a-t-elle-battu-bastiaan-avec-son-tableau-chante-danse-et-obtenu-sa-place-pour-la-tournee\/\" data-api-deeplink=\"teleloisirs:\/\/news\/393566\" target=\"_blank\" rel=\"noopener\">Ambre et Sarah, d\u00e9j\u00e0 immunis\u00e9es<\/a>, ont encha\u00een\u00e9 les \u00e9valuations pour tenter de remporter la derni\u00e8re place pour la tourn\u00e9e offerte par les professeurs. Apr\u00e8s une premi\u00e8re \u00e9preuve de th\u00e9\u00e2tre, ce sont L\u00e9o et Th\u00e9o qui ont \u00e9t\u00e9 nomm\u00e9s. Les \u00e9l\u00e8ves restants ont pass\u00e9 leur \u00e9valuation de danse au terme de laquelle Jeanne et Anouk ont \u00e9t\u00e9 \u00e9limin\u00e9es. Ce mardi 9 d\u00e9cembre, c&rsquo;est une \u00e9preuve de chant et expression sc\u00e9nique qui attendait les acad\u00e9miciens encore en lice.<\/p>\n<p>Dans la matin\u00e9e, Victor, M\u00e9lissa, Bastiaan et L\u00e9a ont d\u00e9couvert que <a href=\"https:\/\/www.programme-tv.net\/biographie\/113127-goldman-michael\/\" data-link-people=\"5a3a480e-6215-4ac5-9166-24c775b347bc\" target=\"_blank\" rel=\"noopener\">Michael Goldman<\/a> n&rsquo;\u00e9tait pas seulement accompagn\u00e9 des professeures. En plus de <a href=\"https:\/\/www.programme-tv.net\/biographie\/4078340-morgavi-sofia\/\" data-link-people=\"35e5019e-ed09-4a7e-a7fa-9841be875850\" target=\"_blank\" rel=\"noopener\">Sofia Morgavi<\/a> et Marl\u00e8ne Schaff, <a href=\"https:\/\/www.programme-tv.net\/news\/tv\/393752-star-academy-une-grande-star-de-la-chanson-fait-une-surprise-aux-eleves-pour-leur-evaluation-speciale-tournee\/\" data-api-deeplink=\"teleloisirs:\/\/news\/393752\" target=\"_blank\" rel=\"noopener\">Ga\u00ebtan Roussel a rejoint le jury<\/a>. Le chanteur du groupe Louise Attaque <a href=\"https:\/\/www.programme-tv.net\/news\/tv\/393715-star-academy-2025-voici-les-invites-du-prime-du-samedi-13-decembre-avec-une-regle-qui-va-tout-bouleverser\/\" data-api-deeplink=\"teleloisirs:\/\/news\/393715\" target=\"_blank\" rel=\"noopener\">qui sera \u00e9galement pr\u00e9sent samedi sur le prime<\/a>, a pris le temps de donner des conseils aux quatre acad\u00e9miciens apr\u00e8s leur passage. Il aura par ailleurs son mot \u00e0 dire pour d\u00e9terminer la personne qui remportera son pass pour la tourn\u00e9e 2026. Cependant, les chanteurs vont devoir attendre mercredi avant de savoir qui a \u00e9t\u00e9 choisi et \u00e7a ne leur fait pas plaisir. \u00ab\u00a0Encore 24 heures de plus !\u00a0\u00bb, commence Sarah. \u00ab\u00a0Je suis s\u00fbr qu&rsquo;ils savent en plus\u00a0\u00bb, ajoute Th\u00e9o. L\u00e9a esp\u00e9rait avoir une r\u00e9ponse plus rapidement. \u00ab\u00a0Ils auraient pu faire comme hier, emball\u00e9, c&rsquo;est pli\u00e9, c&rsquo;est bon !\u00a0\u00bb, lance-t-elle. Cette derni\u00e8re assure qu&rsquo;elle ne pourra pas dormir sur ses deux oreilles tant qu&rsquo;elle ignorera si elle a empoch\u00e9 sa place pour la tourn\u00e9e ou non.<\/p>\n<p>                        Th\u00e9o (Star Academy) nomm\u00e9 pour le prime de la tourn\u00e9e, il accuse le coup<\/p>\n<p>De son c\u00f4t\u00e9, Th\u00e9o avoue avoir mis du temps \u00e0 dig\u00e9rer son \u00e9limination apr\u00e8s l&rsquo;\u00e9valuation de th\u00e9\u00e2tre. \u00ab\u00a0Une bonne chose de faite&#8230;\u00a0\u00bb, commence-t-il avant d&rsquo;\u00eatre consol\u00e9 par L\u00e9a. \u00ab\u00a0Non mais c&rsquo;est frustrant, mais c&rsquo;est fini depuis hier. On a eu le temps de s&rsquo;y faire\u00a0\u00bb, a-t-il ajout\u00e9 avant de plaisanter en ajoutant : \u00ab\u00a0On sait que c&rsquo;est fini depuis un moment\u00a0\u00bb.<\/p>\n","protected":false},"excerpt":{"rendered":"Ce mardi 9 d\u00e9cembre, les \u00e9l\u00e8ves de la Star Academy ont pass\u00e9 leur derni\u00e8re \u00e9valuation de la semaine.&hellip;\n","protected":false},"author":2,"featured_media":588926,"comment_status":"","ping_status":"","sticky":false,"template":"","format":"standard","meta":{"footnotes":""},"categories":[1356],"tags":[244,58,59,1011,27,5095,252,199,67848,1364],"class_list":{"0":"post-588925","1":"post","2":"type-post","3":"status-publish","4":"format-standard","5":"has-post-thumbnail","7":"category-television","8":"tag-commentaire","9":"tag-divertissement","10":"tag-entertainment","11":"tag-fr","12":"tag-france","13":"tag-star-academy","14":"tag-television","15":"tag-tf1","16":"tag-thu00e9o-p-star-academy-2025","17":"tag-tv"},"share_on_mastodon":{"url":"https:\/\/pubeurope.com\/@fr\/115690651412121505","error":""},"_links":{"self":[{"href":"https:\/\/www.europesays.com\/fr\/wp-json\/wp\/v2\/posts\/588925","targetHints":{"allow":["GET"]}}],"collection":[{"href":"https:\/\/www.europesays.com\/fr\/wp-json\/wp\/v2\/posts"}],"about":[{"href":"https:\/\/www.europesays.com\/fr\/wp-json\/wp\/v2\/types\/post"}],"author":[{"embeddable":true,"href":"https:\/\/www.europesays.com\/fr\/wp-json\/wp\/v2\/users\/2"}],"replies":[{"embeddable":true,"href":"https:\/\/www.europesays.com\/fr\/wp-json\/wp\/v2\/comments?post=588925"}],"version-history":[{"count":0,"href":"https:\/\/www.europesays.com\/fr\/wp-json\/wp\/v2\/posts\/588925\/revisions"}],"wp:featuredmedia":[{"embeddable":true,"href":"https:\/\/www.europesays.com\/fr\/wp-json\/wp\/v2\/media\/588926"}],"wp:attachment":[{"href":"https:\/\/www.europesays.com\/fr\/wp-json\/wp\/v2\/media?parent=588925"}],"wp:term":[{"taxonomy":"category","embeddable":true,"href":"https:\/\/www.europesays.com\/fr\/wp-json\/wp\/v2\/categories?post=588925"},{"taxonomy":"post_tag","embeddable":true,"href":"https:\/\/www.europesays.com\/fr\/wp-json\/wp\/v2\/tags?post=588925"}],"curies":[{"name":"wp","href":"https:\/\/api.w.org\/{rel}","templated":true}]}}