{"id":588931,"date":"2025-12-09T16:55:13","date_gmt":"2025-12-09T16:55:13","guid":{"rendered":"https:\/\/www.europesays.com\/fr\/588931\/"},"modified":"2025-12-09T16:55:13","modified_gmt":"2025-12-09T16:55:13","slug":"mot-de-2025-maux-dune-generation","status":"publish","type":"post","link":"https:\/\/www.europesays.com\/fr\/588931\/","title":{"rendered":"mot de\u00a02025, maux d\u2019une g\u00e9n\u00e9ration\u00a0?"},"content":{"rendered":"<p>Apr\u00e8s avoir pass\u00e9 des ann\u00e9es \u00e0 avoir peur de manquer une info ou un \u00e9v\u00e9nement \u00e0 cause de ce fameux <a href=\"https:\/\/www.20minutes.fr\/societe\/4162114-20250706-syndrome-fomo-peur-rater-quelque-chose\" class=\"c-link c-link--is-underlined\" target=\"_blank\" rel=\"noopener\">FOMO<\/a> (fear of missing out), 2025 a vu \u00e9merger un nouvel acronyme. Loin de la l\u00e9g\u00e8ret\u00e9, c\u2019est le FOFO (fear of finding ou litt\u00e9ralement \u00ab\u00a0peur de d\u00e9couvrir quelque chose qui est arriv\u00e9\u00a0\u00bb dans le langage courant des jeunes, \u00e0 tel point que <a href=\"https:\/\/www.20minutes.fr\/tempo\/4190352-20251208-fixe-resolution-apprendre-nouvelle-langue-2025-partager-anecdotes\" class=\"c-link c-link--is-underlined\" target=\"_blank\" rel=\"noopener\">Babbel<\/a> l\u2019a m\u00eame class\u00e9 dans les mots qui ont marqu\u00e9 2025.<\/p>\n<p>Un mot qui n\u2019est pas une simple <a href=\"https:\/\/www.20minutes.fr\/dossier\/tendance\" class=\"c-link c-link--is-underlined\" target=\"_blank\" rel=\"noopener\">tendance<\/a> linguistique, et qui refl\u00e8te surtout les maux de notre \u00e9poque\u00a0: celle d\u2019une g\u00e9n\u00e9ration qui pr\u00e9f\u00e8re ne surtout pas savoir plut\u00f4t que d\u2019apprendre une mauvaise nouvelle.<\/p>\n<p>Quand la peur de savoir, d\u00e9passe la peur de rater<\/p>\n<p>\u00ab\u00a0La mont\u00e9e du FOFO est un exemple de ce que l\u2019on appelle un n\u00e9ologisme par analogie. Ce terme est directement calqu\u00e9 sur FOMO, qui s\u2019est enracin\u00e9 dans notre lexique courant. FOFO s\u2019appuie sur la structure reconnaissable de FOMO ou bien YOLO\u00a0: le motif consonantique redoubl\u00e9 et le format acronyme de quatre lettres, ce qui le rend imm\u00e9diatement lisible et m\u00e9morisable\u00a0\u00bb explique No\u00ebl Wolf, experte culturelle et linguistique chez l\u2019application d\u2019apprentissage des langues Babbel. Mais plus qu\u2019un mot facile \u00e0 retenir, le FOFO t\u00e9moigne d\u2019un v\u00e9ritable \u00e9vitement m\u00e9dical\u00a0: retarder une prise de sang, repousser un d\u00e9pistage, annuler un rendez-vous par peur d\u2019apprendre une mauvaise nouvelle.<\/p>\n<p>Selon un <a href=\"https:\/\/www.aflac.com\/docs\/cancer-campaign-wellness-matters\/aflac-wellness-matters-survey.pdf\" target=\"_blank\" class=\"c-link c-link--is-underlined\" rel=\"noopener\">sondage am\u00e9ricain<\/a>, trois adultes sur cinq aux Etats-Unis \u00e9vitent des examens m\u00e9dicaux. Une <a href=\"https:\/\/preventcancer.org\/education-outreach\/2025-early-detection-survey\/\" rel=\"nofollow noopener\" target=\"_blank\" class=\"c-link c-link--is-underlined\">seconde \u00e9tude am\u00e9ricaine<\/a> men\u00e9e en\u00a02025 indique que seulement 51\u00a0% des adultes ont r\u00e9alis\u00e9 un d\u00e9pistage ou un rendez-vous de routine dans l\u2019ann\u00e9e, soit 10\u00a0% de moins qu\u2019en\u00a02024. Le <a href=\"https:\/\/time.com\/7332559\/fofo-fear-of-finding-out\/\" target=\"_blank\" class=\"c-link c-link--is-underlined\" rel=\"noopener\">Time<\/a> rappelle pourtant que le FOFO n\u2019est pas un diagnostic m\u00e9dical, mais un m\u00e9canisme psychologique bien identifi\u00e9 par les sp\u00e9cialistes\u00a0: \u00ab\u00a0beaucoup de gens ont peur du r\u00e9sultat\u00a0\u00bb, explique Steven Taylor, professeur et clinicien, cit\u00e9 par le magazine. L\u2019anxi\u00e9t\u00e9 para\u00eet paradoxalement devenir un moteur d\u2019inaction\u00a0: ne pas savoir, ne pas avoir \u00e0 affronter.<\/p>\n<p>En France, par exemple, un sondage avec <a href=\"https:\/\/www.ligue-cancer.net\/sites\/default\/files\/media\/downloadable-files\/2023-09\/CP%20octobre%20rose%202023%20-%20chiffres%20cl\u00e9s.pdf\" rel=\"nofollow noopener\" target=\"_blank\" class=\"c-link c-link--is-underlined\">OpinionWay<\/a> de\u00a02023 montrait que moins d\u2019une femme sur deux r\u00e9alise son d\u00e9pistage du cancer du sein, alors m\u00eame que d\u00e9tect\u00e9 t\u00f4t, il se gu\u00e9rit dans 9 cas sur 10\u00a0: beaucoup repoussent simplement par peur du r\u00e9sultat.<\/p>\n<\/p>\n<p>La FOFO, un ph\u00e9nom\u00e8ne anxieux et culturel\u00a0?<\/p>\n<p>Pour No\u00ebl Wolf, si ce terme \u00ab\u00a0est apparu dans des contextes m\u00e9dicaux et psychologiques, pour d\u00e9crire des patients qui \u00e9vitent les d\u00e9pistages de sant\u00e9 par crainte, il s\u2019est depuis \u00e9largi pour englober l\u2019\u00e9vitement financier, l\u2019anxi\u00e9t\u00e9 relationnelle, voire le changement climatique. Le terme d\u00e9signe aujourd\u2019hui une tendance humaine g\u00e9n\u00e9rale \u00e0 fuir les v\u00e9rit\u00e9s qui d\u00e9rangent\u00a0\u00bb. Ce n\u2019est pas seulement un \u00ab\u00a0buzzword\u00a0\u00bb, mais une mani\u00e8re d\u2019exprimer collectivement ce que l\u2019on n\u2019arrive pas \u00e0 formuler autrement. Et ce terme s\u2019\u00e9tend d\u00e9j\u00e0 aux autres champs, comme celui des finances (\u00ab Je ne veux pas ouvrir mon relev\u00e9 bancaire\u00a0\u00bb), administratif (\u00abje ne veux pas ouvrir ce courrier\u00a0\u00bb), r\u00e9sultats scolaires\u2026 Toutes ces situations ont en commun la m\u00eame logique\u00a0: \u00e9viter la r\u00e9alit\u00e9 lorsqu\u2019elle risque d\u2019\u00eatre d\u00e9sagr\u00e9able.<\/p>\n<p>Pour la psychologue Lynn Bufka (American Psychological Association), \u00e9galement cit\u00e9e par le Time, \u00ab\u00a0Beaucoup d\u2019anxi\u00e9t\u00e9 pousse \u00e0 \u00e9viter ce qui fait peur\u00a0\u00bb. On croyait vivre dans un monde o\u00f9 nous redoutions de manquer quelque chose\u00a0; nous voil\u00e0 dans un monde o\u00f9 nous pr\u00e9f\u00e9rons ne pas savoir.<\/p>\n<p>Un \u00ab\u00a0bouclier psychologique\u00a0\u00bb<\/p>\n<p>Bien s\u00fbr, les cons\u00e9quences m\u00e9dicales sont tr\u00e8s concr\u00e8tes\u00a0: le FOFO cr\u00e9e une perte de chance de gu\u00e9rison en retardant certains diagnostics. Les sp\u00e9cialistes recommandent de faire l\u2019inverse\u00a0: planifier plusieurs examens en m\u00eame temps, se faire accompagner, ou consulter un psychologue lorsque la peur devient handicapante.<\/p>\n<p>Mais l\u2019int\u00e9r\u00eat du terme n\u2019est pas seulement clinique\u00a0: il raconte un rapport contemporain \u00e0 l\u2019incertitude, \u00e0 l\u2019avenir, au risque. Et si, en France, ce FOFO prenait d\u2019autres formes\u00a0? Si l\u2019on repoussait certains sujets collectifs par peur de ce qu\u2019ils impliqueraient\u00a0? Sant\u00e9, crise \u00e9cologique, choix politiques, \u00e9ch\u00e9ances \u00e9lectorales\u00a0?<\/p>\n<p>\u00ab\u00a0Le timing n\u2019est pas anodin. Nous vivons \u00e0 une \u00e9poque d\u2019abondance d\u2019informations et de boucles de r\u00e9troaction continues. La capacit\u00e9 \u00e0 s\u2019informer n\u2019a jamais \u00e9t\u00e9 aussi grande, ce qui, paradoxalement, intensifie la peur de le faire. FOFO saisit une tension typiquement contemporaine\u00a0: nous avons un acc\u00e8s sans pr\u00e9c\u00e9dent \u00e0 la connaissance de nous-m\u00eames, mais choisissons parfois l\u2019ignorance comme bouclier psychologique\u00a0\u00bb, explique No\u00ebl Wolf.<\/p>\n<p>Le FOFO n\u2019est pas une simple \u00e9volution de vocabulaire, c\u2019est un thermom\u00e8tre soci\u00e9tal. Le fait que Babbel en fasse un \u00ab\u00a0mot de l\u2019ann\u00e9e\u00a0\u00bb n\u2019en fait pas simplement une tendance TikTok, mais \u00e0 une transformation profonde\u00a0: la peur d\u2019affronter les v\u00e9rit\u00e9s inconfortables. \u00ab\u00a0D\u2019un point de vue sociolinguistique, la propagation virale du terme cette ann\u00e9e t\u00e9moigne de l\u2019agilit\u00e9 de l\u2019innovation linguistique et du lien profond entre les mots et le monde que nous habitons\u00a0\u00bb, conclut No\u00ebl Wolf.<\/p>\n","protected":false},"excerpt":{"rendered":"Apr\u00e8s avoir pass\u00e9 des ann\u00e9es \u00e0 avoir peur de manquer une info ou un \u00e9v\u00e9nement \u00e0 cause de&hellip;\n","protected":false},"author":2,"featured_media":588932,"comment_status":"","ping_status":"","sticky":false,"template":"","format":"standard","meta":{"footnotes":""},"categories":[10],"tags":[2074,4983,1011,27,72,15018,5193,226,206,938,71,3670,2072,5896,8551,2439],"class_list":{"0":"post-588931","1":"post","2":"type-post","3":"status-publish","4":"format-standard","5":"has-post-thumbnail","7":"category-sante","8":"tag-anxiete","9":"tag-bien-etre","10":"tag-fr","11":"tag-france","12":"tag-health","13":"tag-langue","14":"tag-langue-francaise","15":"tag-maladie","16":"tag-psycho","17":"tag-reseaux-sociaux","18":"tag-sante","19":"tag-sante-des-femmes","20":"tag-sante-mentale","21":"tag-tempo","22":"tag-tendance","23":"tag-tiktok"},"share_on_mastodon":{"url":"https:\/\/pubeurope.com\/@fr\/115690663144746270","error":""},"_links":{"self":[{"href":"https:\/\/www.europesays.com\/fr\/wp-json\/wp\/v2\/posts\/588931","targetHints":{"allow":["GET"]}}],"collection":[{"href":"https:\/\/www.europesays.com\/fr\/wp-json\/wp\/v2\/posts"}],"about":[{"href":"https:\/\/www.europesays.com\/fr\/wp-json\/wp\/v2\/types\/post"}],"author":[{"embeddable":true,"href":"https:\/\/www.europesays.com\/fr\/wp-json\/wp\/v2\/users\/2"}],"replies":[{"embeddable":true,"href":"https:\/\/www.europesays.com\/fr\/wp-json\/wp\/v2\/comments?post=588931"}],"version-history":[{"count":0,"href":"https:\/\/www.europesays.com\/fr\/wp-json\/wp\/v2\/posts\/588931\/revisions"}],"wp:featuredmedia":[{"embeddable":true,"href":"https:\/\/www.europesays.com\/fr\/wp-json\/wp\/v2\/media\/588932"}],"wp:attachment":[{"href":"https:\/\/www.europesays.com\/fr\/wp-json\/wp\/v2\/media?parent=588931"}],"wp:term":[{"taxonomy":"category","embeddable":true,"href":"https:\/\/www.europesays.com\/fr\/wp-json\/wp\/v2\/categories?post=588931"},{"taxonomy":"post_tag","embeddable":true,"href":"https:\/\/www.europesays.com\/fr\/wp-json\/wp\/v2\/tags?post=588931"}],"curies":[{"name":"wp","href":"https:\/\/api.w.org\/{rel}","templated":true}]}}