{"id":588937,"date":"2025-12-09T16:58:11","date_gmt":"2025-12-09T16:58:11","guid":{"rendered":"https:\/\/www.europesays.com\/fr\/588937\/"},"modified":"2025-12-09T16:58:11","modified_gmt":"2025-12-09T16:58:11","slug":"ces-rideaux-occultants-action-a-1295e-valent-10-fois-leur-prix","status":"publish","type":"post","link":"https:\/\/www.europesays.com\/fr\/588937\/","title":{"rendered":"Ces rideaux occultants Action \u00e0 12,95\u20ac valent 10 fois leur prix"},"content":{"rendered":"<p itemprop=\"description\">Contrairement \u00e0 de nombreux rideaux<br \/>\noccultants au look ennuyeux, ces mod\u00e8les modernes d&rsquo;Action ont<br \/>\nl&rsquo;air de valoir 10 fois plus.<\/p>\n<p>En d\u00e9coration, on a trois types d\u00a0\u00bbobjets. Les objets tr\u00e8s<br \/>\n<a href=\"https:\/\/www.bibamagazine.fr\/lifestyle\/deco\/coup-de-coeur-hallucinant-cette-vaisselle-carrefour-a-limprime-leopard-simpose-comme-la-plus-tendance-de-cette-fin-dannee-495821.html\" target=\"_blank\" rel=\"noopener\">tendance<\/a> qui n&rsquo;ont aucune<br \/>\nutilit\u00e9 \u00e0 part celle de d\u00e9corer, ceux qui <a href=\"https:\/\/www.bibamagazine.fr\/lifestyle\/deco\/ces-nouvelles-assiettes-tendances-action-en-porcelaine-a-moins-de-3e-valent-10-fois-leur-prix-495485.html\" target=\"_blank\" rel=\"noopener\">sont pratiques et qui d\u00e9corent<\/a><br \/>\net ceux qui sont <strong>uniquement techniques<\/strong>.<br \/>\nG\u00e9n\u00e9ralement, on n&rsquo;appr\u00e9cie pas ces derniers car ils peuvent g\u00e2cher<br \/>\n<strong>toute la d\u00e9coration de l&rsquo;appartement<\/strong>. Cependant,<br \/>\nils sont n\u00e9cessaires \u00e0 notre quotidien. Alors, on les ach\u00e8te et on<br \/>\nles <strong>installe<\/strong>. Par exemple, les multiprises restent<br \/>\nun accessoire particuli\u00e8rement peu esth\u00e9tique.<\/p>\n<p>Les rideaux peuvent rentrer dans les trois cat\u00e9gories. Par<br \/>\nexemple, un rideau blanc transparent va apporter une vibe boh\u00e8me \u00e0<br \/>\nla maison, mais ne servira pas \u00e0 grand-chose. D&rsquo;autres rideaux<br \/>\noccultants ne vont servir qu&rsquo;\u00e0 occulter. Disponibles dans des<br \/>\ncouleurs tr\u00e8s neutres, ils n&rsquo;apportent g\u00e9n\u00e9ralement pas<br \/>\ngrand-chose. Enfin, certains permettent de baisser la luminosit\u00e9<br \/>\nmod\u00e9r\u00e9ment, mais ont un <strong>super look<\/strong>. Action nous<br \/>\npropose un rideau capable d&rsquo;occulter parfaitement tout en adoptant<br \/>\nune touche tendance \u00e0 la maison.<\/p>\n<p>De quel rideau Action s&rsquo;agit-il ?<\/p>\n<p>Dans les nouveaut\u00e9s Action, on a pu trouver des nouveaux<br \/>\nrideaux. Et ces derniers retiennent notre attention. En effet,<br \/>\nl&rsquo;enseigne des Pays-Bas nous propose un rideau avec deux<br \/>\nparticularit\u00e9s. Comme vous l&rsquo;avez lu dans le titre, ce dernier est<br \/>\n<strong>occultant<\/strong>. L&rsquo;autre particularit\u00e9 se retrouve sur<br \/>\ncette sa mati\u00e8re. En effet le linge se nomme \u00ab\u00a0<strong>Rideau<br \/>\noccultant boucl\u00e9<\/strong>\u00ab\u00a0. On d\u00e9duit donc qu&rsquo;il s&rsquo;agit d&rsquo;un rideau<br \/>\noccultant avec le tissu fa\u00e7on <strong>laine boucl\u00e9e<\/strong>, hyper<br \/>\ntendance depuis plusieurs saisons en d\u00e9coration. Disponible \u00e0<br \/>\n12,95\u20ac, on veut imm\u00e9diatement l&rsquo;installer dans notre maison.<\/p>\n<p>Des rideaux qui apportent un look tendance et luxueux<\/p>\n<p>On a l&rsquo;habitude des rideaux avec des finis lisses. Plus simples<br \/>\n\u00e0 l&rsquo;entretien, ils apportent un look <strong>simple et<br \/>\nefficace<\/strong>. Cependant, avec leur texture boucl\u00e9e, ces<br \/>\nrideaux Action apportent de la <strong>sophistication<\/strong> et<br \/>\nde la <strong>modernit\u00e9<\/strong> \u00e0 notre int\u00e9rieur. Les textures<br \/>\nsont toujours importantes pour avoir un int\u00e9rieur plus d\u00e9cor\u00e9, plus<br \/>\nsophistiqu\u00e9. Elles apportent du relief \u00e0 la maison, et peuvent m\u00eame<br \/>\ndonner l&rsquo;impression qu&rsquo;elle est plus grande. Sur une grande pi\u00e8ce<br \/>\ncomme un rideau, la texture boucl\u00e9e apporte un effet cocooning et<br \/>\nr\u00e9confortant \u00e0 notre chambre.<\/p>\n<p>Outre cela, la laine boucl\u00e9e ne d\u00e9colle pas des int\u00e9rieurs de<br \/>\nnos d\u00e9coratrices pr\u00e9f\u00e9r\u00e9es. C&rsquo;est la raison pour laquelle on la<br \/>\nretrouve dans de nombreuses pi\u00e8ces, allant des canap\u00e9s aux <a href=\"https:\/\/www.bibamagazine.fr\/lifestyle\/deco\/ce-miroir-action-a-moins-de-8-euros-confirme-deux-tendances-pour-cet-automne-hiver-491770.html\" target=\"_blank\" rel=\"noopener\">miroirs<\/a>. Cependant, ce mat\u00e9riau<br \/>\nsophistiqu\u00e9 et cocooning se r\u00e9v\u00e8le compliqu\u00e9 \u00e0 entretenir. Fort<br \/>\nheureusement, ces rideaux passent \u00e0 la machine. Mais outre cela, le<br \/>\nfait que le tissu soit sur le rideau diminue le risque de<br \/>\nsalissure. En effet, contrairement \u00e0 notre fauteuil, on ne mange et<br \/>\nboit pas sur nos rideaux.<\/p>\n<p>Pourquoi craquer pour cette pi\u00e8ce<br \/>\n?<\/p>\n<p>Si jamais le blanc cass\u00e9 disponible chez Action nous fait peur,<br \/>\nil y a une autre couleur disponible en magasin. Il s&rsquo;agit d&rsquo;un vert<br \/>\nfonc\u00e9 chaud appel\u00e9 \u00ab\u00a0winter green\u00a0\u00bb. Entre le kaki et le vert for\u00eat,<br \/>\nce vert fonc\u00e9 a tout d&rsquo;un <a href=\"https:\/\/www.bibamagazine.fr\/lifestyle\/deco\/ce-plateau-dore-action-a-moins-de-5e-est-digne-des-plus-beaux-hotels-494498.html\" target=\"_blank\" rel=\"noopener\">h\u00f4tel de luxe<\/a>. Cela s&rsquo;explique<br \/>\npar une couleur vibrante et tendance, un fini boucl\u00e9 et des volumes<br \/>\nluxueux. En effet, ces rideaux font <strong>140 x 260 cm<\/strong>.<br \/>\nCette taille permet d&rsquo;aller jusqu&rsquo;au plafond pour de nombreuses<br \/>\nmaisons en France. Ainsi, ils pourront avoir l&rsquo;air agrandissants :<br \/>\nparfait pour un fini aussi luxueux que tendance.<\/p>\n","protected":false},"excerpt":{"rendered":"Contrairement \u00e0 de nombreux rideaux occultants au look ennuyeux, ces mod\u00e8les modernes d&rsquo;Action ont l&rsquo;air de valoir 10&hellip;\n","protected":false},"author":2,"featured_media":588938,"comment_status":"","ping_status":"","sticky":false,"template":"","format":"standard","meta":{"footnotes":""},"categories":[7],"tags":[9284,13041,631,9122,1805,4658,1011,27,16978,16751,4822,379,70231,41088,70230,43,40,41,39,42,44,18830,933,9066,15161],"class_list":{"0":"post-588937","1":"post","2":"type-post","3":"status-publish","4":"format-standard","5":"has-post-thumbnail","7":"category-sciences-et-technologies","8":"tag-9284","9":"tag-a","10":"tag-action","11":"tag-ces","12":"tag-de","13":"tag-euros","14":"tag-fr","15":"tag-france","16":"tag-interieur","17":"tag-look","18":"tag-luxueux","19":"tag-moins","20":"tag-occultants","21":"tag-offrent","22":"tag-rideaux","23":"tag-science","24":"tag-science-and-technology","25":"tag-sciences","26":"tag-sciences-et-technologies","27":"tag-technologies","28":"tag-technology","29":"tag-tendances","30":"tag-tres","31":"tag-un","32":"tag-votre"},"share_on_mastodon":{"url":"https:\/\/pubeurope.com\/@fr\/115690674918713341","error":""},"_links":{"self":[{"href":"https:\/\/www.europesays.com\/fr\/wp-json\/wp\/v2\/posts\/588937","targetHints":{"allow":["GET"]}}],"collection":[{"href":"https:\/\/www.europesays.com\/fr\/wp-json\/wp\/v2\/posts"}],"about":[{"href":"https:\/\/www.europesays.com\/fr\/wp-json\/wp\/v2\/types\/post"}],"author":[{"embeddable":true,"href":"https:\/\/www.europesays.com\/fr\/wp-json\/wp\/v2\/users\/2"}],"replies":[{"embeddable":true,"href":"https:\/\/www.europesays.com\/fr\/wp-json\/wp\/v2\/comments?post=588937"}],"version-history":[{"count":0,"href":"https:\/\/www.europesays.com\/fr\/wp-json\/wp\/v2\/posts\/588937\/revisions"}],"wp:featuredmedia":[{"embeddable":true,"href":"https:\/\/www.europesays.com\/fr\/wp-json\/wp\/v2\/media\/588938"}],"wp:attachment":[{"href":"https:\/\/www.europesays.com\/fr\/wp-json\/wp\/v2\/media?parent=588937"}],"wp:term":[{"taxonomy":"category","embeddable":true,"href":"https:\/\/www.europesays.com\/fr\/wp-json\/wp\/v2\/categories?post=588937"},{"taxonomy":"post_tag","embeddable":true,"href":"https:\/\/www.europesays.com\/fr\/wp-json\/wp\/v2\/tags?post=588937"}],"curies":[{"name":"wp","href":"https:\/\/api.w.org\/{rel}","templated":true}]}}