{"id":588942,"date":"2025-12-09T17:02:16","date_gmt":"2025-12-09T17:02:16","guid":{"rendered":"https:\/\/www.europesays.com\/fr\/588942\/"},"modified":"2025-12-09T17:02:16","modified_gmt":"2025-12-09T17:02:16","slug":"vosges-deux-morts-dont-un-mineur-dans-un-choc-entre-une-voiture-et-un-camion-de-depannage-au-val-dajol","status":"publish","type":"post","link":"https:\/\/www.europesays.com\/fr\/588942\/","title":{"rendered":"Vosges. Deux morts dont un mineur dans un choc entre une voiture et un camion de d\u00e9pannage au Val-d\u2019Ajol"},"content":{"rendered":"<p>Ce mardi apr\u00e8s-midi, les routes vosgiennes ont \u00e9t\u00e9 de nouveau le th\u00e9\u00e2tre d\u2019un drame de la route. Un jeune adulte et un mineur ont en effet perdu la vie en d\u00e9but d\u2019apr\u00e8s-midi, \u00e0 hauteur de la commune du Val-d\u2019Ajol.<\/p>\n<p>Il \u00e9tait aux alentours de 14\u00a0h lorsque leur v\u00e9hicule a percut\u00e9 frontalement un camion de d\u00e9pannage, ne laissant aucune chance aux deux victimes.<\/p>\n<p>Le conducteur du camion de d\u00e9pannage s\u2019en est sorti indemne, mais il est choqu\u00e9 par les faits. Le choc s\u2019est produit dans les premiers m\u00e8tres du col du Peutet, plus pr\u00e9cis\u00e9ment au niveau du Bas d\u2019H\u00e9rival.<\/p>\n<p>De nombreux moyens de secours et plusieurs unit\u00e9s de gendarmerie ont \u00e9t\u00e9 d\u00e9p\u00each\u00e9s sur les lieux de l\u2019accident.<\/p>\n<p>Ce contenu est bloqu\u00e9 car vous n&rsquo;avez pas accept\u00e9 les cookies et autres traceurs.<\/p>\n<p>En cliquant sur \u00ab J\u2019accepte \u00bb, les cookies et autres traceurs seront d\u00e9pos\u00e9s et vous pourrez visualiser les contenus  (<a href=\"\" class=\"consentModule_policy\" target=\"_blank\" title=\"Consulter la politique de protection des donn\u00e9es du fournisseur\">plus d&rsquo;informations<\/a>).<\/p>\n<p>En cliquant sur \u00ab J\u2019accepte tous les cookies \u00bb, vous autorisez des d\u00e9p\u00f4ts de cookies et autres traceurs pour le stockage de vos donn\u00e9es sur nos sites et applications \u00e0 des fins de personnalisation et de ciblage publicitaire.<\/p>\n<p class=\"consentModule_secondaryText\">Vous gardez la possibilit\u00e9 de retirer votre consentement \u00e0 tout moment en consultant notre <a href=\"https:\/\/www.vosgesmatin.fr\/protection-des-donnees\" target=\"_blank\" title=\"Consulter notre politique de protection des donn\u00e9es\" rel=\"noopener\">politique de protection des donn\u00e9es<\/a>. <br \/>&#13;<br \/>\n            <a href=\"https:\/\/www.vosgesmatin.fr\/faits-divers-justice\/2025\/12\/09\/javascript:Didomi.notice.show()\" class=\"consentModule_cmp\" target=\"_blank\" rel=\"noopener\">G\u00e9rer mes choix<\/a>&#13;\n        <\/p>\n<p>&#13;<br \/>\n                        J&rsquo;accepte&#13;<br \/>\n            J&rsquo;accepte tous les cookies&#13;\n        <\/p>\n","protected":false},"excerpt":{"rendered":"Ce mardi apr\u00e8s-midi, les routes vosgiennes ont \u00e9t\u00e9 de nouveau le th\u00e9\u00e2tre d\u2019un drame de la route. Un&hellip;\n","protected":false},"author":2,"featured_media":588943,"comment_status":"","ping_status":"","sticky":false,"template":"","format":"standard","meta":{"footnotes":""},"categories":[4],"tags":[119,11,22455,1798,274,107,1011,27,22454,12,25,774],"class_list":{"0":"post-588942","1":"post","2":"type-post","3":"status-publish","4":"format-standard","5":"has-post-thumbnail","7":"category-france","8":"tag-accident","9":"tag-actualites","10":"tag-cc-de-la-porte-des-vosges-meridionales-88a","11":"tag-edition-remiremont-gerardmer","12":"tag-faits-divers-justice","13":"tag-fil-info","14":"tag-fr","15":"tag-france","16":"tag-le-val-dajol","17":"tag-news","18":"tag-republique-francaise","19":"tag-vosges"},"share_on_mastodon":{"url":"https:\/\/pubeurope.com\/@fr\/115690690591482603","error":""},"_links":{"self":[{"href":"https:\/\/www.europesays.com\/fr\/wp-json\/wp\/v2\/posts\/588942","targetHints":{"allow":["GET"]}}],"collection":[{"href":"https:\/\/www.europesays.com\/fr\/wp-json\/wp\/v2\/posts"}],"about":[{"href":"https:\/\/www.europesays.com\/fr\/wp-json\/wp\/v2\/types\/post"}],"author":[{"embeddable":true,"href":"https:\/\/www.europesays.com\/fr\/wp-json\/wp\/v2\/users\/2"}],"replies":[{"embeddable":true,"href":"https:\/\/www.europesays.com\/fr\/wp-json\/wp\/v2\/comments?post=588942"}],"version-history":[{"count":0,"href":"https:\/\/www.europesays.com\/fr\/wp-json\/wp\/v2\/posts\/588942\/revisions"}],"wp:featuredmedia":[{"embeddable":true,"href":"https:\/\/www.europesays.com\/fr\/wp-json\/wp\/v2\/media\/588943"}],"wp:attachment":[{"href":"https:\/\/www.europesays.com\/fr\/wp-json\/wp\/v2\/media?parent=588942"}],"wp:term":[{"taxonomy":"category","embeddable":true,"href":"https:\/\/www.europesays.com\/fr\/wp-json\/wp\/v2\/categories?post=588942"},{"taxonomy":"post_tag","embeddable":true,"href":"https:\/\/www.europesays.com\/fr\/wp-json\/wp\/v2\/tags?post=588942"}],"curies":[{"name":"wp","href":"https:\/\/api.w.org\/{rel}","templated":true}]}}