{"id":588946,"date":"2025-12-09T17:04:12","date_gmt":"2025-12-09T17:04:12","guid":{"rendered":"https:\/\/www.europesays.com\/fr\/588946\/"},"modified":"2025-12-09T17:04:12","modified_gmt":"2025-12-09T17:04:12","slug":"un-stephanois-de-18-ans-interpelle-quatre-mois-apres","status":"publish","type":"post","link":"https:\/\/www.europesays.com\/fr\/588946\/","title":{"rendered":"un St\u00e9phanois de 18 ans interpell\u00e9 quatre mois apr\u00e8s"},"content":{"rendered":"<p>La police a de la patience et de la m\u00e9moire. L\u2019affaire remonte au 18\u00a0ao\u00fbt. Ce jour-l\u00e0, alors qu\u2019elle marchait rue de la R\u00e9sistance, dans le centre-ville de Saint-Etienne, une dame \u00e2g\u00e9e de 75 ans se fait arracher son collier par un jeune homme qui prend la fuite en courant.<\/p>\n<p>Un t\u00e9moin, qui vient d\u2019assister au m\u00e9fait, le poursuit, mais n\u2019arrive pas \u00e0 le rattraper. Il parvient, cependant, le prendre en photo. Un clich\u00e9 gr\u00e2ce auquel la section d\u2019intervention et le groupe de s\u00e9curit\u00e9 de proximit\u00e9 parviennent \u00e0 identifier le voleur.<\/p>\n<p>Apr\u00e8s une p\u00e9riode de surveillance, il a \u00e9t\u00e9 interpell\u00e9 ce lundi, puis plac\u00e9 en garde \u00e0 vue. Le St\u00e9phanois de 18 ans sera prochainement convoqu\u00e9 devant un magistrat pour vol avec violence sans ITT.<\/p>\n","protected":false},"excerpt":{"rendered":"La police a de la patience et de la m\u00e9moire. L\u2019affaire remonte au 18\u00a0ao\u00fbt. Ce jour-l\u00e0, alors qu\u2019elle&hellip;\n","protected":false},"author":2,"featured_media":588947,"comment_status":"","ping_status":"","sticky":false,"template":"","format":"standard","meta":{"footnotes":""},"categories":[9653],"tags":[1111,11,2430,271,272,7539,1777,674,274,1011,27,3367,12,25,4001,7538],"class_list":{"0":"post-588946","1":"post","2":"type-post","3":"status-publish","4":"format-standard","5":"has-post-thumbnail","7":"category-saint-etienne","8":"tag-actu","9":"tag-actualites","10":"tag-auvergne-rhone-alpes","11":"tag-crime","12":"tag-delit-et-contravention","13":"tag-edition-loire-sud","14":"tag-eu","15":"tag-europe","16":"tag-faits-divers-justice","17":"tag-fr","18":"tag-france","19":"tag-loire","20":"tag-news","21":"tag-republique-francaise","22":"tag-saint-etienne","23":"tag-saint-etienne-ville"},"share_on_mastodon":{"url":"https:\/\/pubeurope.com\/@fr\/115690698485437985","error":""},"_links":{"self":[{"href":"https:\/\/www.europesays.com\/fr\/wp-json\/wp\/v2\/posts\/588946","targetHints":{"allow":["GET"]}}],"collection":[{"href":"https:\/\/www.europesays.com\/fr\/wp-json\/wp\/v2\/posts"}],"about":[{"href":"https:\/\/www.europesays.com\/fr\/wp-json\/wp\/v2\/types\/post"}],"author":[{"embeddable":true,"href":"https:\/\/www.europesays.com\/fr\/wp-json\/wp\/v2\/users\/2"}],"replies":[{"embeddable":true,"href":"https:\/\/www.europesays.com\/fr\/wp-json\/wp\/v2\/comments?post=588946"}],"version-history":[{"count":0,"href":"https:\/\/www.europesays.com\/fr\/wp-json\/wp\/v2\/posts\/588946\/revisions"}],"wp:featuredmedia":[{"embeddable":true,"href":"https:\/\/www.europesays.com\/fr\/wp-json\/wp\/v2\/media\/588947"}],"wp:attachment":[{"href":"https:\/\/www.europesays.com\/fr\/wp-json\/wp\/v2\/media?parent=588946"}],"wp:term":[{"taxonomy":"category","embeddable":true,"href":"https:\/\/www.europesays.com\/fr\/wp-json\/wp\/v2\/categories?post=588946"},{"taxonomy":"post_tag","embeddable":true,"href":"https:\/\/www.europesays.com\/fr\/wp-json\/wp\/v2\/tags?post=588946"}],"curies":[{"name":"wp","href":"https:\/\/api.w.org\/{rel}","templated":true}]}}