{"id":588948,"date":"2025-12-09T17:05:13","date_gmt":"2025-12-09T17:05:13","guid":{"rendered":"https:\/\/www.europesays.com\/fr\/588948\/"},"modified":"2025-12-09T17:05:13","modified_gmt":"2025-12-09T17:05:13","slug":"lancien-mafieux-italien-interpelle-a-saint-etienne-est-mort-dans-la-prison-de-lyon-corbas","status":"publish","type":"post","link":"https:\/\/www.europesays.com\/fr\/588948\/","title":{"rendered":"L&rsquo;ancien mafieux italien, interpell\u00e9 \u00e0 Saint-\u00c9tienne, est mort dans la prison de Lyon-Corbas"},"content":{"rendered":"<p>&#13;<br \/>\n\t\t\t\t\t\t\t\t\t\t\t\tPar \u00c9milie Berger, Jean-Hugues Allard&#13;<br \/>\n\t\t\t\t\t\t\t\t\t\t\t\t&#13;<br \/>\n\t\t\t\t\t\t\tPubli\u00e9&#13;<br \/>\n\t\t\t\t\t\t\t\t\t\t\t\t\t\t\taujourd&rsquo;hui \u00e0 17:00&#13;<br \/>\n\t\t\t\t\t\t\t&#13;<br \/>\n\t\t\t\t\t\t\t&#8211; Temps de lecture : &#13;<br \/>\n\t\t\t\t\t\t&#13;\n\t\t\t\t\t<\/p>\n<p>Dimanche 7 d\u00e9cembre 2025, l&rsquo;ancien mafieux italien, Edgardo Greco, est mort dans sa cellule de la maison d&rsquo;arr\u00eat de Lyon-Corbas. Il avait \u00e9t\u00e9 interpell\u00e9 en 2023, \u00e0 Saint-\u00c9tienne, o\u00f9 il s&rsquo;\u00e9tait reconverti en cuisinier dans des restaurants italiens. Son ancien patron, Maurizio Diana, revient sur cette p\u00e9riode o\u00f9 il \u00e9tait \u00ab un salari\u00e9 et un ami\u00a0\u00bb.<\/p>\n","protected":false},"excerpt":{"rendered":"&#13; Par \u00c9milie Berger, Jean-Hugues Allard&#13; &#13; Publi\u00e9&#13; aujourd&rsquo;hui \u00e0 17:00&#13; &#13; &#8211; Temps de lecture : &#13;&hellip;\n","protected":false},"author":2,"featured_media":588949,"comment_status":"","ping_status":"","sticky":false,"template":"","format":"standard","meta":{"footnotes":""},"categories":[9653],"tags":[1111,11,2430,1777,674,1011,27,12,25,4001],"class_list":{"0":"post-588948","1":"post","2":"type-post","3":"status-publish","4":"format-standard","5":"has-post-thumbnail","7":"category-saint-etienne","8":"tag-actu","9":"tag-actualites","10":"tag-auvergne-rhone-alpes","11":"tag-eu","12":"tag-europe","13":"tag-fr","14":"tag-france","15":"tag-news","16":"tag-republique-francaise","17":"tag-saint-etienne"},"share_on_mastodon":{"url":"https:\/\/pubeurope.com\/@fr\/115690702574675738","error":""},"_links":{"self":[{"href":"https:\/\/www.europesays.com\/fr\/wp-json\/wp\/v2\/posts\/588948","targetHints":{"allow":["GET"]}}],"collection":[{"href":"https:\/\/www.europesays.com\/fr\/wp-json\/wp\/v2\/posts"}],"about":[{"href":"https:\/\/www.europesays.com\/fr\/wp-json\/wp\/v2\/types\/post"}],"author":[{"embeddable":true,"href":"https:\/\/www.europesays.com\/fr\/wp-json\/wp\/v2\/users\/2"}],"replies":[{"embeddable":true,"href":"https:\/\/www.europesays.com\/fr\/wp-json\/wp\/v2\/comments?post=588948"}],"version-history":[{"count":0,"href":"https:\/\/www.europesays.com\/fr\/wp-json\/wp\/v2\/posts\/588948\/revisions"}],"wp:featuredmedia":[{"embeddable":true,"href":"https:\/\/www.europesays.com\/fr\/wp-json\/wp\/v2\/media\/588949"}],"wp:attachment":[{"href":"https:\/\/www.europesays.com\/fr\/wp-json\/wp\/v2\/media?parent=588948"}],"wp:term":[{"taxonomy":"category","embeddable":true,"href":"https:\/\/www.europesays.com\/fr\/wp-json\/wp\/v2\/categories?post=588948"},{"taxonomy":"post_tag","embeddable":true,"href":"https:\/\/www.europesays.com\/fr\/wp-json\/wp\/v2\/tags?post=588948"}],"curies":[{"name":"wp","href":"https:\/\/api.w.org\/{rel}","templated":true}]}}