{"id":588952,"date":"2025-12-09T17:07:21","date_gmt":"2025-12-09T17:07:21","guid":{"rendered":"https:\/\/www.europesays.com\/fr\/588952\/"},"modified":"2025-12-09T17:07:21","modified_gmt":"2025-12-09T17:07:21","slug":"ils-bousculent-la-foule-pour-etre-au-plus-pres-du-defile-de-saint-nicolas-et-finissent-en-garde-a-vue","status":"publish","type":"post","link":"https:\/\/www.europesays.com\/fr\/588952\/","title":{"rendered":"ils bousculent la foule pour \u00eatre au plus pr\u00e8s du d\u00e9fil\u00e9 de Saint-Nicolas et finissent en garde \u00e0 vue"},"content":{"rendered":"<p>                    Par<br \/>\n        <strong><br \/>\n            <a href=\"https:\/\/actu.fr\/auteur\/pierre-emile-bouchy-actu-fr\" title=\"Consulter tous les articles de Paul-Emile Bouchy\" target=\"_blank\" rel=\"noopener\">Paul-Emile Bouchy<\/a><br \/>\n                    <\/strong><\/p>\n<p>        Publi\u00e9 le<\/p>\n<p>            9 d\u00e9c. 2025 \u00e0 17h59        <\/p>\n<p>Samedi 6\u00a0d\u00e9cembre, des milliers de spectateurs se sont mass\u00e9s dans le centre-ville de <a href=\"https:\/\/actu.fr\/grand-est\/nancy_54395\" target=\"_blank\" rel=\"noopener\">Nancy<\/a> pour voir et admirer<a href=\"https:\/\/actu.fr\/grand-est\/nancy_54395\/video-fetes-de-saint-nicolas-a-nancy-revivez-le-defile-de-l-edition-2025_63541741.html\" target=\"_blank\" rel=\"noopener\"> le traditionnel d\u00e9fil\u00e9 de Saint-Nicolas<\/a>. Pour certains, la f\u00eate s\u2019est arr\u00eat\u00e9e plus t\u00f4t que pr\u00e9vu.<\/p>\n<p class=\" wall-content\">Vers 18h30, <strong>une \u00e9chauffour\u00e9e a \u00e9clat\u00e9 au niveau de la porte H\u00e9r\u00e9<\/strong>, d\u2019apr\u00e8s une information de\u00a0<a href=\"https:\/\/www.estrepublicain.fr\/culture-loisirs\/2025\/12\/07\/une-rixe-des-enfants-perdus-et-quelques-malaises-lors-du-defile-de-la-saint-nicolas\" target=\"_blank\" rel=\"noopener\">L\u2019Est R\u00e9publicain<\/a>\u00a0confirm\u00e9e par\u00a0Lorraine Actu.\u00a0<strong>Deux hommes ont \u00e9t\u00e9 interpell\u00e9s<\/strong> par la <a href=\"https:\/\/actu.fr\/tag\/police\" target=\"_blank\" rel=\"noopener\">police<\/a>.<\/p>\n<p>Une bousculade pour obtenir de meilleures places<\/p>\n<p class=\" wall-content\">Selon la police, les deux individus sont fr\u00e8res. Accompagn\u00e9s de leur famille, <strong>ils ont bouscul\u00e9 la foule pour se frayer un chemin<\/strong> et s\u2019approcher des barri\u00e8res plac\u00e9es le long du parcours. C\u2019est alors qu\u2019<strong>une altercation<\/strong> a eu lieu avec d\u2019autres spectateurs.<\/p>\n<p class=\" wall-content\">Plac\u00e9s en garde \u00e0 vue, <strong>les deux hommes ont \u00e9t\u00e9 rel\u00e2ch\u00e9s dimanche matin<\/strong> et ont re\u00e7u une comparution devant un officier de police judiciaire.<\/p>\n<p class=\" wall-content\">Personnalisez votre actualit\u00e9 en ajoutant vos villes et m\u00e9dias en favori avec <a href=\"https:\/\/moncompte.actu.fr\" title=\"D\u00e9couvez Mon Actu\" rel=\"nofollow noopener\" data-trk=\"{&quot;cta&quot;:{&quot;action&quot;:&quot;https:\\\/\\\/moncompte.actu.fr&quot;,&quot;category&quot;:&quot;mon compte&quot;,&quot;from&quot;:&quot;article footer&quot;,&quot;name&quot;:&quot;Mon actu&quot;,&quot;type&quot;:&quot;cta&quot;}}\" target=\"_blank\">Mon Actu<\/a>.<\/p>\n","protected":false},"excerpt":{"rendered":"Par Paul-Emile Bouchy Publi\u00e9 le 9 d\u00e9c. 2025 \u00e0 17h59 Samedi 6\u00a0d\u00e9cembre, des milliers de spectateurs se sont&hellip;\n","protected":false},"author":2,"featured_media":588953,"comment_status":"","ping_status":"","sticky":false,"template":"","format":"standard","meta":{"footnotes":""},"categories":[9635],"tags":[1111,11,1777,674,118,1011,27,775,1702,12,1072,25,14334],"class_list":{"0":"post-588952","1":"post","2":"type-post","3":"status-publish","4":"format-standard","5":"has-post-thumbnail","7":"category-nancy","8":"tag-actu","9":"tag-actualites","10":"tag-eu","11":"tag-europe","12":"tag-faits-divers","13":"tag-fr","14":"tag-france","15":"tag-grand-est","16":"tag-nancy","17":"tag-news","18":"tag-police","19":"tag-republique-francaise","20":"tag-saint-nicolas"},"share_on_mastodon":{"url":"https:\/\/pubeurope.com\/@fr\/115690710219078180","error":""},"_links":{"self":[{"href":"https:\/\/www.europesays.com\/fr\/wp-json\/wp\/v2\/posts\/588952","targetHints":{"allow":["GET"]}}],"collection":[{"href":"https:\/\/www.europesays.com\/fr\/wp-json\/wp\/v2\/posts"}],"about":[{"href":"https:\/\/www.europesays.com\/fr\/wp-json\/wp\/v2\/types\/post"}],"author":[{"embeddable":true,"href":"https:\/\/www.europesays.com\/fr\/wp-json\/wp\/v2\/users\/2"}],"replies":[{"embeddable":true,"href":"https:\/\/www.europesays.com\/fr\/wp-json\/wp\/v2\/comments?post=588952"}],"version-history":[{"count":0,"href":"https:\/\/www.europesays.com\/fr\/wp-json\/wp\/v2\/posts\/588952\/revisions"}],"wp:featuredmedia":[{"embeddable":true,"href":"https:\/\/www.europesays.com\/fr\/wp-json\/wp\/v2\/media\/588953"}],"wp:attachment":[{"href":"https:\/\/www.europesays.com\/fr\/wp-json\/wp\/v2\/media?parent=588952"}],"wp:term":[{"taxonomy":"category","embeddable":true,"href":"https:\/\/www.europesays.com\/fr\/wp-json\/wp\/v2\/categories?post=588952"},{"taxonomy":"post_tag","embeddable":true,"href":"https:\/\/www.europesays.com\/fr\/wp-json\/wp\/v2\/tags?post=588952"}],"curies":[{"name":"wp","href":"https:\/\/api.w.org\/{rel}","templated":true}]}}