{"id":588960,"date":"2025-12-09T17:12:18","date_gmt":"2025-12-09T17:12:18","guid":{"rendered":"https:\/\/www.europesays.com\/fr\/588960\/"},"modified":"2025-12-09T17:12:18","modified_gmt":"2025-12-09T17:12:18","slug":"olivier-martinelli-en-dedicace-a-la-fnac-montpellier","status":"publish","type":"post","link":"https:\/\/www.europesays.com\/fr\/588960\/","title":{"rendered":"Olivier Martinelli en d\u00e9dicace \u00e0 la Fnac Montpellier"},"content":{"rendered":"<p>La Fnac Montpellier est heureuse de recevoir l\u2019auteur S\u00e9tois pour une s\u00e9ance de d\u00e9dicace de son livre \u00ab\u00a0Caracas\u00a0\u00bb (octobre 2025, Kubik \u00e9ditions).<\/p>\n<p>La Fnac Montpellier vous donne rendez-vous en magasin pour participer \u00e0 la s\u00e9ance de d\u00e9dicace et \u00e9changer avec l\u2019auteur.<\/p>\n<p><strong>L\u2019auteur Olivier Martinelli\u00a0<\/strong><\/p>\n<p>N\u00e9 en 1967 et install\u00e9 \u00e0 S\u00e8te, Olivier Martinelli est l\u2019auteur de plusieurs romans et nouvelles salu\u00e9s par la critique. Il est le laur\u00e9at du Prix des Lecteurs de Deauville en 2012 pour\u00a0La nuit ne dure pas, du Prix de la ZEC en 2016 pour\u00a0L\u2019ombre des ann\u00e9es sereines\u00a0et du Prix Livre au C\u0153ur en 2020 pour\u00a0Mes nuits apaches. Apr\u00e8s avoir explor\u00e9 le roman noir avec des titres tels que Quelqu\u2019un \u00e0 tuer (La Manufacture de Livres), L\u2019Homme de miel et La vie d\u00e9vor\u00e9e (Kubik \u00c9ditions), finaliste de plusieurs prix en 2024, Olivier Martinelli s\u2019aventure dans la fantasy avec la duologie Le Livre des Purs (\u00c9ditions Leha). Il poursuit l\u2019exploration de cet univers avec Le Livre des cendres.<\/p>\n<p><a href=\"https:\/\/www.fnac.com\/a21784911\/Olivier-Martinelli-Caracas\" target=\"_blank\" rel=\"noopener\"><img decoding=\"async\" class=\"floatl\" style=\"width: 145px; height: 210px; padding-right: 10px;\" src=\"https:\/\/www.europesays.com\/fr\/wp-content\/uploads\/2025\/12\/2534611.jpg\" alt=\"Caracas-Olivier-Martinelli\"\/><\/a>Kidnapp\u00e9. Transport\u00e9 dans un coffre de voiture. L\u00e2ch\u00e9 dans la jungle du Venezuela. Nu et sans arme. La traque commence. Une chasse \u00e0 l\u2019homme impitoyable jusqu\u2019\u00e0 Caracas. Une ville secou\u00e9e par les \u00e9meutes antigouvernementales. Le jeune Fran\u00e7ais doit se battre. Retrouver cette fille. Fuir avec elle. Courir sans se retourner\u2026 <\/p>\n<p>Une romance noire comme vous n\u2019en avez jamais lue !<\/p>\n<p class=\"f-expertCard__title\"><strong>Une aventure palpipante, noire et sensuelle !<br \/><\/strong>\u00ab Ecrit au scalpel, ce texte est une chasse impitoyable, une romance noire, une d\u00e9claration d\u2019amour sauvage \u00e0 un pays incandescent. Un r\u00e9cit intense, haletant o\u00f9 la tension se m\u00eale \u00e0 de d\u00e9licats instants de douceur. \u00bb\u00a0 \u2013 Dominique, libraire Fnac<\/p>\n<p style=\"text-align: center;\">*\u00c9v\u00e9nement gratuit et en acc\u00e8s libre, dans la limite des places disponibles<\/p>\n<p>        <img decoding=\"async\" src=\"https:\/\/www.europesays.com\/fr\/wp-content\/uploads\/2025\/04\/logo-rse.png\" alt=\"Logo RSE\" loading=\"lazy\" width=\"84\" height=\"116\"\/><\/p>\n<p>\n        La Fnac s\u2019engage activement dans les initiatives de responsabilit\u00e9 soci\u00e9tale des entreprises (RSE).\n    <\/p>\n<p>\n        Aidez-nous en choisissant la mobilit\u00e9 douce en privil\u00e9giant par exemple le v\u00e9lo (pistes cyclables et stationnements \u00e0 disposition), les transports en commun ou le covoiturage pour nous rejoindre. Ainsi, vous contribuez \u00e0 r\u00e9duire les \u00e9missions de gaz \u00e0 effet de serre et \u00e0 am\u00e9liorer notre qualit\u00e9 de l\u2019air. Pour plus d\u2019information, consultez la fiche du magasin.<br \/>Tous nos \u00e9v\u00e8nements sont en acc\u00e8s gratuit, dans la limite des places disponibles.\n    <\/p>\n","protected":false},"excerpt":{"rendered":"La Fnac Montpellier est heureuse de recevoir l\u2019auteur S\u00e9tois pour une s\u00e9ance de d\u00e9dicace de son livre \u00ab\u00a0Caracas\u00a0\u00bb&hellip;\n","protected":false},"author":2,"featured_media":588961,"comment_status":"","ping_status":"","sticky":false,"template":"","format":"standard","meta":{"footnotes":""},"categories":[9599],"tags":[1111,11,65945,1777,674,9391,1011,27,70232,2208,12,2680,70233,4747,25,337],"class_list":{"0":"post-588960","1":"post","2":"type-post","3":"status-publish","4":"format-standard","5":"has-post-thumbnail","7":"category-montpellier","8":"tag-actu","9":"tag-actualites","10":"tag-caracas","11":"tag-eu","12":"tag-europe","13":"tag-evenement-fnac-gratuit","14":"tag-fr","15":"tag-france","16":"tag-kubik-editions","17":"tag-montpellier","18":"tag-news","19":"tag-occitanie","20":"tag-olivier-martinelli","21":"tag-polar","22":"tag-republique-francaise","23":"tag-venezuela"},"share_on_mastodon":{"url":"https:\/\/pubeurope.com\/@fr\/115690730712434104","error":""},"_links":{"self":[{"href":"https:\/\/www.europesays.com\/fr\/wp-json\/wp\/v2\/posts\/588960","targetHints":{"allow":["GET"]}}],"collection":[{"href":"https:\/\/www.europesays.com\/fr\/wp-json\/wp\/v2\/posts"}],"about":[{"href":"https:\/\/www.europesays.com\/fr\/wp-json\/wp\/v2\/types\/post"}],"author":[{"embeddable":true,"href":"https:\/\/www.europesays.com\/fr\/wp-json\/wp\/v2\/users\/2"}],"replies":[{"embeddable":true,"href":"https:\/\/www.europesays.com\/fr\/wp-json\/wp\/v2\/comments?post=588960"}],"version-history":[{"count":0,"href":"https:\/\/www.europesays.com\/fr\/wp-json\/wp\/v2\/posts\/588960\/revisions"}],"wp:featuredmedia":[{"embeddable":true,"href":"https:\/\/www.europesays.com\/fr\/wp-json\/wp\/v2\/media\/588961"}],"wp:attachment":[{"href":"https:\/\/www.europesays.com\/fr\/wp-json\/wp\/v2\/media?parent=588960"}],"wp:term":[{"taxonomy":"category","embeddable":true,"href":"https:\/\/www.europesays.com\/fr\/wp-json\/wp\/v2\/categories?post=588960"},{"taxonomy":"post_tag","embeddable":true,"href":"https:\/\/www.europesays.com\/fr\/wp-json\/wp\/v2\/tags?post=588960"}],"curies":[{"name":"wp","href":"https:\/\/api.w.org\/{rel}","templated":true}]}}