{"id":588962,"date":"2025-12-09T17:13:12","date_gmt":"2025-12-09T17:13:12","guid":{"rendered":"https:\/\/www.europesays.com\/fr\/588962\/"},"modified":"2025-12-09T17:13:12","modified_gmt":"2025-12-09T17:13:12","slug":"pres-de-rouen-cette-grande-enseigne-simplante-pour-la-premiere-fois-en-normandie","status":"publish","type":"post","link":"https:\/\/www.europesays.com\/fr\/588962\/","title":{"rendered":"Pr\u00e8s de Rouen, cette grande enseigne s\u2019implante pour la premi\u00e8re fois en Normandie"},"content":{"rendered":"<p>                    Par<br \/>\n        <strong><br \/>\n            <a href=\"https:\/\/actu.fr\/auteur\/emilien-jacques\" title=\"Consulter tous les articles de Emilien Jacques\" target=\"_blank\" rel=\"noopener\">Emilien Jacques<\/a><br \/>\n                    <\/strong><\/p>\n<p>        Publi\u00e9 le<\/p>\n<p>            9 d\u00e9c. 2025 \u00e0 18h03        <\/p>\n<p>Le mercredi 19\u00a0novembre 2025, une grande <b>enseigne <\/b>europ\u00e9enne de <b>literie<\/b>, d\u00e9j\u00e0 pr\u00e9sente dans une dizaine de villes fran\u00e7aises, a d\u00e9cid\u00e9 de s\u2019attaquer \u00e0 la <b>r\u00e9gion normande<\/b>, en ouvrant un magasin sur la zone commerciale de <a href=\"https:\/\/actu.fr\/normandie\/tourville-la-riviere_76705\" target=\"_blank\" rel=\"noopener\">Tourville-la-Rivi\u00e8re (Seine-Maritime)<\/a>.<\/p>\n<p>Une premi\u00e8re en Normandie<\/p>\n<p class=\" wall-content\">C\u2019est une <b>marque de literie<\/b> qui a d\u2019abord \u00e9t\u00e9 connue en ligne, puis s\u2019est implant\u00e9e progressivement en France. Pr\u00e9sente en \u00cele-de-France, \u00e0 Marseille, Lille ou encore Nantes, l\u2019enseigne <b>Emma Store<\/b> a ouvert \u00e0 la fin du mois de novembre un quatorzi\u00e8me magasin sur la <b>zone commerciale<\/b> de Tourville-la-Rivi\u00e8re.<\/p>\n<p class=\" wall-content\">Il prend la place d\u2019Ubaldi Literie, entre la cha\u00eene de fast-food Burger King et le magasin Animalis.<\/p>\n<p>\u00ab\u2009D\u00e9couvrir et tester\u2009\u00bb<\/p>\n<p class=\" wall-content\">Cr\u00e9\u00e9e en Allemagne en 2015, la marque Emma propose de nombreux produits de literie <b>haut de gamme<\/b>. Lits, matelas ou autres oreillers sont \u00e0 d\u00e9couvrir dans ce nouveau magasin de 250\u00a0m\u00e8tres carr\u00e9s, o\u00f9 il est possible, selon la marque de \u00ab\u2009d\u00e9couvrir et tester les produits embl\u00e9matiques, tout en b\u00e9n\u00e9ficiant de <b>conseils personnalis\u00e9s<\/b>.\u2009\u00bb<\/p>\n<p class=\" wall-content\">La direction d\u2019Emma affirme par ailleurs vouloir proposer \u00ab\u2009une exp\u00e9rience client premium, accessible et <b>immersive\u2009<\/b>\u00bb dans ses diff\u00e9rents magasins.<\/p>\n<p class=\" wall-content\">Cr\u00e9dit photo\u2009: Emma Store<\/p>\n<p class=\" wall-content\">Personnalisez votre actualit\u00e9 en ajoutant vos villes et m\u00e9dias en favori avec <a href=\"https:\/\/moncompte.actu.fr\" title=\"D\u00e9couvez Mon Actu\" rel=\"nofollow noopener\" data-trk=\"{&quot;cta&quot;:{&quot;action&quot;:&quot;https:\\\/\\\/moncompte.actu.fr&quot;,&quot;category&quot;:&quot;mon compte&quot;,&quot;from&quot;:&quot;article footer&quot;,&quot;name&quot;:&quot;Mon actu&quot;,&quot;type&quot;:&quot;cta&quot;}}\" target=\"_blank\">Mon Actu<\/a>.<\/p>\n","protected":false},"excerpt":{"rendered":"Par Emilien Jacques Publi\u00e9 le 9 d\u00e9c. 2025 \u00e0 18h03 Le mercredi 19\u00a0novembre 2025, une grande enseigne europ\u00e9enne&hellip;\n","protected":false},"author":2,"featured_media":588963,"comment_status":"","ping_status":"","sticky":false,"template":"","format":"standard","meta":{"footnotes":""},"categories":[9587],"tags":[1111,11,215,1777,674,1011,27,12,5161,3147,25,9590,104],"class_list":{"0":"post-588962","1":"post","2":"type-post","3":"status-publish","4":"format-standard","5":"has-post-thumbnail","7":"category-rouen","8":"tag-actu","9":"tag-actualites","10":"tag-commerce","11":"tag-eu","12":"tag-europe","13":"tag-fr","14":"tag-france","15":"tag-news","16":"tag-normandie","17":"tag-nouveaux-commerces","18":"tag-republique-francaise","19":"tag-rouen","20":"tag-societe"},"share_on_mastodon":{"url":"https:\/\/pubeurope.com\/@fr\/115690733890657569","error":""},"_links":{"self":[{"href":"https:\/\/www.europesays.com\/fr\/wp-json\/wp\/v2\/posts\/588962","targetHints":{"allow":["GET"]}}],"collection":[{"href":"https:\/\/www.europesays.com\/fr\/wp-json\/wp\/v2\/posts"}],"about":[{"href":"https:\/\/www.europesays.com\/fr\/wp-json\/wp\/v2\/types\/post"}],"author":[{"embeddable":true,"href":"https:\/\/www.europesays.com\/fr\/wp-json\/wp\/v2\/users\/2"}],"replies":[{"embeddable":true,"href":"https:\/\/www.europesays.com\/fr\/wp-json\/wp\/v2\/comments?post=588962"}],"version-history":[{"count":0,"href":"https:\/\/www.europesays.com\/fr\/wp-json\/wp\/v2\/posts\/588962\/revisions"}],"wp:featuredmedia":[{"embeddable":true,"href":"https:\/\/www.europesays.com\/fr\/wp-json\/wp\/v2\/media\/588963"}],"wp:attachment":[{"href":"https:\/\/www.europesays.com\/fr\/wp-json\/wp\/v2\/media?parent=588962"}],"wp:term":[{"taxonomy":"category","embeddable":true,"href":"https:\/\/www.europesays.com\/fr\/wp-json\/wp\/v2\/categories?post=588962"},{"taxonomy":"post_tag","embeddable":true,"href":"https:\/\/www.europesays.com\/fr\/wp-json\/wp\/v2\/tags?post=588962"}],"curies":[{"name":"wp","href":"https:\/\/api.w.org\/{rel}","templated":true}]}}