{"id":588984,"date":"2025-12-09T17:25:13","date_gmt":"2025-12-09T17:25:13","guid":{"rendered":"https:\/\/www.europesays.com\/fr\/588984\/"},"modified":"2025-12-09T17:25:13","modified_gmt":"2025-12-09T17:25:13","slug":"ce-restaurant-pres-de-nantes-vient-detre-elu-parmi-les-30-meilleurs-du-monde","status":"publish","type":"post","link":"https:\/\/www.europesays.com\/fr\/588984\/","title":{"rendered":"Ce restaurant pr\u00e8s de Nantes vient d&rsquo;\u00eatre \u00e9lu parmi les 30 meilleurs du monde"},"content":{"rendered":"<p>Install\u00e9e sur <a href=\"https:\/\/www.lebonbon.fr\/nantes\/les-tops-spots\/top-7-plages-a-tester-pres-nantes-cet-ete\/\" target=\"_blank\" rel=\"noopener\">l\u2019\u00eele de Noirmoutier<\/a>, <strong>La Marine d\u00e9croche l\u2019extraordinaire 32\u1d49 place mondiale et une note rare de 98,5\/100.<\/strong> Autrement dit, <strong>l\u2019une des 30 meilleures tables du globe se trouve \u00e0 environ 1h30 de Nantes. <\/strong>De quoi rendre fiers les amoureux de bonne cuisine et donner quelques id\u00e9es de prochaine escapade gourmande.<\/p>\n<p>La Marine\u00a0: quand la mer devient po\u00e9sie culinaire<\/p>\n<p>Dirig\u00e9e par le chef Alexandre Couillon, doublement \u00e9toil\u00e9, La Marine s\u2019est impos\u00e9e au fil des ann\u00e9es comme une signature gastronomique unique. Ici, la cuisine ne cherche pas \u00e0 impressionner, elle cherche \u00e0 r\u00e9v\u00e9ler un terroir, des go\u00fbts purs, des embruns, une saison, un souffle du large.<br \/>Les produits locaux dictent le tempo\u00a0: poisson fra\u00eechement d\u00e9barqu\u00e9 du port de L\u2019Herbaudi\u00e8re, algues de l\u2019\u00eele, l\u00e9gumes du potager, coquillages cueillis \u00e0 quelques m\u00e8tres du restaurant\u2026 Chaque assiette raconte la rencontre sublime entre technique millim\u00e9tr\u00e9e et \u00e9motion brute.<\/p>\n<blockquote class=\"instagram-media\" data-instgrm-permalink=\"https:\/\/www.instagram.com\/p\/DRc0AEvCP07\/?utm_source=ig_embed&amp;utm_campaign=loading\" data-instgrm-version=\"14\" style=\"background: #FFF; border: 0; border-radius: 3px; box-shadow: 0 0 1px 0 rgba(0,0,0,0.5),0 1px 10px 0 rgba(0,0,0,0.15); margin: 1px; max-width: 540px; min-width: 326px; padding: 0; width: calc(100% - 2px);\">\n<\/blockquote>\n<p>Une reconnaissance mondiale<\/p>\n<p>La Liste, c\u2019est un peu le \u201cBest-of\u201d ultime de la gastronomie. Elle agr\u00e8ge\u00a0: des avis clients, des critiques gastronomiques, des classements internationaux, les \u00e9valuations de guides r\u00e9put\u00e9s. Le tout avec un algorithme redoutable. Autant dire que se hisser dans le top 30, c\u2019est un exploit r\u00e9serv\u00e9 \u00e0 l\u2019\u00e9lite absolue.<\/p>\n<p>Et si votre prochain voyage commen\u00e7ait dans l\u2019assiette\u00a0? Pas besoin de prendre l\u2019avion pour go\u00fbter au meilleur du monde, il suffit de traverser un bout d\u2019oc\u00e9an\u2026 ou du moins le passage du Gois.<\/p>\n<p>La Marine<\/p>\n<li class=\"address info\">3, rue Marie Lemonnier Noirmoutier-en-l&rsquo;\u00cele<\/li>\n<li class=\"opening-hours\">Lundi &#8211; dimanche : 12:15 &#8211; 13:15, 19:15 &#8211; 20:15<\/li>\n<li class=\"opening-hours close\">Mardi &#8211; mercredi : Ferm\u00e9<\/li>\n<p><script async src=\"\/\/www.instagram.com\/embed.js\"><\/script><\/p>\n","protected":false},"excerpt":{"rendered":"Install\u00e9e sur l\u2019\u00eele de Noirmoutier, La Marine d\u00e9croche l\u2019extraordinaire 32\u1d49 place mondiale et une note rare de 98,5\/100.&hellip;\n","protected":false},"author":2,"featured_media":588985,"comment_status":"","ping_status":"","sticky":false,"template":"","format":"standard","meta":{"footnotes":""},"categories":[2818],"tags":[1111,11,1777,674,1011,27,766,12,2636,25],"class_list":{"0":"post-588984","1":"post","2":"type-post","3":"status-publish","4":"format-standard","5":"has-post-thumbnail","7":"category-nantes","8":"tag-actu","9":"tag-actualites","10":"tag-eu","11":"tag-europe","12":"tag-fr","13":"tag-france","14":"tag-nantes","15":"tag-news","16":"tag-pays-de-la-loire","17":"tag-republique-francaise"},"share_on_mastodon":{"url":"https:\/\/pubeurope.com\/@fr\/115690781124786476","error":""},"_links":{"self":[{"href":"https:\/\/www.europesays.com\/fr\/wp-json\/wp\/v2\/posts\/588984","targetHints":{"allow":["GET"]}}],"collection":[{"href":"https:\/\/www.europesays.com\/fr\/wp-json\/wp\/v2\/posts"}],"about":[{"href":"https:\/\/www.europesays.com\/fr\/wp-json\/wp\/v2\/types\/post"}],"author":[{"embeddable":true,"href":"https:\/\/www.europesays.com\/fr\/wp-json\/wp\/v2\/users\/2"}],"replies":[{"embeddable":true,"href":"https:\/\/www.europesays.com\/fr\/wp-json\/wp\/v2\/comments?post=588984"}],"version-history":[{"count":0,"href":"https:\/\/www.europesays.com\/fr\/wp-json\/wp\/v2\/posts\/588984\/revisions"}],"wp:featuredmedia":[{"embeddable":true,"href":"https:\/\/www.europesays.com\/fr\/wp-json\/wp\/v2\/media\/588985"}],"wp:attachment":[{"href":"https:\/\/www.europesays.com\/fr\/wp-json\/wp\/v2\/media?parent=588984"}],"wp:term":[{"taxonomy":"category","embeddable":true,"href":"https:\/\/www.europesays.com\/fr\/wp-json\/wp\/v2\/categories?post=588984"},{"taxonomy":"post_tag","embeddable":true,"href":"https:\/\/www.europesays.com\/fr\/wp-json\/wp\/v2\/tags?post=588984"}],"curies":[{"name":"wp","href":"https:\/\/api.w.org\/{rel}","templated":true}]}}