{"id":588990,"date":"2025-12-09T17:33:21","date_gmt":"2025-12-09T17:33:21","guid":{"rendered":"https:\/\/www.europesays.com\/fr\/588990\/"},"modified":"2025-12-09T17:33:21","modified_gmt":"2025-12-09T17:33:21","slug":"la-ligne-b-du-metro-a-ete-arretee-a-cause-dune-bagarre-dans-une-rame","status":"publish","type":"post","link":"https:\/\/www.europesays.com\/fr\/588990\/","title":{"rendered":"la ligne B du m\u00e9tro a \u00e9t\u00e9 arr\u00eat\u00e9e \u00e0 cause\u2026 d&rsquo;une \u00ab\u00a0bagarre dans une rame\u00a0\u00bb"},"content":{"rendered":"<p>                    Par<br \/>\n        <strong><br \/>\n            <a href=\"https:\/\/actu.fr\/auteur\/guillaume-laurens\" title=\"Consulter tous les articles de Guillaume Laurens\" target=\"_blank\" rel=\"noopener\">Guillaume Laurens<\/a><br \/>\n                    <\/strong><\/p>\n<p>        Publi\u00e9 le<\/p>\n<p>            9 d\u00e9c. 2025 \u00e0 17h47<br \/>\n        ; mis \u00e0 jour le 9 d\u00e9c. 2025 \u00e0 18h12    <\/p>\n<p><strong>MISE \u00c0 JOUR 18H05 \u2013 Le trafic a repris sur la ligne B<\/strong><br \/>Le trafic a repris plus vite que pr\u00e9vu apr\u00e8s la bagarre sur la ligne B, mais il est toujours partiellement \u00e0 l\u2019arr\u00eat sur la ligne A.<\/p>\n<p class=\" wall-content\">Peu apr\u00e8s 17 heures, ce mardi 9 d\u00e9cembre 2025, le trafic a \u00e9t\u00e9 <strong>totalement arr\u00eat\u00e9 <\/strong>sur la <strong>ligne B <\/strong>du <a href=\"https:\/\/actu.fr\/tag\/metro-de-toulouse\" target=\"_blank\" rel=\"noopener\"><strong>m\u00e9tro<\/strong> de <strong>Toulouse<\/strong>,<\/a> pour une raison\u2026 assez inhabituelle, alors que la <strong>ligne A<\/strong> a dans le m\u00eame temps \u00e9t\u00e9 partiellement interrompue en raison d\u2019une <strong>panne<\/strong>. Le point.<\/p>\n<p>\u00ab\u00a0Une bagarre dans une rame\u00a0\u00bb entra\u00eene l\u2019arr\u00eat du m\u00e9tro<\/p>\n<p class=\" wall-content\">\u00ab\u00a0Le m\u00e9tro est interrompu dans sa totalit\u00e9 en raison d\u2019une <strong>bagarre dans une rame<\/strong> situ\u00e9e \u00e0 Saint-Agne \u2013 SNCF\u00a0\u00bb, a ainsi annonc\u00e9 Tiss\u00e9o \u00e0 ses voyageurs. Vers 17h40, l\u2019autorit\u00e9 des transports en commun dans l\u2019agglo estimait l\u2019heure de reprise \u00e0 18h55.<\/p>\n<p class=\" wall-content\">Tiss\u00e9o appelait aussi ses usagers \u00e0 <a href=\"https:\/\/www.tisseo.fr\/plan-interactif?zoom=3%C2%A2er=161504.71377086%2C5404019.0127037&amp;routeexp=true&amp;routeda=Tue%20Jan%2019%202016%2014%3A30%3A00%20GMT%2B0100\" target=\"_blank\" rel=\"noopener\">suivre son plan interactif<\/a> pour trouver une solution alternative.<\/p>\n<p>    <img   decoding=\"async\" loading=\"lazy\" src=\"https:\/\/www.europesays.com\/fr\/wp-content\/uploads\/2025\/12\/panne-metro-toulouse-960x640.jpg\" alt=\"C'est suffisamment exceptionnel pour que Tiss\u00e9o en informe directement ses usagers : le m\u00e9tro est \u00e0 l'arr\u00eat \u00e0 cause\u2026 d'une bagarre\" width=\"960\" height=\"640\"\/><br \/>\n    C\u2019est suffisamment exceptionnel pour que Tiss\u00e9o en informe directement ses usagers : le m\u00e9tro est \u00e0 l\u2019arr\u00eat \u00e0 cause\u2026 d\u2019une bagarre (\u00a9Capture d\u2019\u00e9cran Tiss\u00e9o)Vid\u00e9os : en ce moment sur ActuLa ligne A partiellement \u00e0 l\u2019arr\u00eat aussi<\/p>\n<p class=\" wall-content\">Parall\u00e8lement, au m\u00eame moment, Tiss\u00e9o a annonc\u00e9 un <strong>arr\u00eat partiel de la ligne A,<\/strong> entre les stations <strong>Basso-Cambo<\/strong> et <strong>Ar\u00e8nes<\/strong>, en raison, cette fois, d\u2019un<strong> \u00ab\u00a0probl\u00e8me technique<\/strong> sur une rame situ\u00e9e \u00e0 la <strong>station Reynerie\u00a0\u00bb.<\/strong> L\u00e0, ce sont sept stations qui n\u2019\u00e9taient pas desservies :<\/p>\n<ul class=\" wall-content\">\n<li>Basso-Cambo<\/li>\n<li>Bellefontaine<\/li>\n<li>Reynerie<\/li>\n<li>Mirail-Universit\u00e9<\/li>\n<li>Bagatelle<\/li>\n<li>Mermoz<\/li>\n<li>Fontaine-Lestang<\/li>\n<\/ul>\n<p>Votre r\u00e9gion, votre actu !<\/p>\n<p>Recevez chaque jour les infos qui comptent pour vous.<\/p>\n<p>\t<a href=\"https:\/\/actu.fr\/newsletter\" class=\"ac-btn ac-btn--corner ac-btn--medium ac-btn--blue800\" target=\"_blank\" rel=\"noopener\">S&rsquo;incrire<\/a><\/p>\n<p class=\" wall-content\">Toujours selon Tiss\u00e9o, la ligne A <strong>fonctionnait normalement <\/strong>entre Les Ar\u00e8nes et Balma-Gramont. Pas de reprise envisag\u00e9e avant 18h30, Tiss\u00e9o s\u2019\u00e9tant engag\u00e9 \u00e0 donner \u00ab\u00a0plus d\u2019infos\u00a0\u00bb \u00e0 ses usagers \u00e0 ce moment-l\u00e0.<\/p>\n<p class=\" wall-content\">Personnalisez votre actualit\u00e9 en ajoutant vos villes et m\u00e9dias en favori avec <a href=\"https:\/\/moncompte.actu.fr\" title=\"D\u00e9couvez Mon Actu\" rel=\"nofollow noopener\" data-trk=\"{&quot;cta&quot;:{&quot;action&quot;:&quot;https:\\\/\\\/moncompte.actu.fr&quot;,&quot;category&quot;:&quot;mon compte&quot;,&quot;from&quot;:&quot;article footer&quot;,&quot;name&quot;:&quot;Mon actu&quot;,&quot;type&quot;:&quot;cta&quot;}}\" target=\"_blank\">Mon Actu<\/a>.<\/p>\n","protected":false},"excerpt":{"rendered":"Par Guillaume Laurens Publi\u00e9 le 9 d\u00e9c. 2025 \u00e0 17h47 ; mis \u00e0 jour le 9 d\u00e9c. 2025&hellip;\n","protected":false},"author":2,"featured_media":588991,"comment_status":"","ping_status":"","sticky":false,"template":"","format":"standard","meta":{"footnotes":""},"categories":[2816],"tags":[1111,11,1777,674,1011,27,10596,12,2680,25,104,2312,2803],"class_list":{"0":"post-588990","1":"post","2":"type-post","3":"status-publish","4":"format-standard","5":"has-post-thumbnail","7":"category-toulouse","8":"tag-actu","9":"tag-actualites","10":"tag-eu","11":"tag-europe","12":"tag-fr","13":"tag-france","14":"tag-metro-de-toulouse","15":"tag-news","16":"tag-occitanie","17":"tag-republique-francaise","18":"tag-societe","19":"tag-toulouse","20":"tag-transport"},"share_on_mastodon":{"url":"https:\/\/pubeurope.com\/@fr\/115690813295720632","error":""},"_links":{"self":[{"href":"https:\/\/www.europesays.com\/fr\/wp-json\/wp\/v2\/posts\/588990","targetHints":{"allow":["GET"]}}],"collection":[{"href":"https:\/\/www.europesays.com\/fr\/wp-json\/wp\/v2\/posts"}],"about":[{"href":"https:\/\/www.europesays.com\/fr\/wp-json\/wp\/v2\/types\/post"}],"author":[{"embeddable":true,"href":"https:\/\/www.europesays.com\/fr\/wp-json\/wp\/v2\/users\/2"}],"replies":[{"embeddable":true,"href":"https:\/\/www.europesays.com\/fr\/wp-json\/wp\/v2\/comments?post=588990"}],"version-history":[{"count":0,"href":"https:\/\/www.europesays.com\/fr\/wp-json\/wp\/v2\/posts\/588990\/revisions"}],"wp:featuredmedia":[{"embeddable":true,"href":"https:\/\/www.europesays.com\/fr\/wp-json\/wp\/v2\/media\/588991"}],"wp:attachment":[{"href":"https:\/\/www.europesays.com\/fr\/wp-json\/wp\/v2\/media?parent=588990"}],"wp:term":[{"taxonomy":"category","embeddable":true,"href":"https:\/\/www.europesays.com\/fr\/wp-json\/wp\/v2\/categories?post=588990"},{"taxonomy":"post_tag","embeddable":true,"href":"https:\/\/www.europesays.com\/fr\/wp-json\/wp\/v2\/tags?post=588990"}],"curies":[{"name":"wp","href":"https:\/\/api.w.org\/{rel}","templated":true}]}}