{"id":588994,"date":"2025-12-09T17:35:59","date_gmt":"2025-12-09T17:35:59","guid":{"rendered":"https:\/\/www.europesays.com\/fr\/588994\/"},"modified":"2025-12-09T17:35:59","modified_gmt":"2025-12-09T17:35:59","slug":"le-havana-cafe-remplace-le-little-delirium","status":"publish","type":"post","link":"https:\/\/www.europesays.com\/fr\/588994\/","title":{"rendered":"le Havana Caf\u00e9 remplace le Little Delirium"},"content":{"rendered":"<p>                    Par<br \/>\n        <strong><br \/>\n            <a href=\"https:\/\/actu.fr\/auteur\/hervine-mahaud\" title=\"Consulter tous les articles de Hervine Mahaud\" target=\"_blank\" rel=\"noopener\">Hervine Mahaud<\/a><br \/>\n                    <\/strong><\/p>\n<p>        Publi\u00e9 le<\/p>\n<p>            9 d\u00e9c. 2025 \u00e0 17h50        <\/p>\n<p>Dans le <a href=\"https:\/\/actu.fr\/lille\/\" target=\"_blank\" rel=\"noopener\">Vieux-Lille<\/a>, le 12 rue Royale accueille un <b>nouveau bar<\/b> qui va r\u00e9chauffer l\u2019hiver lillois : le <b>Havana Caf\u00e9<\/b>. Install\u00e9 \u00e0 la place de l\u2019<b>ancien Little Delirium Caf\u00e9<\/b>, l\u2019\u00e9tablissement revisit\u00e9 propose d\u00e9sormais une <b>ambiance r\u00e9solument latino<\/b>, avec des <b>cocktails<\/b> au rhum (mais pas que !), des <b>bi\u00e8res pression<\/b> et des soir\u00e9es caliente avec <b>DJ sets<\/b> chaque week-end !<\/p>\n<p>Le Little Delirium Caf\u00e9 devient le tout premier Havana Caf\u00e9 de Lille<\/p>\n<p class=\" wall-content\">Aux commandes, on retrouve <b>Yacine Lamrani<\/b>, d\u00e9j\u00e0 g\u00e9rant de deux (et bient\u00f4t 3 !) \u00e9tablissements lillois : <a href=\"https:\/\/actu.fr\/hauts-de-france\/lille_59350\/lille-nouveau-bar-ouvert-rue-royale_19099229.html\" target=\"_blank\" rel=\"noopener\">L\u2019Entrepotes<\/a> et <a href=\"https:\/\/actu.fr\/hauts-de-france\/lille_59350\/pour-braderie-delirium-ouvre-nouveau-bar-dans-vieux-lille_26883130.html\" target=\"_blank\" rel=\"noopener\">l\u2019ex-Little Delirium Caf\u00e9<\/a>, d\u00e9sormais transform\u00e9 en Havana Caf\u00e9. <a href=\"https:\/\/actu.fr\/hauts-de-france\/lille_59350\/lille-la-marque-delirium-va-faire-un-retour-fracassant-avec-louverture-dun-bar-de-800-m%C2%B2_63304616.html\" target=\"_blank\" rel=\"noopener\">Le Social Group a repris la licence Delirium cet \u00e9t\u00e9<\/a>, laissant \u00e0 Yacine l\u2019opportunit\u00e9 de repenser totalement le lieu.<\/p>\n<p class=\" wall-content\">\u00ab\u00a0J\u2019ai toujours r\u00eav\u00e9 d\u2019ouvrir un Havana Caf\u00e9, j\u2019adore cette marque et tout l\u2019univers latino qui va avec \u00ab\u00a0, confie-t-il. Gr\u00e2ce \u00e0 un partenariat direct avec <b>Havana Club<\/b>, l\u2019\u00e9tablissement devient ainsi le <b>premier Havana Caf\u00e9 de Lille<\/b>.\u00a0<\/p>\n<p class=\" wall-content\">Le lieu a \u00e9t\u00e9 enti\u00e8rement transform\u00e9 apr\u00e8s un mois de travaux, avec une d\u00e9coration fa\u00e7on hacienda : couleurs chaudes, bois, luminaires tamis\u00e9s.<\/p>\n<p>    <img   decoding=\"async\" loading=\"lazy\" class=\"size-large\" src=\"https:\/\/www.europesays.com\/fr\/wp-content\/uploads\/2025\/12\/f4d2107738396dae210773839a2031v-960x640.jpg\" alt=\"havana caf\u00e9 bar rue royale vieux lille\" width=\"960\" height=\"640\"\/><br \/>\n    D\u00e9co fa\u00e7on hacienda pour ce nouvel \u00e9tablissement. \u00a9Hervine Mahaud<\/p>\n<p class=\" wall-content\">Le bar propose environ <b>80 places assises<\/b>, r\u00e9parties entre le rez-de-chauss\u00e9e (plus anim\u00e9 en soir\u00e9e) et deux demi-niveaux o\u00f9 la musique est moins forte. Ces deux espaces peuvent \u00eatre privatis\u00e9s <b>sans surco\u00fbt<\/b>.<\/p>\n<p>Votre r\u00e9gion, votre actu !<\/p>\n<p>Recevez chaque jour les infos qui comptent pour vous.<\/p>\n<p>\t<a href=\"https:\/\/actu.fr\/newsletter\" class=\"ac-btn ac-btn--corner ac-btn--medium ac-btn--blue800\" target=\"_blank\" rel=\"noopener\">S&rsquo;incrire<\/a><\/p>\n<p class=\" wall-content\">Au-del\u00e0 de l\u2019ambiance et de la carte, Yacine Lamrani insiste sur un point : le <b>service<\/b>. \u00ab\u00a0Dans cette rue, on vend tous \u00e0 peu pr\u00e8s la m\u00eame chose. La diff\u00e9rence, c\u2019est l\u2019accueil\u00a0\u00bb, explique-t-il. L\u2019\u00e9quipe du Havana Caf\u00e9 mise donc sur un esprit commer\u00e7ant, attentif et chaleureux, avec la volont\u00e9 \u00ab\u00a0de <b>faire plaisir \u00e0 tout le monde<\/b>\u00ab\u00a0. Une mani\u00e8re de <b>fid\u00e9liser une client\u00e8le locale exigeante<\/b>, mais aussi de se d\u00e9marquer dans l\u2019un des quartiers les plus anim\u00e9s de Lille.<\/p>\n<p>Cocktails au rhum (mais pas seulement), bi\u00e8res pression et happy hour<\/p>\n<p class=\" wall-content\">Le bar met logiquement \u00e0 l\u2019honneur les cocktails \u00e0 base de rhum de la marque Havana Club: mojito, Havana Sunset, Cuba Libre, Caribbean Mule ou encore le Havana Black Velvet. Mais Yacine insiste : \u00ab\u00a0<b>On ne fait pas que du rhum<\/b>\u00ab\u00a0. <b>Vodka<\/b> et <b>gin<\/b> ont aussi leur place \u00e0 la carte : Moscow Mule, Sex on the Beach, London Mule, gin tonic\u2026 Une offre classique mais efficace, propos\u00e9e entre <b>9 et 12 euros<\/b>.<\/p>\n<p>    <img   decoding=\"async\" loading=\"lazy\" class=\"size-large\" src=\"https:\/\/www.europesays.com\/fr\/wp-content\/uploads\/2025\/12\/a9e03077383968de03077383941f03v-960x640.jpg\" alt=\"havana caf\u00e9 bar rue royale vieux lille\" width=\"960\" height=\"640\"\/><br \/>\n    Une belle carte des boissons, avec cocktails, bi\u00e8res, vins, softs et mocktails est propos\u00e9e. \u00a9Hervine Mahaud<\/p>\n<p class=\" wall-content\">Pour les amateurs de sans-alcool, une version <b>mocktail<\/b> est disponible pour chaque cocktail, affich\u00e9e \u00e0 <b>7 euros<\/b>.<\/p>\n<p class=\" wall-content\">Le bar mise aussi sur un <b>happy hour particuli\u00e8rement attractif<\/b>, tous les jours jusqu\u2019\u00e0 20 h. Cuba libre, Corona Extra, verre de vin, pinte de pils sont propos\u00e9s \u00e0 5 \u20ac, les softs eux sont \u00e0 3,50 \u20ac.<\/p>\n<p class=\" wall-content\"><a href=\"https:\/\/www.instagram.com\/p\/DRsTbjBiPQb\/embed\" title=\"Ouvrir le lien sur Instagram\" target=\"_blank\" rel=\"noopener\">Visualiser le contenu sur Instagram<\/a><\/p>\n<p class=\" wall-content\">C\u00f4t\u00e9 bi\u00e8res pression, le Havana Caf\u00e9 s\u2019appuie sur une s\u00e9lection vari\u00e9e : <b>Campus Pils, Dor\u00e9e Triple Blonde, Chouffe, Vedett IPA ou encore Kasteel Rouge<\/b>. L\u2019offre est compl\u00e9t\u00e9e par <b>des shooters, des vins, des softs<\/b>. Il y a aussi de quoi grignoter avec des nachos au cheddar et les saucissons d\u2019Armenti\u00e8res de la Maison Lefebvre.<\/p>\n<p>Un bar hybride : chill l\u2019apr\u00e8s-midi, festif le week-end<\/p>\n<p class=\" wall-content\">Ouvert du mardi au samedi \u00e0 partir de <b>16h<\/b>, le Havana Caf\u00e9 se veut d\u2019abord un <b>lieu d\u00e9tendu en apr\u00e8s-midi<\/b> : ambiance pos\u00e9e, matches de foot diffus\u00e9s, lumi\u00e8re douce. \u00ab\u00a0On a voulu un endroit o\u00f9 on peut se poser avant que \u00e7a ne s\u2019ambiance\u00a0\u00bb, explique Yacine.<\/p>\n<p class=\" wall-content\">Le vendredi et le samedi, changement d\u2019atmosph\u00e8re : <b>DJ sets latino \u00e0 partir de 22 h<\/b>, jeux de lumi\u00e8re, volume qui monte\u2026 Avec environ <b>80 % de sons latino<\/b> et le reste puis\u00e9 dans les hits du moment, le lieu promet de belles soir\u00e9es. Des DJ reconnus de la sc\u00e8ne latino sont d\u00e9j\u00e0 programm\u00e9s.<\/p>\n<p>Infos pratiques : Havana Caf\u00e9, 12 rue Royale, Vieux-Lille. Ouvert du mardi au samedi, de 16h \u00e0 1h (jusqu\u2019\u00e0 2h vendredi et samedi). Possibilit\u00e9 de privatiser une partie du bar. Plus d\u2019infos sur le <a href=\"https:\/\/www.instagram.com\/havanacafe.lille\/?hl=fr\" target=\"_blank\" rel=\"noopener\">compte Instagram du bar<\/a>.<\/p>\n<p class=\" wall-content\">Personnalisez votre actualit\u00e9 en ajoutant vos villes et m\u00e9dias en favori avec <a href=\"https:\/\/moncompte.actu.fr\" title=\"D\u00e9couvez Mon Actu\" rel=\"nofollow noopener\" data-trk=\"{&quot;cta&quot;:{&quot;action&quot;:&quot;https:\\\/\\\/moncompte.actu.fr&quot;,&quot;category&quot;:&quot;mon compte&quot;,&quot;from&quot;:&quot;article footer&quot;,&quot;name&quot;:&quot;Mon actu&quot;,&quot;type&quot;:&quot;cta&quot;}}\" target=\"_blank\">Mon Actu<\/a>.<\/p>\n<p>                    <script async src=\"\/\/www.instagram.com\/embed.js\"><\/script><\/p>\n","protected":false},"excerpt":{"rendered":"Par Hervine Mahaud Publi\u00e9 le 9 d\u00e9c. 2025 \u00e0 17h50 Dans le Vieux-Lille, le 12 rue Royale accueille&hellip;\n","protected":false},"author":2,"featured_media":588995,"comment_status":"","ping_status":"","sticky":false,"template":"","format":"standard","meta":{"footnotes":""},"categories":[2815],"tags":[1111,11,5702,9782,1777,674,1011,27,811,1307,1652,12,3147,25],"class_list":{"0":"post-588994","1":"post","2":"type-post","3":"status-publish","4":"format-standard","5":"has-post-thumbnail","7":"category-lille","8":"tag-actu","9":"tag-actualites","10":"tag-alcool","11":"tag-dans-les-bars","12":"tag-eu","13":"tag-europe","14":"tag-fr","15":"tag-france","16":"tag-hauts-de-france","17":"tag-lille","18":"tag-loisirs-culture","19":"tag-news","20":"tag-nouveaux-commerces","21":"tag-republique-francaise"},"share_on_mastodon":{"url":"https:\/\/pubeurope.com\/@fr\/115690825243912389","error":""},"_links":{"self":[{"href":"https:\/\/www.europesays.com\/fr\/wp-json\/wp\/v2\/posts\/588994","targetHints":{"allow":["GET"]}}],"collection":[{"href":"https:\/\/www.europesays.com\/fr\/wp-json\/wp\/v2\/posts"}],"about":[{"href":"https:\/\/www.europesays.com\/fr\/wp-json\/wp\/v2\/types\/post"}],"author":[{"embeddable":true,"href":"https:\/\/www.europesays.com\/fr\/wp-json\/wp\/v2\/users\/2"}],"replies":[{"embeddable":true,"href":"https:\/\/www.europesays.com\/fr\/wp-json\/wp\/v2\/comments?post=588994"}],"version-history":[{"count":0,"href":"https:\/\/www.europesays.com\/fr\/wp-json\/wp\/v2\/posts\/588994\/revisions"}],"wp:featuredmedia":[{"embeddable":true,"href":"https:\/\/www.europesays.com\/fr\/wp-json\/wp\/v2\/media\/588995"}],"wp:attachment":[{"href":"https:\/\/www.europesays.com\/fr\/wp-json\/wp\/v2\/media?parent=588994"}],"wp:term":[{"taxonomy":"category","embeddable":true,"href":"https:\/\/www.europesays.com\/fr\/wp-json\/wp\/v2\/categories?post=588994"},{"taxonomy":"post_tag","embeddable":true,"href":"https:\/\/www.europesays.com\/fr\/wp-json\/wp\/v2\/tags?post=588994"}],"curies":[{"name":"wp","href":"https:\/\/api.w.org\/{rel}","templated":true}]}}