{"id":588996,"date":"2025-12-09T17:37:38","date_gmt":"2025-12-09T17:37:38","guid":{"rendered":"https:\/\/www.europesays.com\/fr\/588996\/"},"modified":"2025-12-09T17:37:38","modified_gmt":"2025-12-09T17:37:38","slug":"proces-de-passeurs-presumes-a-lille-un-a-neuf-ans-de-prison-requis-pour-17-prevenus","status":"publish","type":"post","link":"https:\/\/www.europesays.com\/fr\/588996\/","title":{"rendered":"Proc\u00e8s de passeurs pr\u00e9sum\u00e9s \u00e0 Lille\u00a0: un \u00e0 neuf ans de prison requis pour 17 pr\u00e9venus"},"content":{"rendered":"<p>Depuis le lundi 1er d\u00e9cembre \u00e0 Lille, 17 passeurs pr\u00e9sum\u00e9s sont jug\u00e9s \u00e0 Lille, devant la chambre correctionnelle de la juridiction sp\u00e9cialis\u00e9e dans la criminalit\u00e9 organis\u00e9e (JIRS). Des peines allant de un \u00e0 neuf ans de prison ont \u00e9t\u00e9 requises ce mardi \u00e0 leur encontre.<\/p>\n<p>Ils sont accus\u00e9s d&rsquo;avoir utilis\u00e9 des \u00ab\u00a0taxi-boats\u00a0\u00bb pour acheminer clandestinement des migrants en Angleterre en 2023. Depuis le 1er d\u00e9cembre, 17 passeurs pr\u00e9sum\u00e9s sont jug\u00e9s devant\u00a0la chambre correctionnelle de la juridiction interr\u00e9gionale sp\u00e9cialis\u00e9e (JIRS) pour \u00ab\u00a0aide \u00e0 l&rsquo;entr\u00e9e, \u00e0 la circulation ou au s\u00e9jour irr\u00e9guliers d&rsquo;un \u00e9tranger en bande organis\u00e9e\u00a0\u00bb, \u00ab\u00a0participation \u00e0 une association de malfaiteurs\u00a0\u00bb et \u00ab\u00a0mise en danger d&rsquo;autrui\u00a0\u00bb. <strong>Quatre des mis en cause sont aussi poursuivis pour homicide involontaire<\/strong>, apr\u00e8s la mort d&rsquo;une Erythr\u00e9enne de 24 ans lors d&rsquo;une travers\u00e9e en septembre 2023.<\/p>\n<p><strong>Des peines allant de un \u00e0 neuf ans de prison ont \u00e9t\u00e9 requises ce mardi \u00e0 l&rsquo;encontre des 17 pr\u00e9venus<\/strong>.\u00a0Les r\u00e9quisitions incluent par ailleurs des amendes de 50.000 \u00e0 150.000 euros et des interdictions du territoire fran\u00e7ais d\u00e9finitives pour la plupart des passeurs pr\u00e9sum\u00e9s.\u00a0Au total, le r\u00e9seau est soup\u00e7onn\u00e9 d&rsquo;avoir organis\u00e9 plus d&rsquo;une cinquantaine de travers\u00e9es ill\u00e9gales de la Manche entre avril 2023 et ao\u00fbt 2024.<\/p>\n<p>\u00ab\u00a0Des r\u00f4les d&rsquo;organisateurs\u00a0\u00bb<\/p>\n<p>Parmi les 17 pr\u00e9venus, huit se d\u00e9clarent Syriens, sept Libyens, deux Irakiens, deux Tunisiens, un Afghan et un Guin\u00e9en. Selon le parquet, ils occupaient des r\u00f4les d'\u00a0\u00bborganisateurs\u00a0\u00bb, de \u00ab\u00a0guides\u00a0\u00bb charg\u00e9s de mener des migrants jusqu&rsquo;aux zones d&#8217;embarquement et de mettre \u00e0 l&rsquo;eau des bateaux, de \u00ab\u00a0conducteurs de taxi-boats\u00a0\u00bb, ou encore des fonctions de rabatteurs et de chauffeurs charg\u00e9s de transporter les passeurs sur le littoral.<\/p>\n<p>Tous comparaissent jusqu&rsquo;au 12 d\u00e9cembre.<\/p>\n","protected":false},"excerpt":{"rendered":"Depuis le lundi 1er d\u00e9cembre \u00e0 Lille, 17 passeurs pr\u00e9sum\u00e9s sont jug\u00e9s \u00e0 Lille, devant la chambre correctionnelle&hellip;\n","protected":false},"author":2,"featured_media":588997,"comment_status":"","ping_status":"","sticky":false,"template":"","format":"standard","meta":{"footnotes":""},"categories":[2815],"tags":[1111,11,1777,674,1011,27,811,1307,12,25],"class_list":{"0":"post-588996","1":"post","2":"type-post","3":"status-publish","4":"format-standard","5":"has-post-thumbnail","7":"category-lille","8":"tag-actu","9":"tag-actualites","10":"tag-eu","11":"tag-europe","12":"tag-fr","13":"tag-france","14":"tag-hauts-de-france","15":"tag-lille","16":"tag-news","17":"tag-republique-francaise"},"share_on_mastodon":{"url":"https:\/\/pubeurope.com\/@fr\/115690828230711092","error":""},"_links":{"self":[{"href":"https:\/\/www.europesays.com\/fr\/wp-json\/wp\/v2\/posts\/588996","targetHints":{"allow":["GET"]}}],"collection":[{"href":"https:\/\/www.europesays.com\/fr\/wp-json\/wp\/v2\/posts"}],"about":[{"href":"https:\/\/www.europesays.com\/fr\/wp-json\/wp\/v2\/types\/post"}],"author":[{"embeddable":true,"href":"https:\/\/www.europesays.com\/fr\/wp-json\/wp\/v2\/users\/2"}],"replies":[{"embeddable":true,"href":"https:\/\/www.europesays.com\/fr\/wp-json\/wp\/v2\/comments?post=588996"}],"version-history":[{"count":0,"href":"https:\/\/www.europesays.com\/fr\/wp-json\/wp\/v2\/posts\/588996\/revisions"}],"wp:featuredmedia":[{"embeddable":true,"href":"https:\/\/www.europesays.com\/fr\/wp-json\/wp\/v2\/media\/588997"}],"wp:attachment":[{"href":"https:\/\/www.europesays.com\/fr\/wp-json\/wp\/v2\/media?parent=588996"}],"wp:term":[{"taxonomy":"category","embeddable":true,"href":"https:\/\/www.europesays.com\/fr\/wp-json\/wp\/v2\/categories?post=588996"},{"taxonomy":"post_tag","embeddable":true,"href":"https:\/\/www.europesays.com\/fr\/wp-json\/wp\/v2\/tags?post=588996"}],"curies":[{"name":"wp","href":"https:\/\/api.w.org\/{rel}","templated":true}]}}