{"id":589001,"date":"2025-12-09T17:40:19","date_gmt":"2025-12-09T17:40:19","guid":{"rendered":"https:\/\/www.europesays.com\/fr\/589001\/"},"modified":"2025-12-09T17:40:19","modified_gmt":"2025-12-09T17:40:19","slug":"le-grand-remplacement-du-couscous-de-la-fete-des-lumieres","status":"publish","type":"post","link":"https:\/\/www.europesays.com\/fr\/589001\/","title":{"rendered":"Le grand remplacement du couscous de la F\u00eate des Lumi\u00e8res"},"content":{"rendered":"<p>Un grain de semoule pos\u00e9 sur une installation lumineuse de notre c\u00e9l\u00e9bration nationale \u00e0 nous, peuple lyonnais, la F\u00eate des Lumi\u00e8res. Une \u00e9dition qui offrait cette ann\u00e9e quelques jolies trouvailles, m\u00eame si on reste globalement loin de ce que la Ville a d\u00e9j\u00e0 su produire sur d&rsquo;autres \u00e9ditions.<\/p>\n<p>Il aura suffi aussi d\u2019une pluie de pois chiches et de merguez sur une \u0153uvre place des Terreaux pour que certains comptes d\u2019extr\u00eame droite \u00a0qui n&rsquo;y avaient pas mis les pieds, s\u2019enflamment plus vite qu\u2019une friture de bugnes oubli\u00e9e sur le feu. Les voil\u00e0 qui se mettent \u00e0 hurler au complot islamo-gauchiste.<\/p>\n<p>L\u2019\u0153uvre Lundi c\u2019est ravioli, r\u00e9f\u00e9rence assum\u00e9e au plat popularis\u00e9 dans le film La Vie est un Long Fleuve Tranquille (je le reconnais, je ne l\u2019ai pas vu), pr\u00e9sentait pourtant une semaine compl\u00e8te de repas tr\u00e8s lyonnais, simplement ponctu\u00e9e de quelques l\u00e9gumes. On y voyait des quenelles, de la cervelle de canut, du saucisson de Lyon, et un hommage clair aux m\u00e8res lyonnaises \u2014 Brazier, Fillioux, Guy, Brihousse \u2014 qui ont fa\u00e7onn\u00e9 la r\u00e9putation gastronomique de la ville, avec leurs plats mythiques comme la poularde demi-deuil.<\/p>\n<p>Chaque jour avait son plat. Il a suffi qu\u2019un couscous surgisse le jeudi, avant m\u00eame la fin des haricots du dimanche, pour que certains au Rassemblement National en recherche d&rsquo;\u00e9lecteurs \u2014 en filmant de travers pour TikTok \u2014 tentent de faire croire que cette installation r\u00e9sumait toute la f\u00eate. Comme si la ville enti\u00e8re avait d\u00e9cid\u00e9 de remplacer la rosette par de la harissa du jour au lendemain. Un grand remplacement culinaire, rien que \u00e7a.<\/p>\n<p>On rappellera quand m\u00eame que le couscous est, selon \u00e0 peu pr\u00e8s toutes les enqu\u00eates depuis quinze ans, l\u2019un des plats pr\u00e9f\u00e9r\u00e9s des Fran\u00e7ais.<\/p>\n<p>Le plus dr\u00f4le, c\u2019est qu\u2019\u00e0 Lyon, les vrais couscous populaires de quartier \u2014 ceux de Vaise, de la Guilloti\u00e8re ou du 8e \u2014 sont les premi\u00e8res victimes d\u2019un v\u00e9ritable grand remplacement culinaire. Mais pas celui qu\u2019on croit. Ces lieux chaleureux ont \u00e9t\u00e9 aval\u00e9s tout crus par une arm\u00e9e de french tacos, autre invention bien lyonnaise, qui ont d\u00e9vor\u00e9 la ville comme Pac-Man.<\/p>\n<p>Pas de signe d\u2019effondrement pour autant. Simplement la vie normale d\u2019une ville qui change ses habitudes nocturnes, comme elle l\u2019a fait jadis quand les m\u00e8res lyonnaises ont remplac\u00e9 les bouchons bricol\u00e9s dans des cuisines trop petites.<\/p>\n<p>Alors oui, l\u2019installation s\u2019appelait Lundi c\u2019est ravioli. Oui, il y avait un couscous parmi les plats lyonnais. Mais surtout, et c&rsquo;est l\u00e0 o\u00f9 la menace sur nos traditions est plus r\u00e9elle, beaucoup d\u2019appartements de la Presqu\u2019\u00eele restaient sans lampions aux fen\u00eatres.<\/p>\n<p>Retrouvez tous les billets de <a href=\"https:\/\/www.instagram.com\/romainblachier\/\" target=\"_blank\" rel=\"noopener\">Romain Blachier<\/a> sur son site<\/p>\n<p><strong>Romain Blachier<\/strong><\/p>\n<p>  \t\t\t\t\t<script async src=\"\/\/www.instagram.com\/embed.js\"><\/script><\/p>\n","protected":false},"excerpt":{"rendered":"Un grain de semoule pos\u00e9 sur une installation lumineuse de notre c\u00e9l\u00e9bration nationale \u00e0 nous, peuple lyonnais, la&hellip;\n","protected":false},"author":2,"featured_media":589002,"comment_status":"","ping_status":"","sticky":false,"template":"","format":"standard","meta":{"footnotes":""},"categories":[1889],"tags":[1111,11,2813,2190,2430,1109,251,1112,2811,1777,674,118,1011,27,1922,1110,1114,2428,2810,12,241,316,25,2812,517,800],"class_list":{"0":"post-589001","1":"post","2":"type-post","3":"status-publish","4":"format-standard","5":"has-post-thumbnail","7":"category-lyon","8":"tag-actu","9":"tag-actualites","10":"tag-article","11":"tag-asvel","12":"tag-auvergne-rhone-alpes","13":"tag-breves","14":"tag-culture","15":"tag-depeches","16":"tag-economique","17":"tag-eu","18":"tag-europe","19":"tag-faits-divers","20":"tag-fr","21":"tag-france","22":"tag-info","23":"tag-informations","24":"tag-infos","25":"tag-lyon","26":"tag-lyonmag","27":"tag-news","28":"tag-ol","29":"tag-politique","30":"tag-republique-francaise","31":"tag-sociale","32":"tag-sport","33":"tag-transports"},"share_on_mastodon":{"url":"https:\/\/pubeurope.com\/@fr\/115690840057090504","error":""},"_links":{"self":[{"href":"https:\/\/www.europesays.com\/fr\/wp-json\/wp\/v2\/posts\/589001","targetHints":{"allow":["GET"]}}],"collection":[{"href":"https:\/\/www.europesays.com\/fr\/wp-json\/wp\/v2\/posts"}],"about":[{"href":"https:\/\/www.europesays.com\/fr\/wp-json\/wp\/v2\/types\/post"}],"author":[{"embeddable":true,"href":"https:\/\/www.europesays.com\/fr\/wp-json\/wp\/v2\/users\/2"}],"replies":[{"embeddable":true,"href":"https:\/\/www.europesays.com\/fr\/wp-json\/wp\/v2\/comments?post=589001"}],"version-history":[{"count":0,"href":"https:\/\/www.europesays.com\/fr\/wp-json\/wp\/v2\/posts\/589001\/revisions"}],"wp:featuredmedia":[{"embeddable":true,"href":"https:\/\/www.europesays.com\/fr\/wp-json\/wp\/v2\/media\/589002"}],"wp:attachment":[{"href":"https:\/\/www.europesays.com\/fr\/wp-json\/wp\/v2\/media?parent=589001"}],"wp:term":[{"taxonomy":"category","embeddable":true,"href":"https:\/\/www.europesays.com\/fr\/wp-json\/wp\/v2\/categories?post=589001"},{"taxonomy":"post_tag","embeddable":true,"href":"https:\/\/www.europesays.com\/fr\/wp-json\/wp\/v2\/tags?post=589001"}],"curies":[{"name":"wp","href":"https:\/\/api.w.org\/{rel}","templated":true}]}}