{"id":589007,"date":"2025-12-09T17:45:22","date_gmt":"2025-12-09T17:45:22","guid":{"rendered":"https:\/\/www.europesays.com\/fr\/589007\/"},"modified":"2025-12-09T17:45:22","modified_gmt":"2025-12-09T17:45:22","slug":"lavion-des-joueurs-du-psg-force-a-un-atterrissage-difficile","status":"publish","type":"post","link":"https:\/\/www.europesays.com\/fr\/589007\/","title":{"rendered":"l\u2019avion des joueurs du PSG forc\u00e9 \u00e0 un atterrissage difficile"},"content":{"rendered":"<p>                    Par<br \/>\n        <strong><br \/>\n            <a href=\"https:\/\/actu.fr\/auteur\/thomas-rideau\" title=\"Consulter tous les articles de Thomas Rideau\" target=\"_blank\" rel=\"noopener\">Thomas Rideau<\/a><br \/>\n                    <\/strong><\/p>\n<p>        Publi\u00e9 le<\/p>\n<p>            9 d\u00e9c. 2025 \u00e0 18h17        <\/p>\n<p>Les joueurs du <a href=\"https:\/\/actu.fr\/tag\/paris-saint-germain-psg\" target=\"_blank\" rel=\"noopener\">Paris Saint-Germain<\/a> ont connu une bonne frayeur ce mardi 9 d\u00e9cembre 2025. Alors que leur avion, parti de <a href=\"https:\/\/actu.fr\/ile-de-france\/paris_75056\" target=\"_blank\" rel=\"noopener\">Paris<\/a>, se posait \u00e0 <strong>Bilbao<\/strong>, des bourrasques ont violemment secou\u00e9 l\u2019avion qui \u00e9tait sur le point d\u2019atterrir, provoquant un trou d\u2019air, r\u00e9v\u00e8lent nos confr\u00e8res de <a href=\"https:\/\/rmcsport.bfmtv.com\/football\/clubs\/paris-saint-germain\/direct-bilbao-psg-j-1-suivez-en-live-toutes-les-declarations-et-infos-avant-le-match-de-ligue-des-champions_LN-202512090362.html\" target=\"_blank\" rel=\"noopener\">RMC<\/a>.<\/p>\n<p>Un atterrissage en crabe<\/p>\n<p class=\" wall-content\">Le pilote de l\u2019appareil a d\u00fb <strong>n\u00e9gocier une arriv\u00e9e tr\u00e8s difficile<\/strong> sur la piste d\u2019atterrissage. D\u2019apr\u00e8s nos confr\u00e8res de la station, il a d\u00fb se poser en travers avant de redresser l\u2019avion. \u00ab\u2009Le vent sud-sud-ouest a contraint les pilotes \u00e0 faire <strong>l\u2019atterrissage en crabe<\/strong> qui est de rigueur\u2009\u00bb, indique le compte sp\u00e9cialis\u00e9 sur X Ligue\u00a01 on air.<\/p>\n<p class=\" wall-content\">Finalement, les joueurs ont \u00e9t\u00e9 d\u00e9barqu\u00e9s \u00e0 bon port vers 12h30. Ils affronteront l\u2019Athletic Bilbao pour le compte de la 6\u1d49 journ\u00e9e de Ligue des Champions, demain, mercredi 10 d\u00e9cembre 2025. De quoi laisser le temps aux joueurs de se remettre de leurs \u00e9motions.<\/p>\n<p class=\" wall-content\">\n<p class=\" wall-content\">Personnalisez votre actualit\u00e9 en ajoutant vos villes et m\u00e9dias en favori avec <a href=\"https:\/\/moncompte.actu.fr\" title=\"D\u00e9couvez Mon Actu\" rel=\"nofollow noopener\" data-trk=\"{&quot;cta&quot;:{&quot;action&quot;:&quot;https:\\\/\\\/moncompte.actu.fr&quot;,&quot;category&quot;:&quot;mon compte&quot;,&quot;from&quot;:&quot;article footer&quot;,&quot;name&quot;:&quot;Mon actu&quot;,&quot;type&quot;:&quot;cta&quot;}}\" target=\"_blank\">Mon Actu<\/a>.<\/p>\n","protected":false},"excerpt":{"rendered":"Par Thomas Rideau Publi\u00e9 le 9 d\u00e9c. 2025 \u00e0 18h17 Les joueurs du Paris Saint-Germain ont connu une&hellip;\n","protected":false},"author":2,"featured_media":589008,"comment_status":"","ping_status":"","sticky":false,"template":"","format":"standard","meta":{"footnotes":""},"categories":[1888],"tags":[1111,1928,11,1927,10046,1777,674,1011,27,1757,12,1926,626,1925,2332,25],"class_list":{"0":"post-589007","1":"post","2":"type-post","3":"status-publish","4":"format-standard","5":"has-post-thumbnail","7":"category-paris","8":"tag-actu","9":"tag-actu-paris","10":"tag-actualites","11":"tag-actualites-paris","12":"tag-aeroports-de-paris","13":"tag-eu","14":"tag-europe","15":"tag-fr","16":"tag-france","17":"tag-insolite","18":"tag-news","19":"tag-news-paris","20":"tag-paris","21":"tag-paris-news","22":"tag-paris-saint-germain-psg","23":"tag-republique-francaise"},"share_on_mastodon":{"url":"https:\/\/pubeurope.com\/@fr\/115690859565503727","error":""},"_links":{"self":[{"href":"https:\/\/www.europesays.com\/fr\/wp-json\/wp\/v2\/posts\/589007","targetHints":{"allow":["GET"]}}],"collection":[{"href":"https:\/\/www.europesays.com\/fr\/wp-json\/wp\/v2\/posts"}],"about":[{"href":"https:\/\/www.europesays.com\/fr\/wp-json\/wp\/v2\/types\/post"}],"author":[{"embeddable":true,"href":"https:\/\/www.europesays.com\/fr\/wp-json\/wp\/v2\/users\/2"}],"replies":[{"embeddable":true,"href":"https:\/\/www.europesays.com\/fr\/wp-json\/wp\/v2\/comments?post=589007"}],"version-history":[{"count":0,"href":"https:\/\/www.europesays.com\/fr\/wp-json\/wp\/v2\/posts\/589007\/revisions"}],"wp:featuredmedia":[{"embeddable":true,"href":"https:\/\/www.europesays.com\/fr\/wp-json\/wp\/v2\/media\/589008"}],"wp:attachment":[{"href":"https:\/\/www.europesays.com\/fr\/wp-json\/wp\/v2\/media?parent=589007"}],"wp:term":[{"taxonomy":"category","embeddable":true,"href":"https:\/\/www.europesays.com\/fr\/wp-json\/wp\/v2\/categories?post=589007"},{"taxonomy":"post_tag","embeddable":true,"href":"https:\/\/www.europesays.com\/fr\/wp-json\/wp\/v2\/tags?post=589007"}],"curies":[{"name":"wp","href":"https:\/\/api.w.org\/{rel}","templated":true}]}}