{"id":589009,"date":"2025-12-09T17:47:25","date_gmt":"2025-12-09T17:47:25","guid":{"rendered":"https:\/\/www.europesays.com\/fr\/589009\/"},"modified":"2025-12-09T17:47:25","modified_gmt":"2025-12-09T17:47:25","slug":"paris-termine-dans-le-rouge-les-taux-plafonnent-avant-le-verdict-du-fomc-09-12-2025-a-1750","status":"publish","type":"post","link":"https:\/\/www.europesays.com\/fr\/589009\/","title":{"rendered":"Paris: termine dans le rouge, les taux plafonnent avant le verdict du FOMC &#8211; 09\/12\/2025 \u00e0 17:50"},"content":{"rendered":"<p>                                                                Ce mardi 9 d\u00e9cembre, c&rsquo;est la 10\u00e8me s\u00e9ance cons\u00e9cutive qui voit le CAC40 \u00e9voluer au sein d&rsquo;un corridor de 1,5% d&rsquo;amplitude, avec des variations intraday ne d\u00e9passant pas les 0,5%.<\/p>\n<p>Le CAC40 (-0,69% vers 8.052) reste enferm\u00e9 depuis le 25\/11 entre 8.050 et 8.150Pts.\n<\/p>\n<p>La r\u00e9ouverture de Wall Street ne va pas contribuer \u00e0 d\u00e9bloquer la situation avec  0,15% sur le Nasdaq,  0,25% pour le S&amp;P500 et  0,40% sur le Dow Jones (alors que la FED entame son FOMC de 48H).\n<\/p>\n<p>Le point positif de ce mardi est la brusque remont\u00e9e des rendements obligataires des 2 derni\u00e8res s\u00e9ances qui s&rsquo;interrompt : le rendement des T-Bonds se d\u00e9tend de -2Pts vers 4,153%, le \u00ab\u00a030 ans\u00a0\u00bb de -2,8Pts vers 4,787 : comme il n&rsquo;y a gu\u00e8re de suspens sur l&rsquo;annonce d&rsquo;une 3\u00e8me baisse de taux demain, ce qui fera la diff\u00e9rence, ce sera la teneur des derni\u00e8res pr\u00e9visions \u00e9conomiques de la banque centrale US.\n<\/p>\n<p>A en croire l&rsquo;outil FedWatch du CME, ce sont d\u00e9sormais plus de 89% des intervenants qui s&rsquo;attendent \u00e0 une nouvelle baisse d&rsquo;un quart de point des taux directeurs de l&rsquo;institution ce mercredi.\n<\/p>\n<p>\u00ab\u00a0L&rsquo;enjeu, c&rsquo;est surtout de savoir quel rythme d&rsquo;assouplissement sera mis en oeuvre l&rsquo;an prochain\u00a0\u00bb, rappelle Christopher Dembik, conseiller en strat\u00e9gie d&rsquo;investissement chez Pictet AM.\n<\/p>\n<p>\u00ab\u00a0Il faudra \u00eatre patient et probablement attendre la nomination du successeur de J. Powell qui pourrait intervenir dans les semaines \u00e0 venir pour en savoir plus\u00a0\u00bb, ajoute l&rsquo;analyste.\n<\/p>\n<p>Chez J.Safra Sarasin, on indique s&rsquo;attendre \u00e0 une nouvelle baisse de taux \u00ab\u00a0\u00e0 titre pr\u00e9ventif\u00a0\u00bb demain, mais les \u00e9quipes de la banque priv\u00e9e suisse jugent aussi qu&rsquo;il va devenir \u00ab\u00a0bien plus difficile de mettre en oeuvre l&rsquo;ensemble des baisses de taux actuellement int\u00e9gr\u00e9es dans les prix de march\u00e9, m\u00eame avec un pr\u00e9sident de la Fed plus accommodant\u00a0\u00bb.\n<\/p>\n<p>Dans ce contexte, les acteurs de march\u00e9 guetteront toutes les indications qui seront fournies demain par le patron de la Fed afin d&rsquo;affiner leurs paris sur la poursuite de la politique mon\u00e9taire g\u00e9n\u00e9reuse de la R\u00e9serve f\u00e9d\u00e9rale l&rsquo;an prochain.\n<\/p>\n<p>En attendant, les \u00ab\u00a0JOLTS\u00a0\u00bb viennent renforcer les motifs de baisse de taux : les ouvertures de postes ont marginalement augment\u00e9 en octobre, mais les embauches se sont r\u00e9duites, apportant un nouveau signe du ralentissement que conna\u00eet actuellement le march\u00e9 am\u00e9ricain du travail.\n<\/p>\n<p>Le nombre d&rsquo;offres d&#8217;emploi a atteint 7,67 millions, contre 7,66 millions le mois pr\u00e9c\u00e9dent d&rsquo;apr\u00e8s la derni\u00e8re enqu\u00eate \u00ab\u00a0JOLTS\u00a0\u00bb (Job Openings and Labor Turnover Survey) publi\u00e9e ce mardi par le D\u00e9partement du Travail.\n<\/p>\n<p>Les embauches sont, elles, ressorties \u00e0 5,37 millions contre 5,15 millions en septembre, montre le rapport.\n<\/p>\n<p>Ces statistiques, utilis\u00e9es pour mesurer la vigueur de la demande sur le march\u00e9 du travail, devraient \u00eatre particuli\u00e8rement suivies afin de d\u00e9terminer l&rsquo;\u00e9volution de l&#8217;emploi en l&rsquo;absence des donn\u00e9es officielles mensuelles publi\u00e9es par le D\u00e9partement du Travail.\n<\/p>\n<p>S&rsquo;il faut en croire les march\u00e9s obligataires, la perspective de deux nouvelles baisses de taux en 2026 semble loin d&rsquo;\u00eatre grav\u00e9e dans le marbre.\n<\/p>\n<p>La d\u00e9t\u00e9rioration est particuli\u00e8rement frappante aux Etats-Unis, o\u00f9 les rendements des Treasuries se sont nettement tendus derni\u00e8rement, l&rsquo;incertitude entourant les commentaires de la Fed poussant les intervenants \u00e0 vendre du papier long.\n<\/p>\n<p>Le Japon voit les taux longs plafonner mais pas encore d&#8217;embellie en vue (-1,2Pt \u00e0 1,965% sur le \u00ab\u00a010 ans\u00a0\u00bb), en Europe, le Bund allemand \u00e0 dix ans, v\u00e9ritable r\u00e9f\u00e9rence dans la zone euro, a par ailleurs progress\u00e9 de dix points de base ce lundi pour s&rsquo;\u00e9tablir au-del\u00e0 de 2,87%, avant de c\u00e9der ce mardi un -1,5Pt vers 2,852%, nos OAT effa\u00e7ant -2,5Pt \u00e0 3,566%.\n<\/p>\n<p>M\u00eame si la question du pouvoir pr\u00e9dictif des courbes de rendements peut l\u00e9gitimement se poser, l&rsquo;apparition de ce signal contrariant sur le compartiment obligataire a conduit les march\u00e9s d&rsquo;actions \u00e0 se montrer plus ind\u00e9cis hier.\n<\/p>\n<p>Sachant qu&rsquo;il n&rsquo;y aura plus beaucoup d&rsquo;actualit\u00e9s \u00e0 se mettre sous la dent d&rsquo;ici \u00e0 la fin de l&rsquo;ann\u00e9e suite \u00e0 la r\u00e9union de la Fed, certains investisseurs pourraient m\u00eame \u00eatre amen\u00e9s \u00e0 cl\u00f4turer leurs comptes avec anticipation.\n<\/p>\n<p>L&rsquo;Euro consolide \u00e0 l&rsquo;horizontal vers 1,1635$, le baril de p\u00e9trole poursuit sa glissade avec -1% apr\u00e8s -2,5% de la veille (Brent \u00e0 61,9$, WTI \u00e0 58,3$, contre 56$ fin octobre et d\u00e9but mai)&#8230; on se rapproche des planchers annuels.<\/p>\n","protected":false},"excerpt":{"rendered":"Ce mardi 9 d\u00e9cembre, c&rsquo;est la 10\u00e8me s\u00e9ance cons\u00e9cutive qui voit le CAC40 \u00e9voluer au sein d&rsquo;un corridor&hellip;\n","protected":false},"author":2,"featured_media":2554,"comment_status":"","ping_status":"","sticky":false,"template":"","format":"standard","meta":{"footnotes":""},"categories":[1888],"tags":[400,1111,1928,11,1927,398,408,405,1777,674,1011,27,403,402,399,404,12,1926,626,1925,25,401,406,407],"class_list":{"0":"post-589009","1":"post","2":"type-post","3":"status-publish","4":"format-standard","5":"has-post-thumbnail","7":"category-paris","8":"tag-action-cac-40","9":"tag-actu","10":"tag-actu-paris","11":"tag-actualites","12":"tag-actualites-paris","13":"tag-bourse-de-paris","14":"tag-boursorama","15":"tag-cotations","16":"tag-eu","17":"tag-europe","18":"tag-fr","19":"tag-france","20":"tag-indices-devises","21":"tag-investir","22":"tag-investissement","23":"tag-marche-boursier","24":"tag-news","25":"tag-news-paris","26":"tag-paris","27":"tag-paris-news","28":"tag-republique-francaise","29":"tag-sicav","30":"tag-trackers","31":"tag-warrants"},"share_on_mastodon":{"url":"https:\/\/pubeurope.com\/@fr\/115690867558236730","error":""},"_links":{"self":[{"href":"https:\/\/www.europesays.com\/fr\/wp-json\/wp\/v2\/posts\/589009","targetHints":{"allow":["GET"]}}],"collection":[{"href":"https:\/\/www.europesays.com\/fr\/wp-json\/wp\/v2\/posts"}],"about":[{"href":"https:\/\/www.europesays.com\/fr\/wp-json\/wp\/v2\/types\/post"}],"author":[{"embeddable":true,"href":"https:\/\/www.europesays.com\/fr\/wp-json\/wp\/v2\/users\/2"}],"replies":[{"embeddable":true,"href":"https:\/\/www.europesays.com\/fr\/wp-json\/wp\/v2\/comments?post=589009"}],"version-history":[{"count":0,"href":"https:\/\/www.europesays.com\/fr\/wp-json\/wp\/v2\/posts\/589009\/revisions"}],"wp:featuredmedia":[{"embeddable":true,"href":"https:\/\/www.europesays.com\/fr\/wp-json\/wp\/v2\/media\/2554"}],"wp:attachment":[{"href":"https:\/\/www.europesays.com\/fr\/wp-json\/wp\/v2\/media?parent=589009"}],"wp:term":[{"taxonomy":"category","embeddable":true,"href":"https:\/\/www.europesays.com\/fr\/wp-json\/wp\/v2\/categories?post=589009"},{"taxonomy":"post_tag","embeddable":true,"href":"https:\/\/www.europesays.com\/fr\/wp-json\/wp\/v2\/tags?post=589009"}],"curies":[{"name":"wp","href":"https:\/\/api.w.org\/{rel}","templated":true}]}}