{"id":589018,"date":"2025-12-09T17:53:18","date_gmt":"2025-12-09T17:53:18","guid":{"rendered":"https:\/\/www.europesays.com\/fr\/589018\/"},"modified":"2025-12-09T17:53:18","modified_gmt":"2025-12-09T17:53:18","slug":"la-fed-entame-sa-derniere-reunion-de-lannee-dans-un-climat-de-dissensions-internes","status":"publish","type":"post","link":"https:\/\/www.europesays.com\/fr\/589018\/","title":{"rendered":"la Fed entame sa derni\u00e8re r\u00e9union de l\u2019ann\u00e9e dans un climat de dissensions internes"},"content":{"rendered":"<p><strong>La R\u00e9serve f\u00e9d\u00e9rale am\u00e9ricaine (Fed) a entam\u00e9, mardi, sa derni\u00e8re r\u00e9union de l\u2019ann\u00e9e dans un contexte marqu\u00e9 par de profondes divergences au sein de son Comit\u00e9 de politique mon\u00e9taire (FOMC), notamment sur l\u2019orientation \u00e0 adopter pour les prochains mois.<\/strong><\/p>\n<p>Cette session, qui s&rsquo;ach\u00e8vera mercredi, intervient alors que les march\u00e9s financiers anticipent largement une nouvelle d\u00e9tente mon\u00e9taire.<\/p>\n<p>Les op\u00e9rateurs s\u2019attendent en effet \u00e0 une baisse d\u2019un quart de point du taux directeur, qui serait ramen\u00e9 dans une fourchette comprise entre 3,50 % et 3,75 %, d\u2019apr\u00e8s l\u2019outil de r\u00e9f\u00e9rence CME FedWatch. Une telle d\u00e9cision constituerait la troisi\u00e8me r\u00e9duction cons\u00e9cutive.<\/p>\n<p>Cependant, cette perspective pourrait faire l\u2019objet d\u2019un vote particuli\u00e8rement serr\u00e9. En effet, les douze responsables disposant d\u2019un droit de vote ont exprim\u00e9 des priorit\u00e9s nettement divergentes.<\/p>\n<p>D\u2019un c\u00f4t\u00e9, les partisans d\u2019une politique plus accommodante plaident pour un assouplissement suppl\u00e9mentaire afin de soutenir l\u2019activit\u00e9 \u00e9conomique et le march\u00e9 de l\u2019emploi. De l\u2019autre, plusieurs membres jugent ces mesures pr\u00e9matur\u00e9es, estimant que le march\u00e9 du travail reste r\u00e9silient tandis que l\u2019inflation, \u00e0 2,8 % en septembre, demeure sup\u00e9rieure \u00e0 l\u2019objectif de 2 % fix\u00e9 par la Fed.<\/p>\n<p>Cette division interne est largement soulign\u00e9e par les analystes. \u00ab\u00a0Nous n\u2019avons pas le souvenir d&rsquo;avoir d\u00e9j\u00e0 vu le comit\u00e9 aussi divis\u00e9 sur la n\u00e9cessit\u00e9 de proc\u00e9der \u00e0 des baisses de taux suppl\u00e9mentaires\u00a0\u00bb, a indiqu\u00e9 dans une note Michael Pearce, \u00e9conomiste chez Oxford Economics.<\/p>\n<p>Parall\u00e8lement, si une nouvelle baisse semble probable \u00e0 court terme, plusieurs experts anticipent un resserrement des marges de man\u0153uvre en 2026.<\/p>\n<p>Les analystes de Goldman Sachs estiment ainsi que la Fed \u00ab\u00a0placera la barre plus haut\u00a0\u00bb \u00e0 partir de l\u2019ann\u00e9e prochaine, laissant pr\u00e9sager une approche plus prudente quant \u00e0 d\u2019\u00e9ventuelles r\u00e9ductions de taux suppl\u00e9mentaires.<\/p>\n<p>\u00a0<\/p>\n","protected":false},"excerpt":{"rendered":"La R\u00e9serve f\u00e9d\u00e9rale am\u00e9ricaine (Fed) a entam\u00e9, mardi, sa derni\u00e8re r\u00e9union de l\u2019ann\u00e9e dans un contexte marqu\u00e9 par&hellip;\n","protected":false},"author":2,"featured_media":589019,"comment_status":"","ping_status":"","sticky":false,"template":"","format":"standard","meta":{"footnotes":""},"categories":[1589],"tags":[11,27075,33,73,1866,7512,12,1864,1865,1863,308],"class_list":{"0":"post-589018","1":"post","2":"type-post","3":"status-publish","4":"format-standard","5":"has-post-thumbnail","7":"category-etats-unis","8":"tag-actualites","9":"tag-dollars","10":"tag-economie","11":"tag-etats-unis","12":"tag-etats-unis-damerique","13":"tag-fed","14":"tag-news","15":"tag-united-states","16":"tag-united-states-of-america","17":"tag-us","18":"tag-usa"},"share_on_mastodon":{"url":"https:\/\/pubeurope.com\/@fr\/115690891155552574","error":""},"_links":{"self":[{"href":"https:\/\/www.europesays.com\/fr\/wp-json\/wp\/v2\/posts\/589018","targetHints":{"allow":["GET"]}}],"collection":[{"href":"https:\/\/www.europesays.com\/fr\/wp-json\/wp\/v2\/posts"}],"about":[{"href":"https:\/\/www.europesays.com\/fr\/wp-json\/wp\/v2\/types\/post"}],"author":[{"embeddable":true,"href":"https:\/\/www.europesays.com\/fr\/wp-json\/wp\/v2\/users\/2"}],"replies":[{"embeddable":true,"href":"https:\/\/www.europesays.com\/fr\/wp-json\/wp\/v2\/comments?post=589018"}],"version-history":[{"count":0,"href":"https:\/\/www.europesays.com\/fr\/wp-json\/wp\/v2\/posts\/589018\/revisions"}],"wp:featuredmedia":[{"embeddable":true,"href":"https:\/\/www.europesays.com\/fr\/wp-json\/wp\/v2\/media\/589019"}],"wp:attachment":[{"href":"https:\/\/www.europesays.com\/fr\/wp-json\/wp\/v2\/media?parent=589018"}],"wp:term":[{"taxonomy":"category","embeddable":true,"href":"https:\/\/www.europesays.com\/fr\/wp-json\/wp\/v2\/categories?post=589018"},{"taxonomy":"post_tag","embeddable":true,"href":"https:\/\/www.europesays.com\/fr\/wp-json\/wp\/v2\/tags?post=589018"}],"curies":[{"name":"wp","href":"https:\/\/api.w.org\/{rel}","templated":true}]}}