{"id":58902,"date":"2025-04-28T09:27:10","date_gmt":"2025-04-28T09:27:10","guid":{"rendered":"https:\/\/www.europesays.com\/fr\/58902\/"},"modified":"2025-04-28T09:27:10","modified_gmt":"2025-04-28T09:27:10","slug":"lhomme-quelle-a-rencontre-sur-tinder-lui-a-fait-vivre-un-enfer","status":"publish","type":"post","link":"https:\/\/www.europesays.com\/fr\/58902\/","title":{"rendered":"l&rsquo;homme qu&rsquo;elle a rencontr\u00e9 sur Tinder lui a fait vivre un enfer"},"content":{"rendered":"<p>            Par<br \/>\n        <strong><br \/>\n            <a href=\"https:\/\/actu.fr\/auteur\/margot-nicodeme\" title=\"Consulter tous les articles de Margot Nicod\u00e8me\" target=\"_blank\" rel=\"noopener\">Margot Nicod\u00e8me<\/a><br \/>\n        <\/strong><\/p>\n<p>        Publi\u00e9 le<\/p>\n<p>            28 avr. 2025 \u00e0 11h00        <\/p>\n<p>Tr\u00e8s vite, la jeune femme s\u2019est rendu compte que <b>quelque chose clochait chez l\u2019homme<\/b> qu\u2019elle venait de rencontrer<b> via <a href=\"https:\/\/actu.fr\/tag\/tinder\" target=\"_blank\" rel=\"noopener\">Tinder<\/a><\/b>, \u00e0 <a href=\"https:\/\/actu.fr\/hauts-de-france\/lille_59350\" target=\"_blank\" rel=\"noopener\">Lille<\/a> (Nord). Fin 2023, en coupant court \u00e0 la relation, vieille d\u2019un mois \u00e0 peine, elle ne se doute pas de <b>l\u2019enfer que va lui faire vivre cet architecte de m\u00e9tier<\/b>. Ne dig\u00e9rant pas la rupture, le quadrag\u00e9naire va commencer \u00e0 la harceler, et surtout \u00e0 diffuser sur ses r\u00e9seaux sociaux une photo intime d\u2019elle, prise \u00e0 son insu. Un an et demi plus tard, c\u2019est au tribunal de Lille que les deux anciens amants se sont revus pour la premi\u00e8re fois, le 23 avril 2025. Il y a \u00e9t\u00e9 donn\u00e9 le d\u00e9tail des probl\u00e8mes psychiatriques du pr\u00e9venu.\u00a0<\/p>\n<p>\u00ab\u00a0Je suis encore en train de me demander ce qui m\u2019arrive\u00a0\u00bb<\/p>\n<p class=\" wall-content\">La plaignante, Vanessa*, et le pr\u00e9venu, Romain*, sont deux parents s\u00e9par\u00e9s, en octobre 2023, quand ils commencent \u00e0 nouer une conversation sur <a href=\"https:\/\/actu.fr\/hauts-de-france\/lille_59350\/a-lille-voici-les-centres-dinteret-qui-generent-le-plus-de-crushes-sur-happn_62544186.html\" target=\"_blank\" rel=\"noopener\">l\u2019application de rencontres<\/a> Tinder. L\u2019alchimie est au rendez-vous, ils se rencontrent et entament une relation. Toutefois, la jeune femme se rend vite compte que son nouvel amant a \u00ab\u00a0un probl\u00e8me avec le consentement\u00a0\u00bb, comme elle le dit au tribunal. Il publie, sans lui demander son avis, une photo d\u2019elle et de sa fille sur ses r\u00e9seaux sociaux. Il refuse, surtout, de l\u2019enlever quand elle le lui demande.<\/p>\n<p class=\" wall-content\">Elle met alors fin \u00e0 la relation. Romain ne comprend pas, et l\u2019inonde alors de messages, si bien que Vanessa est contrainte de bloquer son contact. Ce n\u2019est que peu de temps apr\u00e8s qu\u2019elle tombe, sur Facebook, sur une photo sur laquelle elle se reconna\u00eet. Son ex \u00ab\u00a0flirt\u00a0\u00bb a ainsi post\u00e9 une photo de ses fesses, qu\u2019il a prise alors que Vanessa dormait. Sur la photo publi\u00e9e en ligne, la mention \u00ab\u00a0Cr\u00e8ve salope\u00a0\u00bb.<\/p>\n<p class=\" wall-content\">La plaignante a encore du mal \u00e0 r\u00e9aliser ce par quoi elle est pass\u00e9e, pr\u00e8s de 2 ans plus tard : \u00ab\u00a0<b>Je suis encore en train de me demander ce qui m\u2019arrive<\/b>\u00ab\u00a0, lance-t-elle \u00e0 la barre du tribunal. Romain, aussi pr\u00e9sent ce 24 avril, ne change pas sa ligne de d\u00e9fense : ce n\u2019est pas Vanessa qui est nue sur cette photo, mais sa femme de m\u00e9nage, avec qui il avait entam\u00e9 une relation en parall\u00e8le.\u00a0<\/p>\n<p class=\" wall-content\">\u00ab\u00a0Mais vous avez harcel\u00e9 Madame ?\u00a0\u00bb, l\u2019interroge le pr\u00e9sident. \u00ab\u00a0Je lui ai envoy\u00e9 des SMS pour avoir une explication sur la fin de notre relation, mais je n\u2019ai jamais publi\u00e9 de photo d\u2019elle\u00a0\u00bb, r\u00e9pond le pr\u00e9venu, imperturbable. Ces fesses post\u00e9es sur Internet, ce sont celles de sa femme de m\u00e9nage, aussi amante, il n\u2019en d\u00e9mord pas. Elle a consenti \u00e0 \u00eatre photographi\u00e9e nue \u00e0 plusieurs reprises, elle l\u2019a confirm\u00e9 aux enqu\u00eateurs.\u00a0<\/p>\n<p class=\" wall-content\">Et, qu\u2019importe, finalement, qui se trouve dessus, pourquoi ne pas simplement la retirer ? \u00ab\u00a0Je suis dans une d\u00e9marche artistique\u00a0\u00bb, a r\u00e9pondu Romain.<\/p>\n<p>Des troubles psychiatriques diagnostiqu\u00e9s chez le pr\u00e9venu<\/p>\n<p class=\" wall-content\">La photo en question ne serait plus sur Facebook, mais seulement sur Instagram. Pire encore, d\u00e9nonce l\u2019avocate de la plaignante, il l\u2019aurait imprim\u00e9e \u00ab\u00a0dans un format assez \u00e9tendu\u00a0\u00bb dans le but de la vendre dans le cadre d\u2019une exposition. \u00ab\u00a0Ce n\u2019est pas une photo d\u2019elle\u00a0\u00bb, insiste Romain. Pourtant, encore \u00e0 l\u2019audience, Vanessa dit se reconna\u00eetre formellement.<\/p>\n<p class=\" wall-content\">Et pour le harc\u00e8lement par messages, les insultes, le \u00ab\u00a0cr\u00e8ve salope\u00a0\u00bb, il avance qu\u2019il a \u00e9t\u00e9<b> diagnostiqu\u00e9 maniaco-d\u00e9pressif<\/b>, en plus de souffrir d\u2019un trouble bipolaire. Le quadrag\u00e9naire est en effet suivi par un psychiatre, qui lui attribue des \u00ab\u00a0p\u00e9riodes maniques\u00a0\u00bb lors desquelles son discernement est alt\u00e9r\u00e9. Il a d\u2019ailleurs \u00e9t\u00e9 hospitalis\u00e9 en psychiatrie au terme de sa garde \u00e0 vue, fin 2023. Il n\u2019exerce plus son m\u00e9tier d\u2019architecte.\u00a0<\/p>\n<p class=\" wall-content\">Si le pr\u00e9sident dit, \u00e0 un moment, penser avoir affaire \u00e0 \u00ab\u00a0une personne intelligente, qui sait quand elle peut sortir l\u2019argument de la maladie psychiatrique\u00a0\u00bb, c\u2019est bien les pathologies dont est atteint Romain qui pr\u00e9vaudront dans le rendu de d\u00e9cision. En effet, l\u2019homme est \u00ab\u00a0reconnu irresponsable p\u00e9nalement\u00a0\u00bb en raison d\u2019une \u00ab\u00a0abolition du discernement\u00a0\u00bb. Il devra tout de m\u00eame indemniser la victime \u00e0 hauteur de 3 270 \u20ac.<\/p>\n<p class=\" wall-content\">*Les pr\u00e9noms ont \u00e9t\u00e9 chang\u00e9s<\/p>\n<p class=\" wall-content\">Suivez toute l\u2019actualit\u00e9 de vos villes et m\u00e9dias favoris en vous inscrivant \u00e0 <a href=\"https:\/\/moncompte.actu.fr\" title=\"D\u00e9couvez Mon Actu\" rel=\"nofollow noopener\" data-trk=\"{&quot;cta&quot;:{&quot;action&quot;:&quot;https:\\\/\\\/moncompte.actu.fr&quot;,&quot;category&quot;:&quot;mon compte&quot;,&quot;from&quot;:&quot;article footer&quot;,&quot;name&quot;:&quot;Mon actu&quot;,&quot;type&quot;:&quot;cta&quot;}}\" target=\"_blank\">Mon Actu<\/a>.<\/p>\n","protected":false},"excerpt":{"rendered":"Par Margot Nicod\u00e8me Publi\u00e9 le 28 avr. 2025 \u00e0 11h00 Tr\u00e8s vite, la jeune femme s\u2019est rendu compte&hellip;\n","protected":false},"author":2,"featured_media":58903,"comment_status":"","ping_status":"","sticky":false,"template":"","format":"standard","meta":{"footnotes":""},"categories":[2815],"tags":[1111,11,1777,674,118,1011,27,811,303,1307,12,25,15541],"class_list":{"0":"post-58902","1":"post","2":"type-post","3":"status-publish","4":"format-standard","5":"has-post-thumbnail","7":"category-lille","8":"tag-actu","9":"tag-actualites","10":"tag-eu","11":"tag-europe","12":"tag-faits-divers","13":"tag-fr","14":"tag-france","15":"tag-hauts-de-france","16":"tag-justice","17":"tag-lille","18":"tag-news","19":"tag-republique-francaise","20":"tag-tinder"},"share_on_mastodon":{"url":"https:\/\/pubeurope.com\/@fr\/114414881744207710","error":""},"_links":{"self":[{"href":"https:\/\/www.europesays.com\/fr\/wp-json\/wp\/v2\/posts\/58902","targetHints":{"allow":["GET"]}}],"collection":[{"href":"https:\/\/www.europesays.com\/fr\/wp-json\/wp\/v2\/posts"}],"about":[{"href":"https:\/\/www.europesays.com\/fr\/wp-json\/wp\/v2\/types\/post"}],"author":[{"embeddable":true,"href":"https:\/\/www.europesays.com\/fr\/wp-json\/wp\/v2\/users\/2"}],"replies":[{"embeddable":true,"href":"https:\/\/www.europesays.com\/fr\/wp-json\/wp\/v2\/comments?post=58902"}],"version-history":[{"count":0,"href":"https:\/\/www.europesays.com\/fr\/wp-json\/wp\/v2\/posts\/58902\/revisions"}],"wp:featuredmedia":[{"embeddable":true,"href":"https:\/\/www.europesays.com\/fr\/wp-json\/wp\/v2\/media\/58903"}],"wp:attachment":[{"href":"https:\/\/www.europesays.com\/fr\/wp-json\/wp\/v2\/media?parent=58902"}],"wp:term":[{"taxonomy":"category","embeddable":true,"href":"https:\/\/www.europesays.com\/fr\/wp-json\/wp\/v2\/categories?post=58902"},{"taxonomy":"post_tag","embeddable":true,"href":"https:\/\/www.europesays.com\/fr\/wp-json\/wp\/v2\/tags?post=58902"}],"curies":[{"name":"wp","href":"https:\/\/api.w.org\/{rel}","templated":true}]}}