{"id":589020,"date":"2025-12-09T17:54:23","date_gmt":"2025-12-09T17:54:23","guid":{"rendered":"https:\/\/www.europesays.com\/fr\/589020\/"},"modified":"2025-12-09T17:54:23","modified_gmt":"2025-12-09T17:54:23","slug":"royaume-uni-vague-de-bananes-echouees-sur-les-cotes-anglaises","status":"publish","type":"post","link":"https:\/\/www.europesays.com\/fr\/589020\/","title":{"rendered":"Royaume-Uni: Vague de bananes \u00e9chou\u00e9es sur les c\u00f4tes anglaises"},"content":{"rendered":"<p>Publi\u00e99. d\u00e9cembre 2025, 18:37<\/p>\n<p>Royaume-Uni: Vague de bananes \u00e9chou\u00e9es sur les c\u00f4tes anglaises<\/p>\n<p>Un navire a chavir\u00e9 pr\u00e8s de l\u2019\u00eele de Wight. Huit de ses conteneurs renfermaient des bananes, deux des bananes plantains et un des avocats.<\/p>\n<p><img loading=\"lazy\" decoding=\"async\" src=\"https:\/\/www.europesays.com\/fr\/wp-content\/uploads\/2025\/12\/56234db3-8496-4112-8cdb-3421b8e499cf.jpg\" alt=\"Les bananes \u00e9chou\u00e9es sur la plage de Selsey.\" title=\"Les bananes \u00e9chou\u00e9es sur la plage de Selsey.\"  width=\"1089\" height=\"750\"\/><\/p>\n<p>Les bananes \u00e9chou\u00e9es sur la plage de Selsey.<\/p>\n<p>AFP<\/p>\n<p>Une op\u00e9ration de nettoyage \u00e9tait en cours mardi pour ramasser de grandes quantit\u00e9s de bananes \u00e9chou\u00e9es sur les c\u00f4tes du sud de l\u2019Angleterre, apr\u00e8s un incident au cours duquel un porte-conteneurs a chavir\u00e9 pr\u00e8s de l\u2019\u00eele de Wight.<\/p>\n<p>Le cargo Baltic Kipper a perdu samedi 16 conteneurs, dont huit renfermant des bananes, deux des bananes plantains et un des avocats, selon les garde-c\u00f4tes britanniques.<\/p>\n<p>Les autorit\u00e9s locales m\u00e8nent l\u2019op\u00e9ration de nettoyage avec l\u2019aide d\u2019une entreprise sp\u00e9cialis\u00e9e dans la r\u00e9ponse aux urgences environnementales, a indiqu\u00e9 mardi le conseil du West Sussex dans un communiqu\u00e9. Il s\u2019agit de s\u00e9curiser les conteneurs et de ramasser les d\u00e9chets, principalement des fruits et du polystyr\u00e8ne, est-il pr\u00e9cis\u00e9.<\/p>\n<p>Sur la plage de Selsey, des volontaires \u00e9taient affair\u00e9s \u00e0 remplir leurs sacs poubelle de ces bananes vertes et noircies parsemant la plage, non loin de conteneurs blancs \u00e9ventr\u00e9s.<\/p>\n<p>Les autorit\u00e9s ont appel\u00e9 le public \u00e0 ne pas consommer les fruits \u00e9chou\u00e9s sur le rivage. Elles ont aussi mis en garde les personnes offrant leur aide pour nettoyer, en raison de la pr\u00e9sence sur les plages de morceaux de m\u00e9tal tranchants issus des conteneurs.<\/p>\n<p>\u00abToute aide est la bienvenue, mais nous vous demandons de faire preuve de prudence. Il est \u00e9galement important que tous les d\u00e9chets collect\u00e9s soient laiss\u00e9s \u00e0 l\u2019endroit pr\u00e9vu pour leur ramassage\u00bb, ont-elles exhort\u00e9.<\/p>\n<p><img loading=\"lazy\" decoding=\"async\" src=\"https:\/\/www.europesays.com\/fr\/wp-content\/uploads\/2025\/12\/58a4e79b-465d-4ebb-90d8-03158d54cf0e.jpg\" alt=\"Les bananes r\u00e9cup\u00e9r\u00e9es.\" title=\"Les bananes r\u00e9cup\u00e9r\u00e9es.\"  width=\"1200\" height=\"668\"\/><\/p>\n<p>Les bananes r\u00e9cup\u00e9r\u00e9es.<\/p>\n<p>AFP<\/p>\n<p>(afp)<\/p>\n","protected":false},"excerpt":{"rendered":"Publi\u00e99. d\u00e9cembre 2025, 18:37 Royaume-Uni: Vague de bananes \u00e9chou\u00e9es sur les c\u00f4tes anglaises Un navire a chavir\u00e9 pr\u00e8s&hellip;\n","protected":false},"author":2,"featured_media":589021,"comment_status":"","ping_status":"","sticky":false,"template":"","format":"standard","meta":{"footnotes":""},"categories":[1588],"tags":[11,1777,674,12,473,1853,1851,1850,1852],"class_list":{"0":"post-589020","1":"post","2":"type-post","3":"status-publish","4":"format-standard","5":"has-post-thumbnail","7":"category-royaume-uni","8":"tag-actualites","9":"tag-eu","10":"tag-europe","11":"tag-news","12":"tag-royaume-uni","13":"tag-royaume-uni-de-grande-bretagne-et-dirlande-du-nord","14":"tag-uk","15":"tag-united-kingdom","16":"tag-united-kingdom-of-great-britain-and-northern-ireland"},"share_on_mastodon":{"url":"https:\/\/pubeurope.com\/@fr\/115690895914483237","error":""},"_links":{"self":[{"href":"https:\/\/www.europesays.com\/fr\/wp-json\/wp\/v2\/posts\/589020","targetHints":{"allow":["GET"]}}],"collection":[{"href":"https:\/\/www.europesays.com\/fr\/wp-json\/wp\/v2\/posts"}],"about":[{"href":"https:\/\/www.europesays.com\/fr\/wp-json\/wp\/v2\/types\/post"}],"author":[{"embeddable":true,"href":"https:\/\/www.europesays.com\/fr\/wp-json\/wp\/v2\/users\/2"}],"replies":[{"embeddable":true,"href":"https:\/\/www.europesays.com\/fr\/wp-json\/wp\/v2\/comments?post=589020"}],"version-history":[{"count":0,"href":"https:\/\/www.europesays.com\/fr\/wp-json\/wp\/v2\/posts\/589020\/revisions"}],"wp:featuredmedia":[{"embeddable":true,"href":"https:\/\/www.europesays.com\/fr\/wp-json\/wp\/v2\/media\/589021"}],"wp:attachment":[{"href":"https:\/\/www.europesays.com\/fr\/wp-json\/wp\/v2\/media?parent=589020"}],"wp:term":[{"taxonomy":"category","embeddable":true,"href":"https:\/\/www.europesays.com\/fr\/wp-json\/wp\/v2\/categories?post=589020"},{"taxonomy":"post_tag","embeddable":true,"href":"https:\/\/www.europesays.com\/fr\/wp-json\/wp\/v2\/tags?post=589020"}],"curies":[{"name":"wp","href":"https:\/\/api.w.org\/{rel}","templated":true}]}}