{"id":589022,"date":"2025-12-09T17:55:21","date_gmt":"2025-12-09T17:55:21","guid":{"rendered":"https:\/\/www.europesays.com\/fr\/589022\/"},"modified":"2025-12-09T17:55:21","modified_gmt":"2025-12-09T17:55:21","slug":"allemagne-la-sinistre-realite-des-maisons-closes","status":"publish","type":"post","link":"https:\/\/www.europesays.com\/fr\/589022\/","title":{"rendered":"Allemagne. La sinistre r\u00e9alit\u00e9 des\u00a0maisons closes"},"content":{"rendered":"<p class=\"insetTitle\">Prostitution &#8211; Des femmes politiques allemandes r\u00e9agissent<\/p>\n<p>La ministre f\u00e9d\u00e9rale allemande de la Famille, Karin Prien, a nomm\u00e9 d\u00e9but d\u00e9cembre une commission d\u2019experts charg\u00e9e d\u2019\u00e9laborer des mesures, l\u00e9gislatives ou non, visant \u00e0 renforcer la protection des travailleuses du sexe. R\u00e9sultats attendus dans un an.<\/p>\n<p>En Allemagne, la prostitution a \u00e9t\u00e9 l\u00e9galis\u00e9e en 2002. Les travailleuses du sexe sont tenues de s\u2019enregistrer et les \u00e9tablissements de prostitution, tels que les maisons closes, doivent \u00eatre agr\u00e9\u00e9s. Selon l\u2019Office f\u00e9d\u00e9ral de la statistique, le nombre de prostitu\u00e9es enregistr\u00e9es en Allemagne en 2024 \u00e9tait d\u2019environ 32\u00a0300. Cependant, le chiffre r\u00e9el est bien plus \u00e9lev\u00e9, nombreuses \u00e9tant les femmes non enregistr\u00e9es.<\/p>\n<p>La pr\u00e9sidente du Bundestag, Julia Kl\u00f6ckner (CDU), a r\u00e9cemment plaid\u00e9 pour un renforcement de la r\u00e9glementation relative aux droits des femmes\u00a0: \u00ab\u00a0Je suis fermement convaincue que nous devons enfin interdire la prostitution et l\u2019achat de services sexuels dans ce pays.\u00a0\u00bb Il s\u2019agit pour elle de lutter contre la prostitution forc\u00e9e et les violences faites aux travailleuses du sexe. Elle \u00e9voque \u00ab\u00a0des abus graves et persistants, un pouvoir des hommes excessif, une absence de consentement\u00a0\u00bb.<\/p>\n<p>Ce qui fait de l\u2019Allemagne, selon elle, le \u00ab\u00a0bordel de l\u2019Europe\u00a0\u00bb.<\/p>\n<p class=\"insetSignature\">Anne Vouaux<\/p>\n","protected":false},"excerpt":{"rendered":"Prostitution &#8211; Des femmes politiques allemandes r\u00e9agissent La ministre f\u00e9d\u00e9rale allemande de la Famille, Karin Prien, a nomm\u00e9&hellip;\n","protected":false},"author":2,"featured_media":589023,"comment_status":"","ping_status":"","sticky":false,"template":"","format":"standard","meta":{"footnotes":""},"categories":[1587],"tags":[11,672,2389,1804,1805,1803,1777,674,107,329,2798,1801,12,1802,1806,104],"class_list":{"0":"post-589022","1":"post","2":"type-post","3":"status-publish","4":"format-standard","5":"has-post-thumbnail","7":"category-allemagne","8":"tag-actualites","9":"tag-allemagne","10":"tag-alsace","11":"tag-bundesrepublik-deutschland","12":"tag-de","13":"tag-deutschland","14":"tag-eu","15":"tag-europe","16":"tag-fil-info","17":"tag-france-monde","18":"tag-galerie-photo","19":"tag-germany","20":"tag-news","21":"tag-republique-federale-dallemagne","22":"tag-rheinblick","23":"tag-societe"},"share_on_mastodon":{"url":"https:\/\/pubeurope.com\/@fr\/115690899172522567","error":""},"_links":{"self":[{"href":"https:\/\/www.europesays.com\/fr\/wp-json\/wp\/v2\/posts\/589022","targetHints":{"allow":["GET"]}}],"collection":[{"href":"https:\/\/www.europesays.com\/fr\/wp-json\/wp\/v2\/posts"}],"about":[{"href":"https:\/\/www.europesays.com\/fr\/wp-json\/wp\/v2\/types\/post"}],"author":[{"embeddable":true,"href":"https:\/\/www.europesays.com\/fr\/wp-json\/wp\/v2\/users\/2"}],"replies":[{"embeddable":true,"href":"https:\/\/www.europesays.com\/fr\/wp-json\/wp\/v2\/comments?post=589022"}],"version-history":[{"count":0,"href":"https:\/\/www.europesays.com\/fr\/wp-json\/wp\/v2\/posts\/589022\/revisions"}],"wp:featuredmedia":[{"embeddable":true,"href":"https:\/\/www.europesays.com\/fr\/wp-json\/wp\/v2\/media\/589023"}],"wp:attachment":[{"href":"https:\/\/www.europesays.com\/fr\/wp-json\/wp\/v2\/media?parent=589022"}],"wp:term":[{"taxonomy":"category","embeddable":true,"href":"https:\/\/www.europesays.com\/fr\/wp-json\/wp\/v2\/categories?post=589022"},{"taxonomy":"post_tag","embeddable":true,"href":"https:\/\/www.europesays.com\/fr\/wp-json\/wp\/v2\/tags?post=589022"}],"curies":[{"name":"wp","href":"https:\/\/api.w.org\/{rel}","templated":true}]}}