{"id":589034,"date":"2025-12-09T18:03:25","date_gmt":"2025-12-09T18:03:25","guid":{"rendered":"https:\/\/www.europesays.com\/fr\/589034\/"},"modified":"2025-12-09T18:03:25","modified_gmt":"2025-12-09T18:03:25","slug":"larbre-qui-cache-la-foret-le-danger-plane-sur-le-rugby-a-xv-en-france","status":"publish","type":"post","link":"https:\/\/www.europesays.com\/fr\/589034\/","title":{"rendered":"\u00a0\u00bbL\u2019arbre qui cache la for\u00eat\u00a0\u00bb, le danger plane sur le rugby \u00e0 XV en France"},"content":{"rendered":"<p><b>\u00ab Relancer le rugby \u00e0 XV, seul garant de nos valeurs \u00bb.<\/b> C\u2019est par cette d\u00e9claration que s\u2019ouvre le nouvel ouvrage de Lionel Girardi, entra\u00eeneur b\u00e9n\u00e9vole des U19 de Casteljaloux, dans le Lot-et-Garonne. Comme tout bon b\u00e9n\u00e9vole, Girardi ne vit que de son activit\u00e9 professionnelle\u2026 et, depuis peu, de son m\u00e9tier d\u2019agriculteur.<\/p>\n<p>Pourtant, pendant une grande partie de sa vie, c\u2019est bien le rugby qui l\u2019a port\u00e9 : pr\u00e9parateur physique, entra\u00eeneur, \u00e9ducateur, toujours habit\u00e9 par cette volont\u00e9 farouche de faire \u00e9voluer son sport.<\/p>\n<p>Ce livre en est une nouvelle preuve. \u00c0 travers 53 propositions, celui qui vient de souffler sa 50\u1d49 bougie analyse la crise qui plane sur la pratique du rugby \u00e0 XV, une pr\u00e9cision qui n\u2019a rien d\u2019anodin.<\/p>\n<p>Car si la F\u00e9d\u00e9ration fran\u00e7aise peut se f\u00e9liciter d\u2019une hausse globale du nombre de licenci\u00e9s, Lionel Girardi met en lumi\u00e8re une r\u00e9alit\u00e9 bien diff\u00e9rente, celle qu\u2019il observe depuis vingt-cinq ans au contact des clubs amateurs.<\/p>\n<p>Sa plume ma\u00eetris\u00e9e, son sens de l\u2019analyse et son go\u00fbt du d\u00e9tail coupl\u00e9s \u00e0 sa connaissance en font un v\u00e9ritable technicien. En pointant la fragilit\u00e9 du syst\u00e8me, Girardi n\u2019entend pas seulement dresser un constat : il souhaite ouvrir un v\u00e9ritable d\u00e9bat, avec les clubs de rugby \u00e0 XV et plus largement avec tous ceux qui accepteront de l\u2019entendre.<\/p>\n<p>Une d\u00e9marche qui a \u00e9videmment incit\u00e9 la r\u00e9daction du Rugbynist\u00e8re \u00e0 se plonger dans son ouvrage\u2026 et \u00e0 en discuter directement avec lui.<\/p>\n<p><a class=\"inserer_lien_article\" href=\"https:\/\/www.lerugbynistere.fr\/news\/amateur-monaco-fait-tomber-linvaincu-nice-ny-arrive-plus-le-point-amateur-du-week-end-2411251801.php\" data-id=\"46856\" data-route=\"app.article\" data-param=\"articleId\" ui-sref=\"app.article({articleId: 46856})\" alt=\"AMATEUR. Monaco fait tomber l&#039;invaincu, Nice n&#039;y arrive plus : le point amateur du week-end\" title=\"AMATEUR. Monaco fait tomber l&#039;invaincu, Nice n&#039;y arrive plus : le point amateur du week-end\" target=\"_blank\" rel=\"noopener\"><img decoding=\"async\" src=\"https:\/\/www.europesays.com\/fr\/wp-content\/uploads\/2025\/12\/yt-24-11-25-6400.jpg\" alt=\"AMATEUR. Monaco fait tomber l'invaincu, Nice n'y arrive plus : le point amateur du week-end\"\/>AMATEUR. Monaco fait tomber l&rsquo;invaincu, Nice n&rsquo;y arrive plus : le point amateur du week-end<\/a><\/p>\n<p>Dans votre livre, on constate aussi \u00e9norm\u00e9ment de sch\u00e9mas, cela rend l&rsquo;ouvrage plus accessible&#8230;<\/p>\n<p>Disons qu&rsquo;\u00e0 la base, je n&rsquo;\u00e9tais pas destin\u00e9 \u00e0 \u00e9crire. Mais quand je m&rsquo;y suis mis, j&rsquo;ai dit : \u00ab Non, l&rsquo;\u00e9ducateur, l&rsquo;entra\u00eeneur qui arrive, un ma\u00e7on, un banquier, et autres, ne sont pas des professionnels. \u00bb Alors il faut leur parler simplement, avec des mots simples qu&rsquo;ils comprennent. J&rsquo;ai toujours fait comme \u00e7a.<\/p>\n<p>Car vous l\u2019avez \u00e9crit pour ces b\u00e9n\u00e9voles ?<\/p>\n<p>Pas tout \u00e0 fait, c&rsquo;est vraiment aujourd&rsquo;hui l\u2019\u00e9ducateur-entra\u00eeneur que je suis qui veut informer les clubs de la nouvelle direction que prend la F\u00e9d\u00e9ration fran\u00e7aise de rugby. J&rsquo;ai voulu l&rsquo;expliquer pour que m\u00eame un simple parent de joueur qui tombe sur le livre et qui a envie d&rsquo;en savoir plus puisse le comprendre. Un parent n&rsquo;a pas forc\u00e9ment jou\u00e9 au rugby. Donc il faut qu&rsquo;ils puissent, en achetant le livre, comprendre des choses. Il fallait que tout le monde comprenne que l\u00e0, on est en train de prendre un virage et que nous, le monde des \u00e9ducateurs-entra\u00eeneurs, on n&rsquo;a pas forc\u00e9ment \u00e9t\u00e9 trop consult\u00e9s. Alors que c&rsquo;est nous qui devons faire vivre tous ces rugbys.<\/p>\n<p>Vous parlez de rugby au pluriel, justement c\u2019est l\u2019axe majeur de votre ouvrage, cette diversit\u00e9 d\u2019offre qui pourrait nuire, par r\u00e9sonance, au rugby \u00e0 XV.<\/p>\n<p>Alors, je ne dirais pas que \u00e7a le p\u00e9nalise, mais je dirais qu&rsquo;on engage des moyens humains, des moyens financiers dans les clubs vers d&rsquo;autres offres de rugby. Quand les clubs de <a href=\"https:\/\/www.lerugbynistere.fr\/championnats\/nationale\" ui-sref=\"app.competition({competitionId: 80})\" alt=\"Nationale\" data-route=\"app.competition\" data-param=\"competitionId\" data-id=\"80\" target=\"_blank\" rel=\"noopener\">Nationale<\/a> et F\u00e9d\u00e9rale sont bien structur\u00e9s et que le XV fonctionne bien, c\u2019est une bonne chose de d\u00e9velopper secondairement ces nouvelles offres pour du rugby handicap, rugby sant\u00e9, rugby loisir. \u00c7a ne me g\u00eane pas du moment que la base est structur\u00e9e. Mais pour les autres, o\u00f9 tu vois qu&rsquo;il y a des ententes \u00e0 l&rsquo;\u00e9cole de rugby, en Junior, et bient\u00f4t en Senior, et qu\u2019en m\u00eame temps on te demande de d\u00e9velopper les autres formes de rugby, tu te dis : attends, mais d\u00e9j\u00e0, c&rsquo;est compliqu\u00e9 de faire des \u00e9quipes \u00e0 XV. Il faut qu&rsquo;on y mette tous nos moyens pour essayer de relancer \u00e7a, de relancer le rugby \u00e0 XV.<\/p>\n<p>Depuis la mise en place de cette diversification de l\u2019offre, le nombre de licenci\u00e9(e)s\u00a0\u00e0 augment\u00e9, comme c\u2019\u00e9tait annonc\u00e9 par la gourvernance.<\/p>\n<p>Oui, mais la hausse du nombre de licenci\u00e9s ne doit pas \u00eatre un objectif, cela doit \u00eatre le r\u00e9sultat. Bien s\u00fbr que le nombre de licences a augment\u00e9, surtout chez les f\u00e9minines, comme je le d\u00e9montre sur les graphiques du livre. On sort aussi d\u2019une p\u00e9riode post <a href=\"https:\/\/www.lerugbynistere.fr\/international\/coupe-du-monde-rugby\/\" ui-sref=\"app.competition({competitionId: 9})\" alt=\"Coupe du Monde\" data-route=\"app.competition\" data-param=\"competitionId\" data-id=\"9\" target=\"_blank\" rel=\"noopener\">Coupe du Monde<\/a>, et effectivement les offres propos\u00e9es s&rsquo;adaptent au plus grand nombre. Mais il faut soigner la base ; la base, c\u2019est le rugby \u00e0 XV. L\u00e0, les effectifs se d\u00e9t\u00e9riorent. La fid\u00e9lisation doit \u00eatre le cheval de bataille des entra\u00eeneurs avec les jeunes. En 2022, on constate une baisse de 3 514 joueurs entre les cat\u00e9gories U14 et U19. C&rsquo;est l&rsquo;arbre qui cache la f\u00f4ret.<\/p>\n<p>Pour contrer cette baisse, vous comptez lier le rugby plus \u00e9troitement avec l\u2019\u00e9cole, en cr\u00e9ant aussi des cat\u00e9gories impaires.<\/p>\n<p>Il faut que les jeunes se c\u00f4toient en dehors des temps de rugby aussi. Aujourd\u2019hui, les cat\u00e9gories ne sont pas adapt\u00e9es au rythme scolaire. Ces cat\u00e9gories impaires ont \u00e9t\u00e9 cr\u00e9\u00e9es dans les ann\u00e9es 2010 pour lutter contre le manque d\u2019effectifs en junior. Le passage aux cat\u00e9gories impaires permettrait de retrouver cette coh\u00e9rence et sans doute de fid\u00e9liser plus de jeunes. Ajoutez \u00e0 cela l\u2019\u00e9litisme et la duret\u00e9 du syst\u00e8me de formation, c\u2019est difficile pour certains jeunes \u00e9ject\u00e9s des clubs de l\u2019\u00e9lite de r\u00e9int\u00e9grer le syst\u00e8me actuel.<\/p>\n<p><img decoding=\"async\" src=\"https:\/\/www.europesays.com\/fr\/wp-content\/uploads\/2025\/12\/ffr-09-12-25-4734.jpg\" alt=\"\" caption=\"false\" class=\"img-responsive\"\/><\/p>\n<p>Il y a aussi une question de gabarit chez les jeunes, qui est capitale, puisque ces rugbymen en herbe ne sont d\u2019embl\u00e9e pas \u00e9gaux sur ce point-l\u00e0.<\/p>\n<p>Ah oui, parce qu&rsquo;en fait, aujourd&rsquo;hui, on l&rsquo;a souvent entendu : quand un gamin en moins de 14, se balade dans son petit club, on lui dit qu\u2019il vaut mieux aller jouer dans une \u00e9curie du Super Challenge. Mais le probl\u00e8me, c&rsquo;est qu&rsquo;on a mont\u00e9 un syst\u00e8me qui ne donne plus le choix. C&rsquo;est-\u00e0-dire qu&rsquo;un gamin qui se balade dans son petit club, il n&rsquo;a plus le choix que de s&rsquo;en aller. Ils n\u2019ont pas tous envie de partir \u00e0 60, 100, 150 km de chez eux, de changer de coll\u00e8ge, de changer de vie sociale, pour aller jouer \u00e0 un meilleur niveau au rugby. Le fait de surclasser les joueurs a \u00e9t\u00e9 enlev\u00e9, mais c\u2019est une tr\u00e8s bonne chose pour ces jeunes.<\/p>\n<p>Dans la mani\u00e8re d\u2019enseigner le rugby, vous \u00e9voquez aussi ce besoin important de le pr\u00e9senter en tant que sport de combat collectif.<\/p>\n<p>Pour moi, c&rsquo;est une des raisons pour lesquelles le rugby \u00e0 15 se d\u00e9grade depuis 25 ans. C&rsquo;est parce que avec un rugby plus \u00e9litiste, on a bien vu que le temps de jeu effectif a explos\u00e9 : il est pass\u00e9 de 11 minutes dans les ann\u00e9es 90, \u00e0 environ 40 minutes aujourd&rsquo;hui. Grosso modo, il a \u00e9t\u00e9 multipli\u00e9 par 3,5. Quand on multiplie le temps de jeu effectif par 3,5, qu&rsquo;est-ce qui se passe concr\u00e8tement sur un terrain ? On multiplie par 3,5 le nombre de contacts. C&rsquo;est \u00e7a, en fait. Il y a plus de <a href=\"https:\/\/www.lerugbynistere.fr\/videos\/plaquages.php\" ui-sref=\"app.tag\" alt=\"Plaquages\" data-route=\"app.tag\" data-param=\"slug\" data-id=\"plaquages\" target=\"_blank\" rel=\"noopener\">plaquages<\/a>, il y a plus de rucks\u2026 Cette \u00e9volution du rugby a augment\u00e9 le nombre de contacts et donc major\u00e9 l\u2019importance du combat. Donc rester sur un mod\u00e8le de formation par des contenus li\u00e9s au collectif, c&rsquo;est une grosse erreur dans le sport de combat collectif. Donc oui, le combat doit redevenir la priorit\u00e9 de la formation \u00e0 l&rsquo;\u00e9cole de rugby.<\/p>\n<p>Comme l\u2019esprit de comp\u00e9tition\u2026<\/p>\n<p>Alors, la comp\u00e9tition, c&rsquo;est pareil. L\u00e0, j&rsquo;en parle parce que depuis 25 ans, on nous dit : \u00ab La comp\u00e9tition, il ne faut surtout pas \u00e0 l&rsquo;\u00e9cole de rugby, le classement, ce n&rsquo;est pas grave, on est l\u00e0 pour jouer. \u00bb Mais le probl\u00e8me de la comp\u00e9tition, c&rsquo;est que l&rsquo;enfant est comp\u00e9titeur de nature. Il y a tr\u00e8s peu d&rsquo;enfants qui ne sont pas comp\u00e9titeurs. Alors, on est \u00e0 contre-nature.<\/p>\n<blockquote class=\"twitter-tweet\"><p>&#13;<\/p>\n<p lang=\"fr\" dir=\"ltr\">Le tirage au sort complet de cette phase de poule de la <a href=\"https:\/\/twitter.com\/hashtag\/RWC2027?src=hash&amp;ref_src=twsrc%5Etfw\" target=\"_blank\" rel=\"noopener\">#RWC2027<\/a> \ud83d\udc47 <a href=\"https:\/\/t.co\/RMuMy4iNUn\">pic.twitter.com\/RMuMy4iNUn<\/a><\/p>\n<p>&#13;<br \/>\n\u2014 <a href=\"https:\/\/www.lerugbynistere.fr\/equipes-nationales\/xv-de-france.php\" ui-sref=\"app.team({teamId: 65})\" alt=\"France\" data-route=\"app.team\" data-param=\"teamId\" data-id=\"65\" target=\"_blank\" rel=\"noopener\">France<\/a> Rugby (@FranceRugby) <a href=\"https:\/\/twitter.com\/FranceRugby\/status\/1996179928795205828?ref_src=twsrc%5Etfw\" target=\"_blank\" rel=\"noopener\">December 3, 2025<\/a><\/p><\/blockquote>\n<p>Alors, pourquoi l\u2019avons-nous retir\u00e9e ?<\/p>\n<p>En fait, le but d&rsquo;enlever la comp\u00e9tition \u00e0 l&rsquo;\u00e9cole de rugby, ce n&rsquo;\u00e9tait pas pour les gosses, c&rsquo;\u00e9tait pour les \u00e9ducateurs qui \u00e9taient trop comp\u00e9titeurs. Ils voulaient gagner les tournois, ils voulaient tout gagner. Au lieu de s&rsquo;en servir comme moyen d&rsquo;\u00e9valuation et de formation. Les d\u00e9rives de \u00e7a, c&rsquo;est qu&rsquo;ils ne calquent que des strat\u00e9gies de jeu pour gagner. Et souvent, on va se servir des trois meilleurs \u00e9l\u00e9ments de l\u2019\u00e9quipe pour jouer autour d\u2019eux.<\/p>\n<p>L\u2019un des points les plus positifs dans votre livre porte sur l\u2019\u00e9volution du rugby f\u00e9minin\u2026<\/p>\n<p>Effectivement. Alors l\u00e0, la f\u00e9d\u00e9ration annonce une hausse d\u2019environ 38 % des effectifs. Mais une fois de plus, ils consid\u00e8rent dans le calcul les dirigeantes et les b\u00e9n\u00e9voles. Moi je n\u2019aime parler que des joueuses, celles que l\u2019on doit former au rugby. Le gros souci des f\u00e9minines, c&rsquo;est l&rsquo;\u00e9cole de rugby. De m\u00e9moire, il y a 5 000 f\u00e9minines en \u00e9cole de rugby, des U6 aux U15. C&rsquo;est une population qui fait du rugby plut\u00f4t dans des \u00e2ges tardifs. Donc, si tu veux augmenter tes \u00e9quipes \u00e0 15, cela passe par l&rsquo;\u00e9cole de rugby.<\/p>\n<p>Vos 53 propositions, qui va les financer ?<\/p>\n<p>Personne, car la plupart ne co\u00fbtent pas un rond. D\u2019ailleurs, on nous dit que les caisses sont vides\u2026mais il y a des choses que l&rsquo;on peut am\u00e9liorer en r\u00e9organisant seulement.<\/p>\n<blockquote class=\"twitter-tweet\"><p>&#13;<\/p>\n<p lang=\"fr\" dir=\"ltr\">\ud83d\udd25 C\u2019est chaud au troisi\u00e8me \u00e9chelon : voici le bilan de la mi-saison \ud83d\udcca<a href=\"https:\/\/twitter.com\/hashtag\/rugby?src=hash&amp;ref_src=twsrc%5Etfw\" target=\"_blank\" rel=\"noopener\">#rugby<\/a> <a href=\"https:\/\/twitter.com\/hashtag\/nationale?src=hash&amp;ref_src=twsrc%5Etfw\" target=\"_blank\" rel=\"noopener\">#nationale<\/a> <a href=\"https:\/\/twitter.com\/hashtag\/albi?src=hash&amp;ref_src=twsrc%5Etfw\" target=\"_blank\" rel=\"noopener\">#albi<\/a> <a href=\"https:\/\/t.co\/nwVnrGvrFO\">https:\/\/t.co\/nwVnrGvrFO<\/a><\/p>\n<p>&#13;<br \/>\n\u2014 Le Rugbynistere (@LeRugbynistere) <a href=\"https:\/\/twitter.com\/LeRugbynistere\/status\/1998059133707452511?ref_src=twsrc%5Etfw\" target=\"_blank\" rel=\"noopener\">December 8, 2025<\/a><\/p><\/blockquote>\n<p>                            <script async src=\"https:\/\/platform.twitter.com\/widgets.js\" charset=\"utf-8\"><\/script><\/p>\n","protected":false},"excerpt":{"rendered":"\u00ab Relancer le rugby \u00e0 XV, seul garant de nos valeurs \u00bb. C\u2019est par cette d\u00e9claration que s\u2019ouvre&hellip;\n","protected":false},"author":2,"featured_media":589035,"comment_status":"","ping_status":"","sticky":false,"template":"","format":"standard","meta":{"footnotes":""},"categories":[1416],"tags":[1011,27,479,1468,60],"class_list":{"0":"post-589034","1":"post","2":"type-post","3":"status-publish","4":"format-standard","5":"has-post-thumbnail","7":"category-rugby","8":"tag-fr","9":"tag-france","10":"tag-rugby","11":"tag-rugby-football","12":"tag-sports"},"share_on_mastodon":{"url":"https:\/\/pubeurope.com\/@fr\/115690931629815050","error":""},"_links":{"self":[{"href":"https:\/\/www.europesays.com\/fr\/wp-json\/wp\/v2\/posts\/589034","targetHints":{"allow":["GET"]}}],"collection":[{"href":"https:\/\/www.europesays.com\/fr\/wp-json\/wp\/v2\/posts"}],"about":[{"href":"https:\/\/www.europesays.com\/fr\/wp-json\/wp\/v2\/types\/post"}],"author":[{"embeddable":true,"href":"https:\/\/www.europesays.com\/fr\/wp-json\/wp\/v2\/users\/2"}],"replies":[{"embeddable":true,"href":"https:\/\/www.europesays.com\/fr\/wp-json\/wp\/v2\/comments?post=589034"}],"version-history":[{"count":0,"href":"https:\/\/www.europesays.com\/fr\/wp-json\/wp\/v2\/posts\/589034\/revisions"}],"wp:featuredmedia":[{"embeddable":true,"href":"https:\/\/www.europesays.com\/fr\/wp-json\/wp\/v2\/media\/589035"}],"wp:attachment":[{"href":"https:\/\/www.europesays.com\/fr\/wp-json\/wp\/v2\/media?parent=589034"}],"wp:term":[{"taxonomy":"category","embeddable":true,"href":"https:\/\/www.europesays.com\/fr\/wp-json\/wp\/v2\/categories?post=589034"},{"taxonomy":"post_tag","embeddable":true,"href":"https:\/\/www.europesays.com\/fr\/wp-json\/wp\/v2\/tags?post=589034"}],"curies":[{"name":"wp","href":"https:\/\/api.w.org\/{rel}","templated":true}]}}