{"id":589042,"date":"2025-12-09T18:11:18","date_gmt":"2025-12-09T18:11:18","guid":{"rendered":"https:\/\/www.europesays.com\/fr\/589042\/"},"modified":"2025-12-09T18:11:18","modified_gmt":"2025-12-09T18:11:18","slug":"un-nouveau-depart-pour-luana-belmondo-apres-deux-annees-pour-se-reconstruire-lex-de-paul-belmondo-se-confie","status":"publish","type":"post","link":"https:\/\/www.europesays.com\/fr\/589042\/","title":{"rendered":"\u00ab\u00a0Un nouveau d\u00e9part\u00a0\u00bb pour Luana Belmondo apr\u00e8s deux ann\u00e9es pour se reconstruire, l&rsquo;ex de Paul Belmondo se confie"},"content":{"rendered":"<p>La suite apr\u00e8s la publicit\u00e9<\/p>\n<p>Il y a des \u00e9preuves dont on met plus de temps \u00e0 se remettre. Et une <a href=\"https:\/\/www.purepeople.com\/article\/-on-peut-briser-une-femme-les-mots-forts-de-luana-belmondo-apres-sa-rupture-avec-paul-toujours-pas-digeree_a526469\/1\" target=\"_blank\" rel=\"noopener\">rupture apr\u00e8s des d\u00e9cennies de bonheur<\/a> en fait partie. En 2024, \u00e0 la surprise g\u00e9n\u00e9rale, Paul et <a href=\"https:\/\/www.purepeople.com\/people\/luana-belmondo_p193815\" target=\"_blank\" rel=\"noopener\">Luana Belmondo<\/a> ont annonc\u00e9 leur s\u00e9paration apr\u00e8s plus de 30 ans de mariage. Une s\u00e9paration \u00e0 laquelle Luana Belmondo ne s&rsquo;attendait pas. Pour le magazine Gala, elle a accept\u00e9 de se livrer sur No\u00ebl et en a profit\u00e9 pour revenir sur ce moment compliqu\u00e9.<\/p>\n<p>Quand on lui demande de dresser le bilan de son ann\u00e9e 2025, la cuisini\u00e8re et m\u00e8re d&rsquo;Alessandro (1991), Victor (1993) et Giacomo (1998) dit les choses avec franchise : \u00ab\u00a0Pour moi, <strong>\u00e7a a \u00e9t\u00e9 une ann\u00e9e de reconstruction, et c\u2019est de \u00e7a dont je suis fi\u00e8re.<\/strong> J\u2019ai su me relever, avancer, soigner mes blessures, m\u00eame si elles sont toujours pr\u00e9sentes. Je me suis d\u00e9couvert une force que je n\u2019aurais jamais cru avoir. <strong>Tout \u00e7a a aussi pu arriver gr\u00e2ce \u00e0 des aides ext\u00e9rieures, mais je suis fi\u00e8re de cette reconstruction<\/strong>. J\u2019aurais pu rester dans mon chagrin, mais je n\u2019ai pas voulu, donc je suis contente d\u2019y \u00eatre arriv\u00e9e.\u00a0\u00bb. Si elle ne nomme pas l&rsquo;\u00e9preuve qu&rsquo;elle a d\u00fb surmonter en question, il est \u00e9vident qu&rsquo;elle \u00e9voque sa s\u00e9paration. Depuis sa rupture avec le fils de Jean-Paul Belmondo, elle a plusieurs fois pris la parole pour <a href=\"https:\/\/www.purepeople.com\/article\/luana-belmondo-separee-de-paul-ses-mots-forts-sur-une-annee-2024-qui-na-pas-ete-terrible_a532792\/1\" target=\"_blank\" rel=\"noopener\">partager ses \u00e9motions et les diff\u00e9rentes \u00e9tapes de sa reconstruction<\/a>.\u00a0<\/p>\n<p>Luana Belmondo pr\u00eate pour un nouveau d\u00e9part\u00a0<\/p>\n<p>Une reconstruction qui prend justement de plus en plus forme et qui fait que l&rsquo;avenir devient synonyme de belles promesses. \u00ab\u00a0J\u2019accueille 2026 avec les bras grands ouverts\u00a0! Je souhaite \u00e9videmment que mes enfants et mon petit-fils soient prot\u00e9g\u00e9s et heureux. En ce qui me concerne, <strong>cette reconstruction m\u2019a permis de me dire qu\u2019il y a des choses in\u00e9vitables dans la vie et qu\u2019il faut les accueillir. <\/strong>2026, c\u2019est comme un deuxi\u00e8me printemps, <strong>un nouveau d\u00e9part apr\u00e8s deux ans <\/strong>o\u00f9 j\u2019ai pass\u00e9 des moments vraiment difficiles. J\u2019ai beaucoup de projets professionnels et je suis s\u00fbre qu\u2019ils vont \u00eatre r\u00e9alis\u00e9s\u00a0\u00bb, confirme-t-elle<\/p>\n<p>En avril dernier, c&rsquo;est <a href=\"https:\/\/www.purepeople.com\/people\/paul-belmondo_p735\" target=\"_blank\" rel=\"noopener\">Paul Belmondo<\/a> qui avait \u00e9voqu\u00e9 sa reconstruction dans ABC Talk sur YouTube : \u00a0\u00bb \u201cAujourd&rsquo;hui, je me sens bien m\u00eame si<strong> 2024 a \u00e9t\u00e9 une ann\u00e9e tr\u00e8s difficile pour moi sur plein de points de vue<\/strong>. C\u2019est vrai que j\u2019ai eu tendance \u00e0 prendre beaucoup sur moi au d\u00e9but, c\u2019est assez stressant et aujourd\u2019hui, j\u2019ai r\u00e9ussi \u00e0 me d\u00e9tacher de tous ces probl\u00e8mes.\u201d Chacun a donc repris sa vie en main.\u00a0<\/p>\n<p>Ce No\u00ebl sera donc le deuxi\u00e8me o\u00f9 la famille sera divis\u00e9e, un moment particulier pour le clan. Mais Luana Belmondo a un beau projet pour ses fils : \u00ab\u00a0Je pense peut-\u00eatre leur offrir un voyage afin qu\u2019on soit tous les quatre ensemble.\u00a0\u00bb Un moment de pur bonheur qu&rsquo;elle partagera s\u00fbrement avec ses abonn\u00e9s !\u00a0<\/p>\n","protected":false},"excerpt":{"rendered":"La suite apr\u00e8s la publicit\u00e9 Il y a des \u00e9preuves dont on met plus de temps \u00e0 se&hellip;\n","protected":false},"author":2,"featured_media":589043,"comment_status":"","ping_status":"","sticky":false,"template":"","format":"standard","meta":{"footnotes":""},"categories":[1359],"tags":[58,59,1011,27,973],"class_list":{"0":"post-589042","1":"post","2":"type-post","3":"status-publish","4":"format-standard","5":"has-post-thumbnail","7":"category-people","8":"tag-divertissement","9":"tag-entertainment","10":"tag-fr","11":"tag-france","12":"tag-people"},"share_on_mastodon":{"url":"https:\/\/pubeurope.com\/@fr\/115690961982908564","error":""},"_links":{"self":[{"href":"https:\/\/www.europesays.com\/fr\/wp-json\/wp\/v2\/posts\/589042","targetHints":{"allow":["GET"]}}],"collection":[{"href":"https:\/\/www.europesays.com\/fr\/wp-json\/wp\/v2\/posts"}],"about":[{"href":"https:\/\/www.europesays.com\/fr\/wp-json\/wp\/v2\/types\/post"}],"author":[{"embeddable":true,"href":"https:\/\/www.europesays.com\/fr\/wp-json\/wp\/v2\/users\/2"}],"replies":[{"embeddable":true,"href":"https:\/\/www.europesays.com\/fr\/wp-json\/wp\/v2\/comments?post=589042"}],"version-history":[{"count":0,"href":"https:\/\/www.europesays.com\/fr\/wp-json\/wp\/v2\/posts\/589042\/revisions"}],"wp:featuredmedia":[{"embeddable":true,"href":"https:\/\/www.europesays.com\/fr\/wp-json\/wp\/v2\/media\/589043"}],"wp:attachment":[{"href":"https:\/\/www.europesays.com\/fr\/wp-json\/wp\/v2\/media?parent=589042"}],"wp:term":[{"taxonomy":"category","embeddable":true,"href":"https:\/\/www.europesays.com\/fr\/wp-json\/wp\/v2\/categories?post=589042"},{"taxonomy":"post_tag","embeddable":true,"href":"https:\/\/www.europesays.com\/fr\/wp-json\/wp\/v2\/tags?post=589042"}],"curies":[{"name":"wp","href":"https:\/\/api.w.org\/{rel}","templated":true}]}}