{"id":589044,"date":"2025-12-09T18:12:30","date_gmt":"2025-12-09T18:12:30","guid":{"rendered":"https:\/\/www.europesays.com\/fr\/589044\/"},"modified":"2025-12-09T18:12:30","modified_gmt":"2025-12-09T18:12:30","slug":"apres-le-louvre-le-chateau-de-versailles-annonce-augmenter-ses-tarifs-pour-les-non-europeens-en-2026","status":"publish","type":"post","link":"https:\/\/www.europesays.com\/fr\/589044\/","title":{"rendered":"Apr\u00e8s le Louvre, le Ch\u00e2teau de Versailles annonce augmenter ses tarifs pour les non-Europ\u00e9ens en 2026"},"content":{"rendered":"<p>\n    Le Ch\u00e2teau de Versailles augmentera son prix d\u2019entr\u00e9e de 3 euros pour les visiteurs hors Espace \u00e9conomique europ\u00e9en, passant \u00e0 35 euros \u00e0 partir du 14 janvier, dans le cadre d\u2019une tarification diff\u00e9renci\u00e9e voulue par le minist\u00e8re de la Culture.<\/p>\n<p class=\"fig-paragraph\">Le\u00a0<a href=\"http:\/\/www.lefigaro.fr\/style\/montblanc-inspire-par-la-grandeur-du-chateau-de-versailles-20251105\" data-fig-type=\"Article\" data-gtm-custom-categorie=\"navigation\" data-gtm-custom-action=\"crossclick\" data-gtm-custom-label=\"Contextuel\" data-gtm-event=\"customEventSPE\" data-fig-domain=\"LEFIGARO\" target=\"_blank\" rel=\"noopener\">Ch\u00e2teau de Versailles<\/a>\u00a0va augmenter de 3 euros son prix d&rsquo;entr\u00e9e pour les visiteurs extra-europ\u00e9ens, une tarification diff\u00e9renci\u00e9e voulue par le minist\u00e8re de la Culture et d\u00e9j\u00e0 act\u00e9e notamment au\u00a0<a href=\"http:\/\/www.lefigaro.fr\/flash-actu\/greve-au-louvre-l-europe-reagit-a-la-strategie-de-securite-americaine-controle-technique-renforce-pour-les-airbags-takata-les-3-infos-a-retenir-a-la-mi-journee-20251208\" data-fig-type=\"NewsFlash\" data-gtm-custom-categorie=\"navigation\" data-gtm-custom-action=\"crossclick\" data-gtm-custom-label=\"Contextuel\" data-gtm-event=\"customEventSPE\" data-fig-domain=\"LEFIGARO\" target=\"_blank\" rel=\"noopener\">Louvre<\/a>, a appris l&rsquo;AFP mardi aupr\u00e8s de l&rsquo;\u00e9tablissement.<\/p>\n<p class=\"fig-paragraph\">\u00c0 partir du 14 janvier, les ressortissants hors Espace \u00e9conomique europ\u00e9en (EEE, qui comprend Union europ\u00e9enne, Islande, Liechtenstein, Norv\u00e8ge) devront s&rsquo;acquitter de 35 euros pour visiter le domaine de Louis XIV contre 32 actuellement, soit une hausse de 9,4%.<\/p>\n<p>                                            <a class=\"fig-a11y-skip\" href=\"#fig-a11y-skip-main-inarticle\" data-module=\"a11y-skip\" data-context=\"was @visible\"><br \/>\n    Passer la publicit\u00e9<br \/>\n<\/a>            <\/p>\n<p class=\"fig-paragraph\">Cette d\u00e9cision, act\u00e9e le 27 novembre lors d&rsquo;un conseil d&rsquo;administration de l&rsquo;\u00e9tablissement public g\u00e9rant le Ch\u00e2teau de Versailles, devrait permettre de d\u00e9gager 9,3 millions d&rsquo;euros suppl\u00e9mentaires par an selon les projections fond\u00e9es sur la fr\u00e9quentation 2024. L&rsquo;an dernier, le Ch\u00e2teau de Versailles a accueilli 8,4 millions de personnes, dont 83% d&rsquo;\u00e9trangers.<\/p>\n<p>                                            \u00abLes Fran\u00e7ais n\u2019ont pas vocation \u00e0 payer tout, tout seuls\u00bb<\/p>\n<p class=\"fig-paragraph\">Repr\u00e9sentant 15% de l&rsquo;ensemble des visiteurs, les Am\u00e9ricains forment le premier contingent d&rsquo;\u00e9trangers devant la Chine et l&rsquo;Italie, tous deux \u00e0 6%, selon le rapport annuel de l&rsquo;\u00e9tablissement qui abrite \u00e9galement les jardins et les deux Trianon. Fin novembre, le mus\u00e9e du Louvre avait lui aussi d\u00e9cid\u00e9 d&rsquo;<a href=\"https:\/\/www.lefigaro.fr\/culture\/au-louvre-le-tarif-specifique-et-plus-cher-pour-les-touristes-extra-europeens-en-place-des-2026-20250128?msockid=2dda64b82db3621607b572ef2cba639a\" target=\"_blank\" data-fig-type=\"NewsFlash\" rel=\"sponsored noopener\" data-gtm-custom-categorie=\"navigation\" data-gtm-custom-action=\"crossclick\" data-gtm-custom-label=\"Contextuel\" data-gtm-event=\"customEventSPE\" data-fig-domain=\"LEFIGARO\">augmenter son billet d&rsquo;entr\u00e9e pour les r\u00e9sidents hors EEE<\/a>, qui devront payer \u00e0 partir du 14 janvier 32 euros contre 22 actuellement, soit une hausse de 45%.<\/p>\n<p class=\"fig-paragraph\">Cette tarification diff\u00e9renci\u00e9e avait \u00e9t\u00e9 annonc\u00e9e fin janvier par la ministre de la Culture\u00a0<a href=\"http:\/\/www.lefigaro.fr\/politique\/face-a-la-polemique-rachida-dati-assure-sur-cnews-que-l-etat-ne-va-pas-labelliser-les-medias-20251202\" data-fig-type=\"NewsFlash\" data-gtm-custom-categorie=\"navigation\" data-gtm-custom-action=\"crossclick\" data-gtm-custom-label=\"Contextuel\" data-gtm-event=\"customEventSPE\" data-fig-domain=\"LEFIGARO\" target=\"_blank\" rel=\"noopener\">Rachida Dati\u00a0<\/a>et doit s&rsquo;appliquer progressivement en 2026 \u00e0 l&rsquo;ensemble des op\u00e9rateurs culturels les plus fr\u00e9quent\u00e9s par les publics extra-europ\u00e9ens.<\/p>\n<p class=\"fig-paragraph\">\u00abMa position sur ce sujet est tr\u00e8s claire\u00a0: je souhaite que les visiteurs hors UE paient davantage leur billet d&rsquo;entr\u00e9e et que ce suppl\u00e9ment aille financer la r\u00e9novation du patrimoine national\u00bb, avait d\u00e9clar\u00e9 la ministre au Figaro fin janvier, d\u00e9fendant une \u00abvraie rupture\u00bb dans la politique tarifaire en France. \u00abLes Fran\u00e7ais n&rsquo;ont pas vocation \u00e0 payer tout, tout seuls\u00bb, avait-elle pr\u00e9cis\u00e9.<\/p>\n<p class=\"fig-paragraph\">Selon le minist\u00e8re de la Culture, cette tarification diff\u00e9renci\u00e9e doit g\u00e9n\u00e9rer au total \u00ab20 \u00e0 30 millions d&rsquo;euros\u00bb de recettes suppl\u00e9mentaires par an et s&rsquo;appliquera notamment l&rsquo;an prochain aux visites de\u00a0<a href=\"http:\/\/www.lefigaro.fr\/culture\/cela-vient-naturellement-comme-pour-l-ecriture-a-un-moment-on-ne-reflechit-plus-les-professeurs-de-l-ecole-de-danse-de-l-opera-de-paris-evoquent-l-art-de-la-transmission-20251203\" data-fig-type=\"Article\" data-gtm-custom-categorie=\"navigation\" data-gtm-custom-action=\"crossclick\" data-gtm-custom-label=\"Contextuel\" data-gtm-event=\"customEventSPE\" data-fig-domain=\"LEFIGARO\" target=\"_blank\" rel=\"noopener\">l&rsquo;Op\u00e9ra de Paris<\/a>, \u00e0 la\u00a0<a href=\"http:\/\/www.lefigaro.fr\/culture\/patrimoine\/les-mecenes-appeles-au-chevet-des-vitraux-de-la-sainte-chapelle-20250709\" data-fig-type=\"Article\" data-gtm-custom-categorie=\"navigation\" data-gtm-custom-action=\"crossclick\" data-gtm-custom-label=\"Contextuel\" data-gtm-event=\"customEventSPE\" data-fig-domain=\"LEFIGARO\" target=\"_blank\" rel=\"noopener\">Sainte-Chapelle<\/a>\u00a0ou au\u00a0<a href=\"https:\/\/video.lefigaro.fr\/figaro\/culture\/le-groupe-de-pop-americain-maroon-5-va-se-produire-en-2026-au-chateau-de-chambord-20251125\" data-fig-type=\"Video\" data-gtm-custom-categorie=\"navigation\" data-gtm-custom-action=\"crossclick\" data-gtm-custom-label=\"Contextuel\" data-gtm-event=\"customEventSPE\" data-fig-domain=\"LEFIGARO\" target=\"_blank\" rel=\"noopener\">Ch\u00e2teau de Chambord<\/a>.<\/p>\n","protected":false},"excerpt":{"rendered":"Le Ch\u00e2teau de Versailles augmentera son prix d\u2019entr\u00e9e de 3 euros pour les visiteurs hors Espace \u00e9conomique europ\u00e9en,&hellip;\n","protected":false},"author":2,"featured_media":589045,"comment_status":"","ping_status":"","sticky":false,"template":"","format":"standard","meta":{"footnotes":""},"categories":[1358],"tags":[1348,1384,1385,22154,1386,58,59,1011,27,3048,2141],"class_list":{"0":"post-589044","1":"post","2":"type-post","3":"status-publish","4":"format-standard","5":"has-post-thumbnail","7":"category-arts-et-design","8":"tag-arts","9":"tag-arts-and-design","10":"tag-arts-et-design","11":"tag-chateau-de-versailles","12":"tag-design","13":"tag-divertissement","14":"tag-entertainment","15":"tag-fr","16":"tag-france","17":"tag-musee","18":"tag-prix"},"share_on_mastodon":{"url":"https:\/\/pubeurope.com\/@fr\/115690965695998739","error":""},"_links":{"self":[{"href":"https:\/\/www.europesays.com\/fr\/wp-json\/wp\/v2\/posts\/589044","targetHints":{"allow":["GET"]}}],"collection":[{"href":"https:\/\/www.europesays.com\/fr\/wp-json\/wp\/v2\/posts"}],"about":[{"href":"https:\/\/www.europesays.com\/fr\/wp-json\/wp\/v2\/types\/post"}],"author":[{"embeddable":true,"href":"https:\/\/www.europesays.com\/fr\/wp-json\/wp\/v2\/users\/2"}],"replies":[{"embeddable":true,"href":"https:\/\/www.europesays.com\/fr\/wp-json\/wp\/v2\/comments?post=589044"}],"version-history":[{"count":0,"href":"https:\/\/www.europesays.com\/fr\/wp-json\/wp\/v2\/posts\/589044\/revisions"}],"wp:featuredmedia":[{"embeddable":true,"href":"https:\/\/www.europesays.com\/fr\/wp-json\/wp\/v2\/media\/589045"}],"wp:attachment":[{"href":"https:\/\/www.europesays.com\/fr\/wp-json\/wp\/v2\/media?parent=589044"}],"wp:term":[{"taxonomy":"category","embeddable":true,"href":"https:\/\/www.europesays.com\/fr\/wp-json\/wp\/v2\/categories?post=589044"},{"taxonomy":"post_tag","embeddable":true,"href":"https:\/\/www.europesays.com\/fr\/wp-json\/wp\/v2\/tags?post=589044"}],"curies":[{"name":"wp","href":"https:\/\/api.w.org\/{rel}","templated":true}]}}