{"id":589048,"date":"2025-12-09T18:17:31","date_gmt":"2025-12-09T18:17:31","guid":{"rendered":"https:\/\/www.europesays.com\/fr\/589048\/"},"modified":"2025-12-09T18:17:31","modified_gmt":"2025-12-09T18:17:31","slug":"dans-sa-ville-du-sud-ou-il-sepanouit-michel-sardou-a-tenu-sa-promesse-les-locaux-sont-ravis","status":"publish","type":"post","link":"https:\/\/www.europesays.com\/fr\/589048\/","title":{"rendered":"Dans sa ville du Sud o\u00f9 il s\u2019\u00e9panouit, Michel Sardou a tenu sa promesse, les locaux sont ravis"},"content":{"rendered":"<p>                <img loading=\"lazy\" decoding=\"async\" src=\"https:\/\/www.europesays.com\/fr\/wp-content\/uploads\/2025\/04\/144-64f8c016610ee-35x35-1.jpg\" class=\"author-article-picture\" width=\"35\" height=\"35\"\/><\/p>\n<p>                    Par<\/p>\n<p>                                            <a class=\"author-article-bio-link\" href=\"https:\/\/www.purepeople.com\/auteur\/louise-martin_a144\" target=\"_blank\" rel=\"noopener\">Louise Martin<\/a><\/p>\n<p>                    |<\/p>\n<p>                                            R\u00e9dactrice<\/p>\n<p>\n                Koh Lanta, Les Marseillais mais aussi Mari\u00e9s au Premier regards\u2026 Louise Martin est une t\u00e9l\u00e9vore qui essaye, \u00e0 ses heures perdues, de refaire les g\u00e2teaux qu\u2019elle admire devant le Meilleur P\u00e2tissier\u2026 mais elle ne risque pas de gagner le tablier bleu ! Les r\u00e9seaux sociaux n\u2019ont pas de secret pour elle, les derniers scoops, les derni\u00e8res \u00e9missions, elle les conna\u00eet tous.\n            <\/p>\n<p>\n    Michel Sardou vit dans une charmante commune du bord de la M\u00e9diterran\u00e9e, l\u00e0 o\u00f9 sont ses racines. C&rsquo;est d&rsquo;ailleurs pour rendre hommage \u00e0 un homme qui a beaucoup compt\u00e9 pour lui que le chanteur star a accept\u00e9 que la mairie organise un \u00e9v\u00e8nement, en 2026. Et Michel Sardou a d&rsquo;ailleurs assur\u00e9 qu&rsquo;il r\u00e9pondra pr\u00e9sent.\n<\/p>\n<p>                            <img loading=\"lazy\" decoding=\"async\" class=\"player-thumbnail\" src=\"https:\/\/www.europesays.com\/fr\/wp-content\/uploads\/2025\/12\/328e1b39b82d866d-580x326-2.jpg\" width=\"580\" height=\"326\"\/><\/p>\n<p>                            Dans sa ville du Sud o\u00f9 il s\u2019\u00e9panouit, Michel Sardou a tenu sa promesse, les locaux sont ravis<\/p>\n<p>La suite apr\u00e8s la publicit\u00e9<\/p>\n<p>Les Sardou, c&rsquo;est <strong>une grande famille d&rsquo;artistes<\/strong>. Si <a href=\"https:\/\/www.purepeople.com\/people\/michel-sardou_p1371\" target=\"_blank\" rel=\"noopener\"><strong>Michel Sardou<\/strong><\/a> s&rsquo;est impos\u00e9 comme l&rsquo;un des chanteurs les plus populaires en France, ses fils, <a href=\"https:\/\/www.purepeople.com\/article\/romain-sardou-n-est-pas-uniquement-un-ecrivain-a-succes-son-autre-grand-projet-peut-sauver-des-vies_a526055\/1\" target=\"_blank\" rel=\"noopener\">Romain<\/a> et <a href=\"https:\/\/www.purepeople.com\/people\/davy-sardou_p1589\" target=\"_blank\" rel=\"noopener\">Davy<\/a>, se sont eux aussi fait un pr\u00e9nom, dans le milieu artistique\u00a0: le premier est \u00e9crivain, et le second est com\u00e9dien. Mais l&rsquo;interpr\u00e8te des Lacs du Connemara n&rsquo;est <strong>pas le premier Sardou \u00e0 avoir fait carri\u00e8re dans le show business<\/strong>. Sa m\u00e8re, <a href=\"https:\/\/www.purepeople.com\/article\/michel-sardou-cash-sur-sa-mere-jackie-sardou-elle-m-a-tout-fait_a290632\/1\" target=\"_blank\" rel=\"noopener\">Jackie Sardou<\/a>, fut une com\u00e9dienne tr\u00e8s populaire au cin\u00e9ma et \u00e0 la t\u00e9l\u00e9vision dans les ann\u00e9es 1970 et 1980, et la m\u00e8re de sa m\u00e8re, Andr\u00e9e, \u00e9tait danseuse au Moulin Rouge. Du c\u00f4t\u00e9 de son p\u00e8re, aussi, on a l&rsquo;art dans le sang\u00a0: son p\u00e8re, <a href=\"https:\/\/www.purepeople.com\/article\/fernand-sardou-mort-brutalement-sur-scene-son-fils-michel-raconte-un-coup-de-revolver-ca-aurait-ete-la-meme-chose_a514106\/1\" target=\"_blank\" rel=\"noopener\"><strong>Fernand Sardou<\/strong><\/a>, a connu un grand succ\u00e8s en tant que chanteur et com\u00e9dien. On lui doit notamment la chanson Aujourd&rsquo;hui peut-\u00eatre, devenue un v\u00e9ritable classique depuis sa sortie, en 1946. Les parents de son p\u00e8re \u00e9taient, eux aussi, artistes\u00a0: le grand-p\u00e8re de Michel Sardou, Valentin, \u00e9tait un humoriste lui aussi tr\u00e8s populaire et sa grand-m\u00e8re, Jos\u00e9phine, avait l&rsquo;habitude de se produire sur sc\u00e8ne aux c\u00f4t\u00e9s de F\u00e9lix Mayol, une vedette de la premi\u00e8re moiti\u00e9 du XXe si\u00e8cle.<\/p>\n<p>Si on a tr\u00e8s souvent vu Michel Sardou aux c\u00f4t\u00e9s de sa m\u00e8re, notamment \u00e0 la t\u00e9l\u00e9vision, le chanteur star n&rsquo;a pas, non plus, oubli\u00e9 son p\u00e8re, disparu en 1976 \u00e0 l&rsquo;\u00e2ge de 65 ans. Nice Matin indique que l&rsquo;interpr\u00e8te d&rsquo;En chantant sera pr\u00e9sent, les 29 et 30 mai 2026, \u00e0 <strong>un tournoi de p\u00e9tanque organis\u00e9 en hommage \u00e0 Fernand Sardou<\/strong>, \u00e0 Bormes-les-Mimosas, dans le Var, <a href=\"https:\/\/www.purepeople.com\/article\/la-nouvelle-vie-de-michel-sardou-a-bormes-les-mimosas-dans-une-villa-de-500m2-et-les-raisons-de-ce-choix-je-ne-voulais-ni-nice-ni-cannes_a544379\/1\" target=\"_blank\" rel=\"noopener\">o\u00f9 il vit<\/a>. Selon le maire de cette commune de 8.000 habitants, Fran\u00e7ois Arizzi, Michel Sardou a \u00e9t\u00e9 \u00ab\u00a0conquis\u00a0\u00bb par le charme de cette ville m\u00e9diterran\u00e9enne apr\u00e8s avoir vu son boulodrome.<\/p>\n<\/p>\n<blockquote>\n<p>Il voulait un tournoi convivial avec des locaux, pas un truc grandiose qu\u2019avec des champions<\/p>\n<\/blockquote>\n<p>\u00ab\u00a0\u00c0 notre premi\u00e8re rencontre, quand ils sont venus se pr\u00e9senter avec sa femme en mairie, comme tous citoyens r\u00e9publicains, cette id\u00e9e avait \u00e9merg\u00e9, a indiqu\u00e9 l&rsquo;homme. Il voulait un tournoi convivial avec des locaux, pas un truc grandiose qu\u2019avec des champions.\u00a0\u00bb <strong>La star de la chanson fran\u00e7aise a donc tenu sa promesse<\/strong>, en acceptant qu&rsquo;un tournoi soit cr\u00e9\u00e9 \u00e0 la m\u00e9moire de son p\u00e8re, et en y participant. Au programme, un petit tournoi amical le premier jour, suivi d&rsquo;un \u00ab\u00a0challenge Fernand Sardou\u00a0\u00bb le lendemain, avec 64 \u00e9quipes en doublettes qui se disputeront le troph\u00e9e. Et il y en aura m\u00eame un peu plus, si les organisateurs croulent sous les demandes d&rsquo;inscriptions \u00e0 l\u2019\u00e9v\u00e9nement. \u00ab\u00a0Ce sera un moment de partage, de convivialit\u00e9, de sport et de m\u00e9moire, dans l\u2019esprit chaleureux qui fait la force de notre belle commune\u00a0\u00bb, a assur\u00e9 le maire, sur Facebook, le 18 novembre dernier.<\/p>\n<p>Au mois de septembre 2024, dans On n&rsquo;est pas couch\u00e9, sur France 2, <strong>Michel Sardou avait expliqu\u00e9 \u00e0 quel point il \u00e9tait admiratif de son p\u00e8re<\/strong>, quand il \u00e9tait plus jeune. \u00ab\u00a0Mon p\u00e8re \u00e9tait tr\u00e8s marrant, il faisait du cin\u00e9ma le matin, il allait jouer au th\u00e9\u00e2tre le soir, il finissait au cabaret \u00e0 3 heures du matin&#8230; Je trouvais \u00e7a formidable, moi\u00a0\u00bb, avait confi\u00e9 <a href=\"https:\/\/www.purepeople.com\/article\/je-prefere-men-aller-avant-michel-sardou-evoque-ce-choix-quil-a-fait-avant-quil-ne-soit-trop-tard_a544258\/1\" target=\"_blank\" rel=\"noopener\">le chanteur<\/a>, dans l&rsquo;\u00e9mission de <a href=\"https:\/\/www.purepeople.com\/people\/laurent-ruquier_p200\" target=\"_blank\" rel=\"noopener\">Laurent Ruquier<\/a>. \u00ab\u00a0Il a commenc\u00e9 tr\u00e8s jeune et il est mort, sur sc\u00e8ne, \u00e0 Toulon. Je me suis toujours dit que mon r\u00eave, finalement, \u00e7a serait de faire la m\u00eame carri\u00e8re que lui.\u00a0\u00bb<\/p>\n","protected":false},"excerpt":{"rendered":"Par Louise Martin | R\u00e9dactrice Koh Lanta, Les Marseillais mais aussi Mari\u00e9s au Premier regards\u2026 Louise Martin est&hellip;\n","protected":false},"author":2,"featured_media":589049,"comment_status":"","ping_status":"","sticky":false,"template":"","format":"standard","meta":{"footnotes":""},"categories":[1355],"tags":[58,59,1011,27,1361,873],"class_list":{"0":"post-589048","1":"post","2":"type-post","3":"status-publish","4":"format-standard","5":"has-post-thumbnail","7":"category-musique","8":"tag-divertissement","9":"tag-entertainment","10":"tag-fr","11":"tag-france","12":"tag-music","13":"tag-musique"},"share_on_mastodon":{"url":"https:\/\/pubeurope.com\/@fr\/115690986271974381","error":""},"_links":{"self":[{"href":"https:\/\/www.europesays.com\/fr\/wp-json\/wp\/v2\/posts\/589048","targetHints":{"allow":["GET"]}}],"collection":[{"href":"https:\/\/www.europesays.com\/fr\/wp-json\/wp\/v2\/posts"}],"about":[{"href":"https:\/\/www.europesays.com\/fr\/wp-json\/wp\/v2\/types\/post"}],"author":[{"embeddable":true,"href":"https:\/\/www.europesays.com\/fr\/wp-json\/wp\/v2\/users\/2"}],"replies":[{"embeddable":true,"href":"https:\/\/www.europesays.com\/fr\/wp-json\/wp\/v2\/comments?post=589048"}],"version-history":[{"count":0,"href":"https:\/\/www.europesays.com\/fr\/wp-json\/wp\/v2\/posts\/589048\/revisions"}],"wp:featuredmedia":[{"embeddable":true,"href":"https:\/\/www.europesays.com\/fr\/wp-json\/wp\/v2\/media\/589049"}],"wp:attachment":[{"href":"https:\/\/www.europesays.com\/fr\/wp-json\/wp\/v2\/media?parent=589048"}],"wp:term":[{"taxonomy":"category","embeddable":true,"href":"https:\/\/www.europesays.com\/fr\/wp-json\/wp\/v2\/categories?post=589048"},{"taxonomy":"post_tag","embeddable":true,"href":"https:\/\/www.europesays.com\/fr\/wp-json\/wp\/v2\/tags?post=589048"}],"curies":[{"name":"wp","href":"https:\/\/api.w.org\/{rel}","templated":true}]}}