{"id":589050,"date":"2025-12-09T18:18:41","date_gmt":"2025-12-09T18:18:41","guid":{"rendered":"https:\/\/www.europesays.com\/fr\/589050\/"},"modified":"2025-12-09T18:18:41","modified_gmt":"2025-12-09T18:18:41","slug":"jerome-bonnell-realisateur-louise-chevillotte-actrice-la-condition-entre-drame-bourgeois-emancipation-feminine","status":"publish","type":"post","link":"https:\/\/www.europesays.com\/fr\/589050\/","title":{"rendered":"J\u00e9r\u00f4me Bonnell, r\u00e9alisateur &#038; Louise Chevillotte, actrice\u00a0: \u00ab\u00a0La Condition\u00a0\u00bb entre drame bourgeois &#038; \u00e9mancipation f\u00e9minine"},"content":{"rendered":"<p class=\"PopSlotParagraph qg-tx2 qg-xtra-lh svelte-1r0pyek\">Comment parler des violences sexistes et sexuelles aujourd&rsquo;hui au cin\u00e9ma\u00a0? Comment s&#8217;emparer de ce qui est devenu un genre en soi\u00a0: le huis clos bourgeois en costume\u00a0? Le r\u00e9alisateur J\u00e9r\u00f4me Bonnell se confronte \u00e0 ces questions avec son nouveau film, La Condition adapt\u00e9 du roman Amours de L\u00e9onor de R\u00e9condo paru en 2015. Nous sommes au d\u00e9but du XXe si\u00e8cle, et Victoire &#8211; interpr\u00e9t\u00e9e par Louise Chevillotte &#8211; se refuse \u00e0 son notaire de mari, pour lui donner un enfant, elle lui propose de garder le b\u00e9b\u00e9 de la domestique qu&rsquo;il viole r\u00e9guli\u00e8rement. Un march\u00e9 ignoble qui va pourtant permettre aux deux femmes de se lib\u00e9rer&#8230;<\/p>\n<p> Drame bourgeois &amp; \u00e9mancipation<\/p>\n<p class=\"PopSlotParagraph qg-tx2 qg-xtra-lh svelte-1r0pyek\">Louise Chevillotte et J\u00e9r\u00f4me Bonnell se retrouvent pour la deuxi\u00e8me fois sur un plateau de tournage, apr\u00e8s la mini-s\u00e9rie Les Hautes Herbes r\u00e9alis\u00e9e par le cin\u00e9aste et diffus\u00e9e sur Arte en 2022 dans laquelle Louise Chevillotte tenait un r\u00f4le loin de celui de Victoire, \u00ab\u00a0je campais un personnage bien dans ses baskets, bonne vivante, tr\u00e8s lumineuse. Quand j&rsquo;ai lu le sc\u00e9nario de La Condition, J\u00e9r\u00f4me m&rsquo;a alert\u00e9 en me disant que le personnage \u00e9tait peut-\u00eatre loin de moi. Il d\u00e9peignait un personnage malingre, toujours au bord de l&rsquo;\u00e9vanouissement, tr\u00e8s fragile, qui traverse et qui est travers\u00e9 d&rsquo;un chemin d&rsquo;\u00e9mancipation. \u00c7a a \u00e9t\u00e9 un grand cadeau parce que, main dans la main, c&rsquo;est comme si on avait d\u00e9cid\u00e9 que la puissance et la modernit\u00e9 du personnage qui pouvait \u00eatre la mienne &#8211; moi, Louise, jeune actrice -, \u00e9tait peut-\u00eatre le point d&rsquo;arriv\u00e9e de Victoire\u00a0\u00bb.<\/p>\n<p class=\"PopSlotParagraph qg-tx2 qg-xtra-lh svelte-1r0pyek\">Car le personnage de Victoire, ma\u00eetresse des lieux, est peut-\u00eatre le plus complexe de cette histoire, explique J\u00e9r\u00f4me Bonnell\u00a0: \u00ab\u00a0c&rsquo;est le personnage de l&rsquo;histoire qui \u00e9volue le plus, c&rsquo;est une bourgeoise qui tient sa maison comme elle peut, m\u00eame si elle a une esp\u00e8ce d&rsquo;instinct de survie tr\u00e8s sourd de se rebeller contre son mari, de r\u00e9ussir \u00e0 le tenir \u00e0 distance comme elle peut, tout \u00e7a tr\u00e8s discr\u00e8tement. Mais elle est quand m\u00eame dans la ma\u00eetrise, dans la mise \u00e0 distance des \u00e9motions parce qu&rsquo;elle a \u00e9t\u00e9 \u00e9duqu\u00e9e comme \u00e7a, on l&rsquo;a maintenue dans l&rsquo;ignorance m\u00eame si elle se rebelle en lisant des livres, c&rsquo;est le r\u00e8gne du para\u00eetre et c&rsquo;est un personnage qui ne voit pas les contours de sa v\u00e9rit\u00e9, elle va beaucoup changer\u00a0\u00bb.<\/p>\n<p>  <img decoding=\"async\" class=\"Image-preview  svelte-1b9cmvl\" data-testid=\"image-preview\" src=\"data:image\/jpeg;charset=utf-8;base64, \/9j\/2wBDACgcHiMeGSgjISMtKygwPGRBPDc3PHtYXUlkkYCZlo+AjIqgtObDoKrarYqMyP\/L2u71\/\/\/\/m8H\/\/\/\/6\/+b9\/\/j\/2wBDASstLTw1PHZBQXb4pYyl+Pj4+Pj4+Pj4+Pj4+Pj4+Pj4+Pj4+Pj4+Pj4+Pj4+Pj4+Pj4+Pj4+Pj4+Pj4+Pj4+Pj\/wAARCAAXACoDASIAAhEBAxEB\/8QAGQAAAwEBAQAAAAAAAAAAAAAAAAIDAQQF\/8QAGBABAQEBAQAAAAAAAAAAAAAAAAESAhH\/xAAWAQEBAQAAAAAAAAAAAAAAAAABAgD\/xAAUEQEAAAAAAAAAAAAAAAAAAAAA\/9oADAMBAAIRAxEAPwDzIaJynlBPFOU5TyhSkptJaGgXJKaUBaDSm9ADN0zQDF\/\/2Q==\" alt=\"\" aria-hidden=\"false\"\/>     <img decoding=\"async\" src=\"https:\/\/www.europesays.com\/fr\/wp-content\/uploads\/2025\/12\/860_sc_photo-3lacondition-photo-03-line-nieszawer-1596x900.jpg\" loading=\"lazy\" fetchpriority=\"low\" width=\"860\" height=\"484\" class=\"Image-main  svelte-1b9cmvl rounded\" data-testid=\"image-src\" alt=\"Galatea Bellugi (C\u00e9leste) &amp; Louise Chevillotte (Victoire) dans &quot;La Condition&quot; de J\u00e9r\u00f4me Bonnell\" aria-hidden=\"false\" onload=\"this.__e=event\" onerror=\"this.__e=event\"\/> Galatea Bellugi (C\u00e9leste) &amp; Louise Chevillotte (Victoire) dans \u00ab\u00a0La Condition\u00a0\u00bb de J\u00e9r\u00f4me Bonnell  &#8211; \u00a9Diaphana distribution D\u00e9celer les m\u00e9canismes de l&#8217;emprise &amp; de la violence<\/p>\n<p class=\"PopSlotParagraph qg-tx2 qg-xtra-lh svelte-1r0pyek\">J\u00e9r\u00f4me Bonnell a pour habitude que l&rsquo;on dise de ses films qu'\u00a0\u00bbils sont d\u00e9licats\u00a0\u00bb\u00a0; ici, en adoptant pour la premi\u00e8re fois un roman \u00e0 l&rsquo;\u00e9cran, le cin\u00e9aste semble avoir op\u00e9r\u00e9 un tournant\u00a0: \u00ab\u00a0j&rsquo;ai l&rsquo;impression de ne jamais avoir affront\u00e9 la violence de fa\u00e7on aussi frontale\u00a0\u00bb. Et pour cause, ce sont des corps de femmes corset\u00e9s et violent\u00e9s que filme J\u00e9r\u00f4me Bonnell\u00a0: \u00ab\u00a0tr\u00e8s vite, je me suis aper\u00e7u que je ne pouvais pas questionner l&#8217;emprise du masculin sans questionner l&#8217;emprise du cin\u00e9ma\u00a0; donc il y a des moments o\u00f9 il fallait que je laisse mes personnages f\u00e9minins un peu tranquilles avec ma cam\u00e9ra. Le regard masculin plane sur toute l&rsquo;histoire de l&rsquo;art en g\u00e9n\u00e9ral, et quand on fait un film qui d\u00e9nonce des viols, une emprise, il faut faire tr\u00e8s attention, c&rsquo;est une responsabilit\u00e9 suppl\u00e9mentaire. J&rsquo;ai pens\u00e9 \u00e0 mon regard d&rsquo;homme, car je ne voulais surtout pas me substituer au regard f\u00e9minin\u00a0: c&rsquo;est un film d&rsquo;homme qui pr\u00e9cis\u00e9ment ne saura jamais ce que c&rsquo;est que d&rsquo;\u00eatre une femme, et c&rsquo;est peut-\u00eatre pour \u00e7a que j&rsquo;ai fait ce film\u00a0\u00bb.<\/p>\n<p class=\"PopSlotParagraph qg-tx2 qg-xtra-lh svelte-1r0pyek\">Louise Chevillotte a \u00e9galement pens\u00e9 ce travail au regard de sa propre \u00e9volution\u00a0: \u00ab\u00a0il y a eu une r\u00e9volution, parce que les images auxquelles je participais, les films que je faisais, je voyais toujours l&rsquo;histoire, mais je n&rsquo;en voyais jamais les cons\u00e9quences et le syst\u00e8me dans lequel elle s&rsquo;inscrivait, j&rsquo;\u00e9tais juste contente de jouer. Petit \u00e0 petit, avec beaucoup d&rsquo;outils conceptuels et philosophiques, j&rsquo;ai construit mon regard et un discours sur ce que c&rsquo;\u00e9tait que d&rsquo;\u00eatre interpr\u00e8te. Parce qu&rsquo;il ne s&rsquo;agit pas seulement d&rsquo;incarner, c&rsquo;est aussi interpr\u00e9ter, traduire une vision, s&rsquo;inscrire dans une histoire et dans un monde\u00a0\u00bb.<\/p>\n<p>  <img decoding=\"async\" class=\"Image-preview  svelte-1b9cmvl\" data-testid=\"image-preview\" src=\"data:image\/jpeg;charset=utf-8;base64, \/9j\/2wBDACgcHiMeGSgjISMtKygwPGRBPDc3PHtYXUlkkYCZlo+AjIqgtObDoKrarYqMyP\/L2u71\/\/\/\/m8H\/\/\/\/6\/+b9\/\/j\/2wBDASstLTw1PHZBQXb4pYyl+Pj4+Pj4+Pj4+Pj4+Pj4+Pj4+Pj4+Pj4+Pj4+Pj4+Pj4+Pj4+Pj4+Pj4+Pj4+Pj4+Pj\/wAARCAAWACoDASIAAhEBAxEB\/8QAFwABAQEBAAAAAAAAAAAAAAAAAAECBP\/EABYQAQEBAAAAAAAAAAAAAAAAAAABEf\/EABUBAQEAAAAAAAAAAAAAAAAAAAAB\/8QAFBEBAAAAAAAAAAAAAAAAAAAAAP\/aAAwDAQACEQMRAD8A5Iusmoq2s2lrNoCADYAiVmgBFAV\/\/9k=\" alt=\"\" aria-hidden=\"false\"\/>     <img decoding=\"async\" src=\"https:\/\/www.europesays.com\/fr\/wp-content\/uploads\/2025\/12\/860_sc_photo-2lacondition-photo-05-2025-diaphana-films-1600x865.jpg\" loading=\"lazy\" fetchpriority=\"low\" width=\"860\" height=\"464\" class=\"Image-main  svelte-1b9cmvl rounded\" data-testid=\"image-src\" alt=\"Galatea Belugi (C\u00e9leste) dans &quot;La Condition&quot; de J\u00e9r\u00f4me Bonnell\" aria-hidden=\"false\" onload=\"this.__e=event\" onerror=\"this.__e=event\"\/> Galatea Belugi (C\u00e9leste) dans \u00ab\u00a0La Condition\u00a0\u00bb de J\u00e9r\u00f4me Bonnell  &#8211; \u00a9Diaphana distribution <\/p>\n<p class=\"PopSlotParagraph qg-tx2 qg-xtra-lh svelte-1r0pyek\"><strong>Plus d&rsquo;infos &amp; d&rsquo;actualit\u00e9s\u00a0:<\/strong><\/p>\n<ul>\n<li>La Condition\u00a0un film r\u00e9alis\u00e9 et sc\u00e9naris\u00e9 par J\u00e9r\u00f4me Bonnell, en salles le 10 d\u00e9cembre 2025, avec Louise Chevillotte, Galatea Bellugi, Swann Arlaud, Emmanuelle Devos, Aymeline Alix, Fran\u00e7ois Chattot, Camille Rutherford et Jonathan Couzini\u00e9<\/li>\n<li>D&rsquo;apr\u00e8s une adaptation du roman Amours de L\u00e9onor de R\u00e9condo paru en 2015 aux \u00e9ditions Sabine Wespieser<\/li>\n<\/ul>\n<p class=\"PopSlotParagraph qg-tx2 qg-xtra-lh svelte-1r0pyek\"><strong>Extraits sonores\u00a0:<\/strong><\/p>\n<ul>\n<li>Bande-annonce de La Condition de J\u00e9r\u00f4me Bonnell<\/li>\n<li>La romanci\u00e8re L\u00e9onor de R\u00e9condo en 2015 sur France Info \u00e0 propos de son livre Amours et de ses personnages Victoire et C\u00e9leste<\/li>\n<li>Chanson de fin\u00a0: You don&rsquo;t own me de Lesley Gore<\/li>\n<\/ul>\n","protected":false},"excerpt":{"rendered":"Comment parler des violences sexistes et sexuelles aujourd&rsquo;hui au cin\u00e9ma\u00a0? Comment s&#8217;emparer de ce qui est devenu un&hellip;\n","protected":false},"author":2,"featured_media":589051,"comment_status":"","ping_status":"","sticky":false,"template":"","format":"standard","meta":{"footnotes":""},"categories":[1354],"tags":[58,59,1346,1011,27,1360],"class_list":{"0":"post-589050","1":"post","2":"type-post","3":"status-publish","4":"format-standard","5":"has-post-thumbnail","7":"category-films","8":"tag-divertissement","9":"tag-entertainment","10":"tag-films","11":"tag-fr","12":"tag-france","13":"tag-movies"},"share_on_mastodon":{"url":"https:\/\/pubeurope.com\/@fr\/115690989549982127","error":""},"_links":{"self":[{"href":"https:\/\/www.europesays.com\/fr\/wp-json\/wp\/v2\/posts\/589050","targetHints":{"allow":["GET"]}}],"collection":[{"href":"https:\/\/www.europesays.com\/fr\/wp-json\/wp\/v2\/posts"}],"about":[{"href":"https:\/\/www.europesays.com\/fr\/wp-json\/wp\/v2\/types\/post"}],"author":[{"embeddable":true,"href":"https:\/\/www.europesays.com\/fr\/wp-json\/wp\/v2\/users\/2"}],"replies":[{"embeddable":true,"href":"https:\/\/www.europesays.com\/fr\/wp-json\/wp\/v2\/comments?post=589050"}],"version-history":[{"count":0,"href":"https:\/\/www.europesays.com\/fr\/wp-json\/wp\/v2\/posts\/589050\/revisions"}],"wp:featuredmedia":[{"embeddable":true,"href":"https:\/\/www.europesays.com\/fr\/wp-json\/wp\/v2\/media\/589051"}],"wp:attachment":[{"href":"https:\/\/www.europesays.com\/fr\/wp-json\/wp\/v2\/media?parent=589050"}],"wp:term":[{"taxonomy":"category","embeddable":true,"href":"https:\/\/www.europesays.com\/fr\/wp-json\/wp\/v2\/categories?post=589050"},{"taxonomy":"post_tag","embeddable":true,"href":"https:\/\/www.europesays.com\/fr\/wp-json\/wp\/v2\/tags?post=589050"}],"curies":[{"name":"wp","href":"https:\/\/api.w.org\/{rel}","templated":true}]}}