{"id":589052,"date":"2025-12-09T18:20:25","date_gmt":"2025-12-09T18:20:25","guid":{"rendered":"https:\/\/www.europesays.com\/fr\/589052\/"},"modified":"2025-12-09T18:20:25","modified_gmt":"2025-12-09T18:20:25","slug":"les-hopitaux-dile-de-france-deja-satures-ma-sante","status":"publish","type":"post","link":"https:\/\/www.europesays.com\/fr\/589052\/","title":{"rendered":"les h\u00f4pitaux d&rsquo;\u00cele-de-France d\u00e9j\u00e0 satur\u00e9s- Ma Sant\u00e9"},"content":{"rendered":"<p>             <a href=\"https:\/\/ma-sante.news\/wp-content\/uploads\/2025\/12\/Bronchiolite-epidemie-hopitaux-satures-16-nourrissons-doivent-etre-transferes-hors-dile-de-France-Paris-Ma-Sante.jpeg\" data-caption=\"La bronchiolite gagne la France au pas de course cette ann\u00e9e. \u00a9 Adobe Stock\" target=\"_blank\" rel=\"noopener\"><img loading=\"lazy\" decoding=\"async\" width=\"696\" height=\"464\" class=\"entry-thumb td-modal-image ewww_webp_lazy_load\" src=\"data:image\/svg+xml,%3Csvg%20xmlns=\" http:=\"\" data-lazy- data-lazy- alt=\"Un des 16 b\u00e9b\u00e9s atteints de bronchiolite qui ont subi un transfert hors de Paris, en \u00cele-de-France.\" title=\"Bronchiolite e\u0301pide\u0301mie ho\u0302pitaux sature\u0301s 16 nourrissons doivent e\u0302tre transfe\u0301re\u0301s hors d\u2019i\u0302le-de-France\u00a0Paris Ma Sante\u0301\" data-lazy-src=\"https:\/\/www.europesays.com\/fr\/wp-content\/uploads\/2025\/12\/Bronchiolite-epidemie-hopitaux-satures-16-nourrissons-doivent-etre-transferes-hors-dile-de-France-Pa.jpeg\" data-lazy-src-webp=\"https:\/\/www.europesays.com\/fr\/wp-content\/uploads\/2025\/12\/Bronchiolite-epidemie-hopitaux-satures-16-nourrissons-doivent-etre-transferes-hors-dile-de-France-Pa.jpeg.webp\" data-lazy-srcset-webp=\"https:\/\/www.europesays.com\/fr\/wp-content\/uploads\/2025\/12\/Bronchiolite-epidemie-hopitaux-satures-16-nourrissons-doivent-etre-transferes-hors-dile-de-France-Pa.jpeg.webp 696w, https:\/\/ma-sante.news\/wp-content\/uploads\/2025\/12\/Bronchiolite-epidemie-hopitaux-satures-16-nourrissons-doivent-etre-transferes-hors-dile-de-France-Paris-Ma-Sante-300x200.jpeg.webp 300w, https:\/\/ma-sante.news\/wp-content\/uploads\/2025\/12\/Bronchiolite-epidemie-hopitaux-satures-16-nourrissons-doivent-etre-transferes-hors-dile-de-France-Paris-Ma-Sante-768x512.jpeg.webp 768w, https:\/\/ma-sante.news\/wp-content\/uploads\/2025\/12\/Bronchiolite-epidemie-hopitaux-satures-16-nourrissons-doivent-etre-transferes-hors-dile-de-France-Paris-Ma-Sante-630x420.jpeg.webp 630w, https:\/\/ma-sante.news\/wp-content\/uploads\/2025\/12\/Bronchiolite-epidemie-hopitaux-satures-16-nourrissons-doivent-etre-transferes-hors-dile-de-France-Paris-Ma-Sante.jpeg.webp 800w\"\/><\/a>La bronchiolite gagne la France au pas de course cette ann\u00e9e. \u00a9 Adobe Stock                                    \t\t\t             <a class=\"gofollow\" data-track=\"MjgsMCw2MA==\" href=\"https:\/\/ma-sante.news\/inscrivez-vous-a-notre-newsletter\/\" target=\"_blank\" rel=\"noopener\"><img loading=\"lazy\" decoding=\"async\" width=\"1068\" height=\"131\" src=\"data:image\/svg+xml,%3Csvg%20xmlns=\" http:=\"\" data-lazy-src=\"https:\/\/www.europesays.com\/fr\/wp-content\/uploads\/2025\/03\/banniere-newsletter.png\"\/><\/a> <\/p>\n<p>Chaque hiver, <a href=\"https:\/\/ma-sante.news\/bronchiolite-un-virus-infantile-qui-menace-aussi-nos-aines\/\" target=\"_blank\" rel=\"noopener\">la bronchiolite revient hanter les maternit\u00e9s et services p\u00e9diatriques<\/a>. En France, elle touche pr\u00e8s de 30 % des nourrissons de moins de deux ans, soit pr\u00e8s de 480 000 cas par an. G\u00e9n\u00e9ralement b\u00e9nigne, la maladie n\u00e9cessite tout de m\u00eame une hospitalisation dans 2 % \u00e0 3 % des cas chez les moins d\u2019un an.<\/p>\n<p>En temps \u00ab normal \u00bb, le syst\u00e8me de sant\u00e9, les maternit\u00e9s et h\u00f4pitaux p\u00e9diatriques parviennent \u00e0 absorber cette vague hivernale. Mais <a href=\"https:\/\/ma-sante.news\/epidemie-de-bronchiolite-pourquoi-le-virus-circule-t-il-plus-tot-cette-annee\/\" target=\"_blank\" rel=\"noopener\">cette ann\u00e9e, la vague est plus forte, plus pr\u00e9coce <\/a>et le syst\u00e8me, plus f\u00e9brile. <a href=\"https:\/\/ma-sante.news\/depuis-paris-le-virus-commence-deja-son-offensive\/\" target=\"_blank\" rel=\"noopener\">L\u2019\u00e9pid\u00e9mie avait d\u00e9j\u00e0 d\u00e9but\u00e9 son offensive fin octobre en \u00cele-de-France<\/a>. <\/p>\n<p>Selon un r\u00e9cent bilan, depuis la mi-octobre 2025, l\u2019activit\u00e9 li\u00e9e aux infections respiratoires, dont la bronchiolite, conna\u00eet une hausse marqu\u00e9e, en particulier chez les tout-petits, provoquant un afflux consid\u00e9rable aux urgences p\u00e9diatriques. Les services sont engorg\u00e9s, le nombre de lits est insuffisant, et, in fine, des nourrissons qu\u2019on ne peut plus garder localement.<\/p>\n<p>        \u00c9pid\u00e9mie de bronchiolite : un syst\u00e8me de sant\u00e9 sur les rotules    <strong>Un virus toujours aussi virulent au mauvais moment<\/strong>    <\/p>\n<p>La bronchiolite, provoqu\u00e9e dans la grande majorit\u00e9 des cas par le Virus respiratoire syncytial (VRS), est un classique des mois froids. Pourtant, l\u2019habitude n\u2019immunise pas le syst\u00e8me hospitalier contre la surprise. Cette saison 2025-2026, l\u2019\u00e9pid\u00e9mie est rapide, pr\u00e9coce et plus dense que pr\u00e9vu.<\/p>\n<p>En quelques jours \u00e0 peine, les salles d\u2019attente se sont remplies<a href=\"https:\/\/ma-sante.news\/rhumes-dhiver-chez-les-bebes-comment-reconnaitre-les-symptomes-et-soigner\/\" target=\"_blank\" rel=\"noopener\"> de b\u00e9b\u00e9s enrhum\u00e9s, g\u00ean\u00e9s pour respirer<\/a>, parfois aliment\u00e9s difficilement. Les passages aux urgences ont suivi une trajectoire presque verticale, entra\u00eenant avec eux les hospitalisations de nourrissons, notamment les moins de six mois, les plus vuln\u00e9rables.<\/p>\n<p>Ce pic a tr\u00e8s vite submerg\u00e9 les capacit\u00e9s habituelles des services p\u00e9diatriques. Rien que pour stabiliser un nouveau-n\u00e9 en d\u00e9tresse respiratoire, il faut du personnel, des \u00e9quipements, un lit disponible\u2026 Et quand trop d\u2019enfants arrivent en m\u00eame temps, <a href=\"https:\/\/ma-sante.news\/pr-franck-chauvin-notre-systeme-de-sante-se-grippe-progressivement\/\" target=\"_blank\" rel=\"noopener\">la m\u00e9canique hospitali\u00e8re se grippe<\/a>.<\/p>\n<p>        <strong>Un syst\u00e8me p\u00e9diatrique en tension chronique<\/strong>    <\/p>\n<p>Si l\u2019h\u00f4pital craque aujourd\u2019hui, c\u2019est aussi parce qu\u2019il \u00e9tait d\u00e9j\u00e0 fragile avant m\u00eame l\u2019arriv\u00e9e du virus. Depuis des ann\u00e9es, la p\u00e9diatrie fonctionne sous pression. Les services manquent de lits, les \u00e9quipes m\u00e9dicales se r\u00e9duisent, les d\u00e9parts non remplac\u00e9s tirent le personnel restant vers l\u2019\u00e9puisement.<a href=\"https:\/\/ma-sante.news\/rentree-2025-un-systeme-de-sante-deja-sous-tension\/\" target=\"_blank\" rel=\"noopener\"> Le syst\u00e8me fonctionne \u00e0 flux tendu<\/a>.\u00a0<\/p>\n<p>Lors d\u2019une saison \u00ab classique \u00bb, les \u00e9quipes tiennent la barre vaille que vaille. Elles optimisent, r\u00e9organisent, repoussent les limites. Mais cet hiver, l\u2019afflux massif de nourrissons a mis lumi\u00e8re crue sur cette vuln\u00e9rabilit\u00e9 structurelle. Et r\u00e9sultat, 16 b\u00e9b\u00e9s hospitalis\u00e9s en \u00cele-de-France ont d\u00fb \u00eatre transf\u00e9r\u00e9s vers d\u2019autres r\u00e9gions, faute de lits disponibles localement.<\/p>\n<p>Une d\u00e9cision jamais prise avec l\u00e9g\u00e8ret\u00e9. Pour un nourrisson, le transfert est une op\u00e9ration d\u00e9licate : ambulance p\u00e9diatrique, surveillance permanente, risque de d\u00e9saturation. Pour les parents, c\u2019est parfois des centaines de kilom\u00e8tres, l\u2019h\u00e9bergement \u00e0 improviser, la peur de l\u2019\u00e9loignement.<\/p>\n<p>        <strong>Des pouss\u00e9es massives d\u2019hospitalisations<\/strong>    <\/p>\n<p>Plusieurs milliers de b\u00e9b\u00e9s ont \u00e9t\u00e9 accueillis aux urgences en quelques semaines seulement. Or,<a href=\"https:\/\/ma-sante.news\/bronchiolite-avec-le-froid-lepidemie-reprend-encore-de-la-vigueur\/\" target=\"_blank\" rel=\"noopener\"> chaque hospitalisation pour bronchiolite n\u2019est jamais anodine<\/a> : prise en charge respiratoire, oxyg\u00e8ne, surveillance continue, parfois r\u00e9animation. Quelques dizaines d\u2019enfants suppl\u00e9mentaires, et tout tient encore. Quelques centaines, et le syst\u00e8me se tend. Plusieurs milliers, et l\u2019engorgement devient m\u00e9canique.<\/p>\n<p>Les \u00e9quipes m\u00e9dicales doivent alors prioriser, trier, acc\u00e9l\u00e9rer les sorties lorsque c\u2019est possible, transf\u00e9rer ailleurs quand plus aucun lit p\u00e9diatrique ne se lib\u00e8re. Les services saturent, les urgences d\u00e9bordent, les d\u00e9lais s\u2019allongent, et chaque nouveau cas complique le pr\u00e9c\u00e9dent. L\u2019hiver n\u2019a pourtant pas atteint son pic maximal que les capacit\u00e9s franciliennes, d\u00e9j\u00e0 limit\u00e9es, montrent leurs limites.<\/p>\n<p>        Bronchiolie : un arsenal de pr\u00e9vention sous-utilis\u00e9    <strong>Beyfortus<strong>\u00ae<\/strong> et Abrysvo\u00ae, une protection efficace<\/strong>    <\/p>\n<p>Contrairement \u00e0 un vaccin classique, <a href=\"https:\/\/ma-sante.news\/vaccin-beyfortus-deux-etudes-efficacite-nourrissons-bronchiolite\/\" target=\"_blank\" rel=\"noopener\">le Beyfortus\u00ae agit comme une immunisation passive<\/a>. On injecte directement l\u2019anticorps protecteur, ce qui permet au nourrisson d\u2019\u00eatre prot\u00e9g\u00e9 imm\u00e9diatement et pour environ cinq mois, soit toute la dur\u00e9e d\u2019une saison du Virus respiratoire syncytial (VRS).<\/p>\n<p>Deux \u00e9tudes men\u00e9es par l\u2019Institut Pasteur et Sant\u00e9 publique France lors de la saison 2023-2024 ont confirm\u00e9 son efficacit\u00e9 en conditions r\u00e9elles :<\/p>\n<ul class=\"wp-block-list\">\n<li>76 \u00e0 81 % de r\u00e9duction des hospitalisations en r\u00e9animation pour bronchiolite s\u00e9v\u00e8re \u00e0 VRS.<\/li>\n<li>Environ 5 800 hospitalisations \u00e9vit\u00e9es, dont pr\u00e8s de 4 200 chez les nourrissons de 0 \u00e0 2 mois<\/li>\n<\/ul>\n<p>Un impact consid\u00e9rable lorsqu\u2019on sait qu\u2019une seule hospitalisation peut monopoliser plusieurs soignants sur plusieurs jours.<\/p>\n<p>Aussi, depuis 2024, une deuxi\u00e8me option pr\u00e9ventive existe : <a href=\"https:\/\/ma-sante.news\/bronchiolite-un-vaccin-disponible-pour-les-femmes-enceintes\/\" target=\"_blank\" rel=\"noopener\">Abrysvo\u00ae. Un vaccin administr\u00e9 aux femmes enceintes <\/a>entre 24 et 36 semaines d\u2019am\u00e9norrh\u00e9e, afin de transmettre des anticorps protecteurs au f\u0153tus et de r\u00e9duire le risque de bronchiolite s\u00e9v\u00e8re chez le nouveau-n\u00e9 dans ses premiers mois de vie. <\/p>\n<p>Ce vaccin maternel agit comme une barri\u00e8re en amont, en compl\u00e9ment de Beyfortus\u00ae qui prot\u00e8ge directement l\u2019enfant apr\u00e8s la naissance.<\/p>\n<p>        <strong>Une pr\u00e9vention qui progresse, mais pas assez vite<\/strong>    <\/p>\n<p>La diffusion avance. 352 000 doses ont \u00e9t\u00e9 prises en charge par l\u2019Assurance maladie au 24 f\u00e9vrier 2025, en maternit\u00e9 et en ville. Un signal positif, qui montre que le syst\u00e8me se saisit de l\u2019outil.<\/p>\n<p>Mais la couverture reste encore incompl\u00e8te et trop h\u00e9t\u00e9rog\u00e8ne sur le territoire. L\u2019information aupr\u00e8s des jeunes parents pourrait \u00eatre renforc\u00e9e, et l\u2019acc\u00e8s facilit\u00e9 pour \u00e9largir la protection.<\/p>\n<blockquote class=\"wp-block-quote is-layout-flow wp-block-quote-is-layout-flow\">\n<p><strong>\u00c0 SAVOIR<\/strong><\/p>\n<p>Lors de la saison hivernale 2022-2023, Sant\u00e9 publique France a recens\u00e9 73 262 passages aux urgences pour bronchiolite chez les enfants de moins de deux ans, dont 26 104 ont n\u00e9cessit\u00e9 une hospitalisation apr\u00e8s leur prise en charge.<\/p>\n<\/blockquote>\n<p>  <a class=\"gofollow\" data-track=\"MTIsMCw2MA==\" href=\"https:\/\/ma-sante.news\/annonceurs\/\" target=\"_blank\" rel=\"noopener\"><img loading=\"lazy\" decoding=\"async\" width=\"2560\" height=\"2133\" src=\"data:image\/svg+xml,%3Csvg%20xmlns=\" http:=\"\" data-lazy-src=\"https:\/\/www.europesays.com\/fr\/wp-content\/uploads\/2025\/03\/pub-annonceurs-4-scaled.jpg\"\/><\/a>    <img loading=\"lazy\" decoding=\"async\" width=\"755\" height=\"495\" src=\"data:image\/svg+xml,%3Csvg%20xmlns=\" http:=\"\" data-lazy-src=\"https:\/\/www.europesays.com\/fr\/wp-content\/uploads\/2025\/03\/Image1.jpg\" data-lazy-src-webp=\"https:\/\/www.europesays.com\/fr\/wp-content\/uploads\/2025\/03\/Image1.jpg.webp\" class=\"ewww_webp_lazy_load\"\/>Inscrivez-vous \u00e0 notre newsletter <br \/>Ma Sant\u00e9                      <\/p>\n","protected":false},"excerpt":{"rendered":"La bronchiolite gagne la France au pas de course cette ann\u00e9e. \u00a9 Adobe Stock Chaque hiver, la bronchiolite&hellip;\n","protected":false},"author":2,"featured_media":589053,"comment_status":"","ping_status":"","sticky":false,"template":"","format":"standard","meta":{"footnotes":""},"categories":[10],"tags":[58155,1011,27,72,71],"class_list":{"0":"post-589052","1":"post","2":"type-post","3":"status-publish","4":"format-standard","5":"has-post-thumbnail","7":"category-sante","8":"tag-bronchiolite","9":"tag-fr","10":"tag-france","11":"tag-health","12":"tag-sante"},"share_on_mastodon":{"url":"https:\/\/pubeurope.com\/@fr\/115690997318067249","error":""},"_links":{"self":[{"href":"https:\/\/www.europesays.com\/fr\/wp-json\/wp\/v2\/posts\/589052","targetHints":{"allow":["GET"]}}],"collection":[{"href":"https:\/\/www.europesays.com\/fr\/wp-json\/wp\/v2\/posts"}],"about":[{"href":"https:\/\/www.europesays.com\/fr\/wp-json\/wp\/v2\/types\/post"}],"author":[{"embeddable":true,"href":"https:\/\/www.europesays.com\/fr\/wp-json\/wp\/v2\/users\/2"}],"replies":[{"embeddable":true,"href":"https:\/\/www.europesays.com\/fr\/wp-json\/wp\/v2\/comments?post=589052"}],"version-history":[{"count":0,"href":"https:\/\/www.europesays.com\/fr\/wp-json\/wp\/v2\/posts\/589052\/revisions"}],"wp:featuredmedia":[{"embeddable":true,"href":"https:\/\/www.europesays.com\/fr\/wp-json\/wp\/v2\/media\/589053"}],"wp:attachment":[{"href":"https:\/\/www.europesays.com\/fr\/wp-json\/wp\/v2\/media?parent=589052"}],"wp:term":[{"taxonomy":"category","embeddable":true,"href":"https:\/\/www.europesays.com\/fr\/wp-json\/wp\/v2\/categories?post=589052"},{"taxonomy":"post_tag","embeddable":true,"href":"https:\/\/www.europesays.com\/fr\/wp-json\/wp\/v2\/tags?post=589052"}],"curies":[{"name":"wp","href":"https:\/\/api.w.org\/{rel}","templated":true}]}}