{"id":589055,"date":"2025-12-09T18:23:52","date_gmt":"2025-12-09T18:23:52","guid":{"rendered":"https:\/\/www.europesays.com\/fr\/589055\/"},"modified":"2025-12-09T18:23:52","modified_gmt":"2025-12-09T18:23:52","slug":"que-sest-il-reellement-passe-entre-pamela-anderson-et-liam-neeson-lactrice-revele-enfin-la-verite","status":"publish","type":"post","link":"https:\/\/www.europesays.com\/fr\/589055\/","title":{"rendered":"Que s&rsquo;est-il r\u00e9ellement pass\u00e9 entre Pamela Anderson et Liam Neeson ? L&rsquo;actrice r\u00e9v\u00e8le enfin la v\u00e9rit\u00e9"},"content":{"rendered":"<p class=\"intro\">C&rsquo;est une romance qui a fait vibrer Hollywood le temps d&rsquo;un \u00e9t\u00e9. Entre Pamela Anderson et Liam Neeson, est-ce de l&rsquo;amour ou de l&rsquo;amiti\u00e9 ?<\/p>\n<p>Coup de foudre ou coup de pub\u00a0? Depuis leur rencontre sur le tournage de \u00ab\u00a0Y a-t-il un flic pour sauver le monde\u00a0?\u00a0\u00bb en 2024, <a href=\"https:\/\/www.parismatch.com\/People\/pamela-anderson-et-liam-neeson-les-secrets-dune-improbable-romance-255377\" target=\"_blank\" rel=\"noopener\">Pamela Anderson et Liam Neeson ont fait planer le doute<\/a> sur la nature de leur relation. Tant\u00f4t amants, tant\u00f4t amis, au fil des mois, les tablo\u00efds du monde entier ont tent\u00e9 de suivre cette apparente romance, penchant davantage vers la th\u00e8se d\u2019un plan de communication mal ficel\u00e9. Cette semaine dans les pages de \u00ab<a href=\"https:\/\/people.com\/pamela-anderson-on-liam-neeson-relationship-exclusive-11864356\" target=\"_blank\" rel=\"noopener\">\u00a0People<\/a>\u00a0\u00bb, l\u2019actrice s\u2019est enfin exprim\u00e9e, mettant fin aux interrogations et rumeurs infond\u00e9es.<\/p>\n<p>\u00ab\u00a0Pour la petite histoire, Liam et moi avons eu une br\u00e8ve liaison, mais seulement apr\u00e8s la fin du tournage\u00a0\u00bb. Les deux acteurs auraient pass\u00e9 une \u00ab\u00a0semaine intime\u00a0\u00bb chez lui, dans le nord de l\u2019\u00c9tat de New York. Pamela a n\u00e9anmoins ajout\u00e9 qu\u2019elle avait eu sa propre chambre durant son s\u00e9jour et qu\u2019ils n\u2019\u00e9taient pas toujours seuls\u00a0: \u00ab\u00a0Nos assistants \u00e9taient l\u00e0, et m\u00eame des membres de la famille sont pass\u00e9s.\u00a0\u00bb Un soir, ils seraient all\u00e9s d\u00eener au restaurant et Liam l\u2019aurait pr\u00e9sent\u00e9 comme la \u00ab\u00a0future Mme\u00a0Neeson\u00a0\u00bb. La journ\u00e9e, dans le jardin, la com\u00e9dienne aurait jou\u00e9 les paysagistes\u00a0: \u00ab\u00a0J\u2019ai soign\u00e9 un rosier envahi par la menthe\u2026 J\u2019\u00e9tais contente de l\u2019aider, et il a appr\u00e9ci\u00e9.\u00a0\u00bb<\/p>\n<p>    La suite apr\u00e8s cette publicit\u00e9<\/p>\n<p>Un retour \u00e0 la r\u00e9alit\u00e9 et la naissance d\u2019une amiti\u00e9<\/p>\n<p>Apr\u00e8s cette \u00ab\u00a0parenth\u00e8se romantique\u00a0\u00bb (tels sont les mots de <a href=\"https:\/\/www.parismatch.com\/bio\/pamela-anderson\" target=\"_blank\" rel=\"noopener\">Pamela Anderson<\/a>), Liam et elle n\u2019ont pas poursuivi cette relation\u00a0: \u00ab\u00a0Nous avons pris des chemins diff\u00e9rents pour travailler sur d\u2019autres films.\u00a0\u00bb Lors de la tourn\u00e9e promotionnelle du film, quelques mois plus tard, ils ont retrouv\u00e9 leur complicit\u00e9 et leur attache naissante\u00a0: \u00ab\u00a0J\u2019ai toujours ri quand les gens pensaient\u00a0: \u00ab\u00a0Oh, c\u2019est un coup de pub.\u00a0\u00bb Je leur disais\u00a0: \u00ab\u00a0Un coup de pub\u00a0? C\u2019est s\u00e9rieux. Nous avons de vrais sentiments.\u00a0\u00bb J\u2019adore Liam, mais nous sommes de meilleurs amis, pour \u00eatre tout \u00e0 fait honn\u00eate.\u00a0\u00bb Des confessions permettant de clore pour de bon ce chapitre.<\/p>\n","protected":false},"excerpt":{"rendered":"C&rsquo;est une romance qui a fait vibrer Hollywood le temps d&rsquo;un \u00e9t\u00e9. Entre Pamela Anderson et Liam Neeson,&hellip;\n","protected":false},"author":2,"featured_media":589056,"comment_status":"","ping_status":"","sticky":false,"template":"","format":"standard","meta":{"footnotes":""},"categories":[8],"tags":[58,59,1011,27],"class_list":{"0":"post-589055","1":"post","2":"type-post","3":"status-publish","4":"format-standard","5":"has-post-thumbnail","7":"category-divertissement","8":"tag-divertissement","9":"tag-entertainment","10":"tag-fr","11":"tag-france"},"share_on_mastodon":{"url":"https:\/\/pubeurope.com\/@fr\/115691012994634303","error":""},"_links":{"self":[{"href":"https:\/\/www.europesays.com\/fr\/wp-json\/wp\/v2\/posts\/589055","targetHints":{"allow":["GET"]}}],"collection":[{"href":"https:\/\/www.europesays.com\/fr\/wp-json\/wp\/v2\/posts"}],"about":[{"href":"https:\/\/www.europesays.com\/fr\/wp-json\/wp\/v2\/types\/post"}],"author":[{"embeddable":true,"href":"https:\/\/www.europesays.com\/fr\/wp-json\/wp\/v2\/users\/2"}],"replies":[{"embeddable":true,"href":"https:\/\/www.europesays.com\/fr\/wp-json\/wp\/v2\/comments?post=589055"}],"version-history":[{"count":0,"href":"https:\/\/www.europesays.com\/fr\/wp-json\/wp\/v2\/posts\/589055\/revisions"}],"wp:featuredmedia":[{"embeddable":true,"href":"https:\/\/www.europesays.com\/fr\/wp-json\/wp\/v2\/media\/589056"}],"wp:attachment":[{"href":"https:\/\/www.europesays.com\/fr\/wp-json\/wp\/v2\/media?parent=589055"}],"wp:term":[{"taxonomy":"category","embeddable":true,"href":"https:\/\/www.europesays.com\/fr\/wp-json\/wp\/v2\/categories?post=589055"},{"taxonomy":"post_tag","embeddable":true,"href":"https:\/\/www.europesays.com\/fr\/wp-json\/wp\/v2\/tags?post=589055"}],"curies":[{"name":"wp","href":"https:\/\/api.w.org\/{rel}","templated":true}]}}