{"id":589057,"date":"2025-12-09T18:26:34","date_gmt":"2025-12-09T18:26:34","guid":{"rendered":"https:\/\/www.europesays.com\/fr\/589057\/"},"modified":"2025-12-09T18:26:34","modified_gmt":"2025-12-09T18:26:34","slug":"firefox-146-la-nouvelle-mise-a-jour-du-navigateur-de-mozilla-facilite-la-migration-vers-windows-11-et-ameliore-lexperience-utilisateur-y-compris-sous-macos-et-linux","status":"publish","type":"post","link":"https:\/\/www.europesays.com\/fr\/589057\/","title":{"rendered":"Firefox 146 \u2013 la nouvelle mise \u00e0 jour du navigateur de Mozilla facilite la migration vers Windows 11 et am\u00e9liore l\u2019exp\u00e9rience utilisateur y compris sous macOS et Linux"},"content":{"rendered":"<p>Mozilla lance la nouvelle version Firefox 146 de son navigateur introduisant des am\u00e9liorations y compris sous Linux mais \u00e9galement un outil de sauvegarde facilitant la mise \u00e0 jour de Windows 10 vers Windows 11.<\/p>\n<p>Une migration vers Windows 11 facilit\u00e9e<\/p>\n<p>La nouveaut\u00e9 la plus marquante de Firefox 146 concerne l\u2019int\u00e9gration d\u2019un <strong>outil de sauvegarde complet permettant d\u2019exporter son profil<\/strong> Firefox sur <a rel=\"noopener\" href=\"https:\/\/www.laptopspirit.fr\/tag\/windows-10\" target=\"_blank\">Windows 10<\/a> avant une mise \u00e0 niveau vers <a rel=\"noopener\" href=\"https:\/\/www.laptopspirit.fr\/tag\/windows-11\" target=\"_blank\">Windows 11<\/a>.<\/p>\n<p>De quoi <strong>faciliter la migration des PC portables<\/strong> vers ce syst\u00e8me d\u2019exploitation plus r\u00e9cent.<br \/>Car <strong>toutes les donn\u00e9es du profil sont sauvegard\u00e9es quotidiennement<\/strong> \u2013 et <strong>prot\u00e9g\u00e9es par mot de passe <\/strong>si l\u2019utilisateur le souhaite.<br \/>Ainsi favoris, historique, mots de passe et extensions sont <strong>faciles \u00e0 restaurer apr\u00e8s installation de Windows 11<\/strong>.<\/p>\n<p><a href=\"https:\/\/www.laptopspirit.fr\/wp-content\/uploads\/new\/2025\/12\/Firefox-146-sauvegarde-migration.jpg\" data-slb-active=\"1\" data-slb-asset=\"1064101305\" data-slb-internal=\"0\" data-slb-group=\"369846\" target=\"_blank\" rel=\"noopener\"><img loading=\"lazy\" decoding=\"async\" width=\"1024\" height=\"745\" src=\"https:\/\/www.europesays.com\/fr\/wp-content\/uploads\/2025\/12\/Firefox-146-sauvegarde-migration-1024x745.jpg\" alt=\"\" class=\"wp-image-369848\"  \/><\/a><\/p>\n<p>Plus grande fiabilit\u00e9 et am\u00e9liorations sous Linux et macOS<\/p>\n<p>Le navigateur de Mozilla <strong>profite de plusieurs optimisations<\/strong> appr\u00e9ciables.<\/p>\n<p>Mozilla annonce notamment une <strong>meilleure gestion des op\u00e9rations intensives en m\u00e9moire vive<\/strong>, ce qui rend Firefox plus r\u00e9actif.<\/p>\n<p>Sous <strong>Linux<\/strong>, Firefox 146 apporte une <strong>prise en charge \u00e9tendue de Wayland<\/strong> et introduit des <strong>optimisations qui am\u00e9liorent le rendu graphique sur les ordinateurs portables<\/strong> qui s\u2019appuient sur une solution graphique int\u00e9gr\u00e9e au processeur.<br \/>Ainsi les <strong>animations et transitions gagnent en fluidit\u00e9<\/strong> tandis que la <strong>gestion de l\u2019\u00e9nergie se montre plus stable<\/strong>, un enjeu cl\u00e9 pour l\u2019autonomie d\u2019un PC portable.<\/p>\n<p>Sous Apple <strong>macOS<\/strong>, Firefox 146 optimise le fonctionnement du rendu graphique\u00a0: en cas de plantage, seul le module en cause red\u00e9marre en arri\u00e8re plan donc le navigateur reste fonctionnel.<\/p>\n<p>Dans l\u2019ensemble, Firefox 146 constitue une mise \u00e0 jour utile pour les utilisateurs de PC portables : utilisation facilit\u00e9e et optimis\u00e9e, que ce soit sous Windows, macOS ou Linux.<br \/>Un bon point alors que <a href=\"https:\/\/www.laptopspirit.fr\/367934\/windows-10-fin-du-support-officiel-ce-14-octobre-2025-quelles-solutions-pour-les-utilisateurs-de-pc-portables.html\" target=\"_blank\" rel=\"noopener\">les prochains mois seront synonymes pour beaucoup de migration de Windows 10 vers Windows 11 ou une distribution Linux<\/a>.<\/p>\n<p>Pour t\u00e9l\u00e9charger <a href=\"https:\/\/www.firefox.com\/fr\/download\/all\/\" target=\"_blank\" rel=\"noopener\">Firefox 146 c\u2019est par ici<\/a>.<\/p>\n","protected":false},"excerpt":{"rendered":"Mozilla lance la nouvelle version Firefox 146 de son navigateur introduisant des am\u00e9liorations y compris sous Linux mais&hellip;\n","protected":false},"author":2,"featured_media":589058,"comment_status":"","ping_status":"","sticky":false,"template":"","format":"standard","meta":{"footnotes":""},"categories":[7],"tags":[1011,27,43,40,41,39,42,44],"class_list":{"0":"post-589057","1":"post","2":"type-post","3":"status-publish","4":"format-standard","5":"has-post-thumbnail","7":"category-sciences-et-technologies","8":"tag-fr","9":"tag-france","10":"tag-science","11":"tag-science-and-technology","12":"tag-sciences","13":"tag-sciences-et-technologies","14":"tag-technologies","15":"tag-technology"},"share_on_mastodon":{"url":"https:\/\/pubeurope.com\/@fr\/115691022264857061","error":""},"_links":{"self":[{"href":"https:\/\/www.europesays.com\/fr\/wp-json\/wp\/v2\/posts\/589057","targetHints":{"allow":["GET"]}}],"collection":[{"href":"https:\/\/www.europesays.com\/fr\/wp-json\/wp\/v2\/posts"}],"about":[{"href":"https:\/\/www.europesays.com\/fr\/wp-json\/wp\/v2\/types\/post"}],"author":[{"embeddable":true,"href":"https:\/\/www.europesays.com\/fr\/wp-json\/wp\/v2\/users\/2"}],"replies":[{"embeddable":true,"href":"https:\/\/www.europesays.com\/fr\/wp-json\/wp\/v2\/comments?post=589057"}],"version-history":[{"count":0,"href":"https:\/\/www.europesays.com\/fr\/wp-json\/wp\/v2\/posts\/589057\/revisions"}],"wp:featuredmedia":[{"embeddable":true,"href":"https:\/\/www.europesays.com\/fr\/wp-json\/wp\/v2\/media\/589058"}],"wp:attachment":[{"href":"https:\/\/www.europesays.com\/fr\/wp-json\/wp\/v2\/media?parent=589057"}],"wp:term":[{"taxonomy":"category","embeddable":true,"href":"https:\/\/www.europesays.com\/fr\/wp-json\/wp\/v2\/categories?post=589057"},{"taxonomy":"post_tag","embeddable":true,"href":"https:\/\/www.europesays.com\/fr\/wp-json\/wp\/v2\/tags?post=589057"}],"curies":[{"name":"wp","href":"https:\/\/api.w.org\/{rel}","templated":true}]}}