{"id":58908,"date":"2025-04-28T09:30:07","date_gmt":"2025-04-28T09:30:07","guid":{"rendered":"https:\/\/www.europesays.com\/fr\/58908\/"},"modified":"2025-04-28T09:30:07","modified_gmt":"2025-04-28T09:30:07","slug":"rocade-l2-a-marseille-6-vehicules-impliques-dans-un-carambolage-bouchon-important-en-direction-daix","status":"publish","type":"post","link":"https:\/\/www.europesays.com\/fr\/58908\/","title":{"rendered":"Rocade L2 \u00e0 Marseille : 6 v\u00e9hicules impliqu\u00e9s dans un carambolage, bouchon important en direction d&rsquo;Aix"},"content":{"rendered":"<p>\u00c0 hauteur de Montolivet, un accident s\u2019est produit il y a de cela quelques minutes. Pas moins de six v\u00e9hicules sont impliqu\u00e9s dans ce carambolage qui a eu lieu dans le sens Aubagne-Aix. Une voie est neutralis\u00e9e au trafic de tous les v\u00e9hicules Les hommes de la Direction interd\u00e9partementale des routes M\u00e9diterran\u00e9e (Dirmed) sont pr\u00e9sents sur les lieux, ainsi que les marins-pompiers et les forces de l&rsquo;ordre.<\/p>\n<p>Un bouchon important est cours, la retenue remontant pratiquement jusqu&rsquo;\u00e0 Saint-Jean-du-D\u00e9sert. Il est donc fortement conseill\u00e9 d&rsquo;\u00e9viter cette zone sous peine pour les automobilistes de se retrouver pare-chocs contre pare-chocs pendant de tr\u00e8s longues minutes.<\/p>\n","protected":false},"excerpt":{"rendered":"\u00c0 hauteur de Montolivet, un accident s\u2019est produit il y a de cela quelques minutes. Pas moins de&hellip;\n","protected":false},"author":2,"featured_media":58909,"comment_status":"","ping_status":"","sticky":false,"template":"","format":"standard","meta":{"footnotes":""},"categories":[2814],"tags":[17,1111,11,4899,7725,1446,1777,674,274,1011,27,15543,884,12,882,25,4797,7727],"class_list":{"0":"post-58908","1":"post","2":"type-post","3":"status-publish","4":"format-standard","5":"has-post-thumbnail","7":"category-marseille","8":"tag-17","9":"tag-actu","10":"tag-actualites","11":"tag-bouchon","12":"tag-carambolage","13":"tag-dans","14":"tag-eu","15":"tag-europe","16":"tag-faits-divers-justice","17":"tag-fr","18":"tag-france","19":"tag-impliques","20":"tag-marseille","21":"tag-news","22":"tag-provence-alpes-cote-dazur","23":"tag-republique-francaise","24":"tag-rocade","25":"tag-vehicules"},"share_on_mastodon":{"url":"https:\/\/pubeurope.com\/@fr\/114414893454739928","error":""},"_links":{"self":[{"href":"https:\/\/www.europesays.com\/fr\/wp-json\/wp\/v2\/posts\/58908","targetHints":{"allow":["GET"]}}],"collection":[{"href":"https:\/\/www.europesays.com\/fr\/wp-json\/wp\/v2\/posts"}],"about":[{"href":"https:\/\/www.europesays.com\/fr\/wp-json\/wp\/v2\/types\/post"}],"author":[{"embeddable":true,"href":"https:\/\/www.europesays.com\/fr\/wp-json\/wp\/v2\/users\/2"}],"replies":[{"embeddable":true,"href":"https:\/\/www.europesays.com\/fr\/wp-json\/wp\/v2\/comments?post=58908"}],"version-history":[{"count":0,"href":"https:\/\/www.europesays.com\/fr\/wp-json\/wp\/v2\/posts\/58908\/revisions"}],"wp:featuredmedia":[{"embeddable":true,"href":"https:\/\/www.europesays.com\/fr\/wp-json\/wp\/v2\/media\/58909"}],"wp:attachment":[{"href":"https:\/\/www.europesays.com\/fr\/wp-json\/wp\/v2\/media?parent=58908"}],"wp:term":[{"taxonomy":"category","embeddable":true,"href":"https:\/\/www.europesays.com\/fr\/wp-json\/wp\/v2\/categories?post=58908"},{"taxonomy":"post_tag","embeddable":true,"href":"https:\/\/www.europesays.com\/fr\/wp-json\/wp\/v2\/tags?post=58908"}],"curies":[{"name":"wp","href":"https:\/\/api.w.org\/{rel}","templated":true}]}}