{"id":589086,"date":"2025-12-09T18:46:38","date_gmt":"2025-12-09T18:46:38","guid":{"rendered":"https:\/\/www.europesays.com\/fr\/589086\/"},"modified":"2025-12-09T18:46:38","modified_gmt":"2025-12-09T18:46:38","slug":"techfest-revient-en-2026-et-place-la-souverainete-au-coeur-de-son-edition-grenobloise","status":"publish","type":"post","link":"https:\/\/www.europesays.com\/fr\/589086\/","title":{"rendered":"tech&#038;fest revient en 2026 et place la souverainet\u00e9 au c\u0153ur de son \u00e9dition grenobloise"},"content":{"rendered":"<p>                                                        <img loading=\"lazy\" decoding=\"async\" width=\"1280\" height=\"853\" src=\"data:image\/svg+xml,%3Csvg%20xmlns=\" http:=\"\" class=\"thumb img-responsive m-x-auto block w-full\" alt=\"alpexpo lyon entreprises\" caption=\"\" data-lazy-src=\"https:\/\/www.europesays.com\/fr\/wp-content\/uploads\/2025\/12\/alpexpo-lyon-entreprises.jpg\"\/><\/p>\n<p class=\"ez-toc-title ez-toc-toggle\" style=\"cursor: pointer\">Sommaire &amp; acc\u00e8s rapide<\/p>\n<p><a href=\"#\" class=\"ez-toc-pull-right ez-toc-btn ez-toc-btn-xs ez-toc-btn-default ez-toc-toggle\" aria-label=\"Toggle Table of Content\">Toggle<\/a><\/p>\n<p><strong>Pour sa troisi\u00e8me \u00e9dition, tech&amp;fest s\u2019installera les 4 et 5 f\u00e9vrier 2026 \u00e0 Alpexpo Grenoble. L\u2019\u00e9v\u00e9nement port\u00e9 par le Dauphin\u00e9 Lib\u00e9r\u00e9 entend franchir un nouveau cap en faisant de la souverainet\u00e9 technologique, \u00e9nerg\u00e9tique et industrielle le fil conducteur de sa programmation.<\/strong><\/p>\n<p>Un rendez-vous qui s\u2019affirme dans un territoire d\u2019innovation<\/p>\n<p>Organis\u00e9 \u00e0 Grenoble, r\u00e9cemment reconnue capitale europ\u00e9enne de l\u2019innovation, tech&amp;fest s\u2019impose d\u00e9sormais comme un point de rencontre majeur entre acteurs technologiques, industriels, acad\u00e9miques et territoriaux. Fort du succ\u00e8s de ses deux premi\u00e8res \u00e9ditions, le festival veut accentuer son r\u00f4le de passerelle entre recherche, industrie et innovation locale.<\/p>\n<p>Pour l\u2019\u00e9dition 2026, les organisateurs annoncent une ambition renforc\u00e9e : offrir un espace o\u00f9 se rencontrent d\u00e9cideurs, scientifiques, entrepreneurs, \u00e9tudiants et acteurs publics pour r\u00e9fl\u00e9chir collectivement aux conditions d\u2019une autonomie durable et r\u00e9siliente.<\/p>\n<p>Une programmation structur\u00e9e autour de quatre univers<\/p>\n<p>Tech&amp;fest articulera ses contenus et espaces autour de quatre grands th\u00e8mes :<\/p>\n<ul>\n<li><strong>tech&amp;planet<\/strong> : transitions \u00e9nerg\u00e9tiques et \u00e9cologiques, environnement, mobilit\u00e9s, organisation de la cit\u00e9 ;<\/li>\n<li><strong>tech&amp;human<\/strong> : sant\u00e9, innovations medtech, travail, marque employeur, attractivit\u00e9 et fid\u00e9lisation des talents ;<\/li>\n<li><strong>tech&amp;solutions<\/strong> : cybers\u00e9curit\u00e9, transformation digitale, data, logiciels, performance et croissance ;<\/li>\n<li><strong>tech&amp;fab<\/strong> : industrie du futur, technologies spatiales et de d\u00e9fense, micro\u00e9lectronique, robotique et industrie 4.0.<\/li>\n<\/ul>\n<p>Les th\u00e9matiques couvriront un large spectre : quantique, usages de l\u2019intelligence artificielle, cybers\u00e9curit\u00e9, autonomie \u00e9nerg\u00e9tique, robotique, mobilit\u00e9s intelligentes, innovations pour les territoires alpins ou encore num\u00e9rique responsable.<\/p>\n<p>Plus de 250 intervenants attendus<\/p>\n<p>Les organisateurs annoncent plus de 250 experts sur les sc\u00e8nes, agoras, plateaux TV et masterclass. Parmi les intervenants d\u00e9j\u00e0 confirm\u00e9s figurent notamment Luc Julia (Renault), Timoth\u00e9e Lacroix (Mistral AI), Etienne Klein (CEA), Michel Lutz (TotalEnergies), Amir Reza Tofighi (CPME), Ath\u00e9na\u00efs Oslati (Ontbo), Bart Beck (European Innovation Council), Patrick Pelata (Acad\u00e9mie des Technologies), Maud Vinet (Quobly) et Saturnin Pugnet (Auspicious Fund).<\/p>\n<p>Une \u00e9dition marqu\u00e9e par plusieurs nouveaut\u00e9s<\/p>\n<p>L\u2019\u00e9dition 2026 introduit de nouveaux espaces et formats destin\u00e9s \u00e0 renforcer les \u00e9changes et \u00e0 valoriser les innovations technologiques.<\/p>\n<ul>\n<li><strong>Le High Level Forum<\/strong>, sommet international rassemblant des \u00e9cosyst\u00e8mes technologiques mondiaux tels que Stanford, MIT, Oxford ou Technion, int\u00e9gr\u00e9 pour la premi\u00e8re fois au c\u0153ur de l\u2019\u00e9v\u00e9nement.<\/li>\n<li><strong>Le Village de la robotique<\/strong>, un espace immersif d\u00e9di\u00e9 aux innovations robotiques appliqu\u00e9es \u00e0 l\u2019industrie, la sant\u00e9 ou la mobilit\u00e9.<\/li>\n<li><strong>Tech&amp;Mountain<\/strong>, parcours de r\u00e9flexion consacr\u00e9 \u00e0 la montagne de demain, incluant biodiversit\u00e9, tourisme, sports et r\u00e9silience climatique, avec une perspective vers les Jeux Olympiques 2030.<\/li>\n<li><strong>Le Village Healthtech<\/strong>, r\u00e9unissant startups, laboratoires et grands acteurs de la sant\u00e9 autour de conf\u00e9rences et rencontres.<\/li>\n<li><strong>La Conciergerie BtoB<\/strong>, un dispositif d\u2019accompagnement pour faciliter les rendez-vous et opportunit\u00e9s d\u2019affaires entre dirigeants et partenaires.<\/li>\n<\/ul>\n<p>Une marraine 2026 issue de l\u2019\u00e9cosyst\u00e8me grenoblois<\/p>\n<p>Julie Galland, Directrice de la recherche technologique au CEA, sera la marraine de cette \u00e9dition centr\u00e9e sur la souverainet\u00e9. D\u00e9j\u00e0 pr\u00e9sente lors des pr\u00e9c\u00e9dentes \u00e9ditions, elle succ\u00e8de \u00e0 Benoit Lemaignan en 2025 et \u00e0 Maud Vinet en 2024. Son parcours, au croisement de la recherche, de l\u2019industrie et de l\u2019innovation, s\u2019inscrit pleinement dans les ambitions de tech&amp;fest.<\/p>\n<p>Un \u00e9v\u00e9nement soutenu par les acteurs r\u00e9gionaux<\/p>\n<p>Aux c\u00f4t\u00e9s de sa marraine, tech&amp;fest peut compter sur l\u2019engagement renouvel\u00e9 de ses partenaires fondateurs : la R\u00e9gion Auvergne-Rh\u00f4ne-Alpes, Grenoble Alpes M\u00e9tropole, l\u2019Universit\u00e9 Grenoble Alpes, le CEA, le Cr\u00e9dit Mutuel, Gr\u00e9sivaudan, le CNRS et l\u2019Inria. Le festival b\u00e9n\u00e9ficie \u00e9galement du soutien \u00e9ditorial et \u00e9v\u00e9nementiel du Dauphin\u00e9 Lib\u00e9r\u00e9 et du groupe EBRA.<\/p>\n<p>Ces partenariats confirment le r\u00f4le strat\u00e9gique de l\u2019\u00e9v\u00e9nement dans un territoire o\u00f9 l\u2019innovation scientifique, industrielle et num\u00e9rique constitue un levier majeur de comp\u00e9titivit\u00e9.<\/p>\n","protected":false},"excerpt":{"rendered":"Sommaire &amp; acc\u00e8s rapide Toggle Pour sa troisi\u00e8me \u00e9dition, tech&amp;fest s\u2019installera les 4 et 5 f\u00e9vrier 2026 \u00e0&hellip;\n","protected":false},"author":2,"featured_media":589087,"comment_status":"","ping_status":"","sticky":false,"template":"","format":"standard","meta":{"footnotes":""},"categories":[9566],"tags":[1111,11,2430,1777,674,1011,27,2731,12,25],"class_list":{"0":"post-589086","1":"post","2":"type-post","3":"status-publish","4":"format-standard","5":"has-post-thumbnail","7":"category-grenoble","8":"tag-actu","9":"tag-actualites","10":"tag-auvergne-rhone-alpes","11":"tag-eu","12":"tag-europe","13":"tag-fr","14":"tag-france","15":"tag-grenoble","16":"tag-news","17":"tag-republique-francaise"},"share_on_mastodon":{"url":"https:\/\/pubeurope.com\/@fr\/115691099408227183","error":""},"_links":{"self":[{"href":"https:\/\/www.europesays.com\/fr\/wp-json\/wp\/v2\/posts\/589086","targetHints":{"allow":["GET"]}}],"collection":[{"href":"https:\/\/www.europesays.com\/fr\/wp-json\/wp\/v2\/posts"}],"about":[{"href":"https:\/\/www.europesays.com\/fr\/wp-json\/wp\/v2\/types\/post"}],"author":[{"embeddable":true,"href":"https:\/\/www.europesays.com\/fr\/wp-json\/wp\/v2\/users\/2"}],"replies":[{"embeddable":true,"href":"https:\/\/www.europesays.com\/fr\/wp-json\/wp\/v2\/comments?post=589086"}],"version-history":[{"count":0,"href":"https:\/\/www.europesays.com\/fr\/wp-json\/wp\/v2\/posts\/589086\/revisions"}],"wp:featuredmedia":[{"embeddable":true,"href":"https:\/\/www.europesays.com\/fr\/wp-json\/wp\/v2\/media\/589087"}],"wp:attachment":[{"href":"https:\/\/www.europesays.com\/fr\/wp-json\/wp\/v2\/media?parent=589086"}],"wp:term":[{"taxonomy":"category","embeddable":true,"href":"https:\/\/www.europesays.com\/fr\/wp-json\/wp\/v2\/categories?post=589086"},{"taxonomy":"post_tag","embeddable":true,"href":"https:\/\/www.europesays.com\/fr\/wp-json\/wp\/v2\/tags?post=589086"}],"curies":[{"name":"wp","href":"https:\/\/api.w.org\/{rel}","templated":true}]}}