{"id":589090,"date":"2025-12-09T18:50:33","date_gmt":"2025-12-09T18:50:33","guid":{"rendered":"https:\/\/www.europesays.com\/fr\/589090\/"},"modified":"2025-12-09T18:50:33","modified_gmt":"2025-12-09T18:50:33","slug":"montgermont-une-serie-de-concerts-allant-du-classique-au-jazz","status":"publish","type":"post","link":"https:\/\/www.europesays.com\/fr\/589090\/","title":{"rendered":"Montgermont. Une s\u00e9rie de concerts allant du classique au jazz"},"content":{"rendered":"<p>L\u2019\u00e9cole de musique et de danse Accordances, du Syrenor (Syndicat de recherche et d\u2019\u00e9tudes du nord-ouest de Rennes) intervient dans les communes de La Chapelle-des-Fougeretz, G\u00e9vez\u00e9, Montgermont, Parthenay-de-Bretagne et Pac\u00e9.<\/p>\n<p>\u00ab Renforcer le lien entre les communes \u00bb<\/p>\n<p>Chaque ann\u00e9e les \u00e9l\u00e8ves, les enseignants et les ensembles musicaux de l\u2019\u00e9cole se mobilisent pour proposer une s\u00e9rie de concerts et d\u2019auditions dans les communes partenaires du syndicat.<\/p>\n<p><strong>\u00a0Ces rendez-vous permettent de partager le travail accompli, de valoriser la diversit\u00e9 des pratiques musicales, qu\u2019elles soient classiques, modernes ou collectives, et d\u2019offrir au public un moment de rencontre,souligne Charles Jacq, du Syrenor. L\u2019objectif est de promouvoir l\u2019ouverture culturelle sur le territoire, de t\u00e9moigner de la vitalit\u00e9 locale et de renforcer le lien entre les communes membres, les \u00e9l\u00e8ves, les familles et les structures culturelles\u00a0\u00bb.<\/strong><\/p>\n<p>Montgermont va accueillir la classe de piano de Vincent Beno\u00eet, mardi 16 d\u00e9cembre. Il pr\u00e9sentera un programme allant du classique au jazz, en passant par la pop musique.<\/p>\n<p>Mardi 16\u00a0d\u00e9cembre, \u00e0 19\u00a0h\u00a030, salle Yves-Montand de l\u2019Espace \u00c9vasion. Entr\u00e9e gratuite.<\/p>\n<p>\u00a0<\/p>\n","protected":false},"excerpt":{"rendered":"L\u2019\u00e9cole de musique et de danse Accordances, du Syrenor (Syndicat de recherche et d\u2019\u00e9tudes du nord-ouest de Rennes)&hellip;\n","protected":false},"author":2,"featured_media":589091,"comment_status":"","ping_status":"","sticky":false,"template":"","format":"standard","meta":{"footnotes":""},"categories":[2821],"tags":[1111,11,70234,829,3526,4156,1777,674,1011,27,6910,9088,12,584,25,3728,521],"class_list":{"0":"post-589090","1":"post","2":"type-post","3":"status-publish","4":"format-standard","5":"has-post-thumbnail","7":"category-rennes","8":"tag-actu","9":"tag-actualites","10":"tag-allant","11":"tag-bretagne","12":"tag-classique","13":"tag-concerts","14":"tag-eu","15":"tag-europe","16":"tag-fr","17":"tag-france","18":"tag-jazz","19":"tag-montgermont","20":"tag-news","21":"tag-rennes","22":"tag-republique-francaise","23":"tag-saint-malo","24":"tag-serie"},"share_on_mastodon":{"url":"https:\/\/pubeurope.com\/@fr\/115691115179633739","error":""},"_links":{"self":[{"href":"https:\/\/www.europesays.com\/fr\/wp-json\/wp\/v2\/posts\/589090","targetHints":{"allow":["GET"]}}],"collection":[{"href":"https:\/\/www.europesays.com\/fr\/wp-json\/wp\/v2\/posts"}],"about":[{"href":"https:\/\/www.europesays.com\/fr\/wp-json\/wp\/v2\/types\/post"}],"author":[{"embeddable":true,"href":"https:\/\/www.europesays.com\/fr\/wp-json\/wp\/v2\/users\/2"}],"replies":[{"embeddable":true,"href":"https:\/\/www.europesays.com\/fr\/wp-json\/wp\/v2\/comments?post=589090"}],"version-history":[{"count":0,"href":"https:\/\/www.europesays.com\/fr\/wp-json\/wp\/v2\/posts\/589090\/revisions"}],"wp:featuredmedia":[{"embeddable":true,"href":"https:\/\/www.europesays.com\/fr\/wp-json\/wp\/v2\/media\/589091"}],"wp:attachment":[{"href":"https:\/\/www.europesays.com\/fr\/wp-json\/wp\/v2\/media?parent=589090"}],"wp:term":[{"taxonomy":"category","embeddable":true,"href":"https:\/\/www.europesays.com\/fr\/wp-json\/wp\/v2\/categories?post=589090"},{"taxonomy":"post_tag","embeddable":true,"href":"https:\/\/www.europesays.com\/fr\/wp-json\/wp\/v2\/tags?post=589090"}],"curies":[{"name":"wp","href":"https:\/\/api.w.org\/{rel}","templated":true}]}}