{"id":589094,"date":"2025-12-09T18:54:25","date_gmt":"2025-12-09T18:54:25","guid":{"rendered":"https:\/\/www.europesays.com\/fr\/589094\/"},"modified":"2025-12-09T18:54:25","modified_gmt":"2025-12-09T18:54:25","slug":"municipales-2026-au-meeting-de-la-liste-strasbourg-cest-nous-masterclass-de-philippe-poutou","status":"publish","type":"post","link":"https:\/\/www.europesays.com\/fr\/589094\/","title":{"rendered":"Municipales 2026. Au meeting de la liste \u201cStrasbourg c\u2019est nous\u201d, masterclass de Philippe Poutou"},"content":{"rendered":"<p>L\u2019\u00e9lu municipal \u00e0 Bordeaux a ramen\u00e9 dans sa besace son \u00e9nergie militante et son humour d\u00e9sabus\u00e9. \u00ab\u00a0Qu\u2019est-ce qu\u2019on fait l\u00e0\u00a0?\u00a0\u00bb a-t-il d\u00e9marr\u00e9. \u00ab\u00a0Notre terrain politique c\u2019est celui de la lutte, notre objectif revendiqu\u00e9 est de renverser la cinqui\u00e8me R\u00e9publique, alors pourquoi se pr\u00e9senter \u00e0 des \u00e9lections\u00a0? La campagne c\u2019est oser montrer nos gueules avec notre fragilit\u00e9, notre petitesse, sans argent.\u00a0\u00bb \u00ab\u00a0L\u00e0 o\u00f9 les classes populaires ne sont pas invit\u00e9es, c\u2019est montrer qu\u2019un autre camp social existe\u00a0\u00bb.<\/p>\n<p>Au risque de d\u00e9cevoir certains\u00a0: \u00ab\u00a0Le premier objectif d\u2019une campagne pour le NPA n\u2019est pas tant d\u2019avoir des \u00e9lus.\u00a0\u00bb \u00ab\u00a0Mais la campagne, c\u2019est se retrouver et retrouver des&#8230;<\/p>\n","protected":false},"excerpt":{"rendered":"L\u2019\u00e9lu municipal \u00e0 Bordeaux a ramen\u00e9 dans sa besace son \u00e9nergie militante et son humour d\u00e9sabus\u00e9. \u00ab\u00a0Qu\u2019est-ce qu\u2019on&hellip;\n","protected":false},"author":2,"featured_media":589095,"comment_status":"","ping_status":"","sticky":false,"template":"","format":"standard","meta":{"footnotes":""},"categories":[2820],"tags":[1111,11,2880,5949,4188,1777,674,107,1011,27,775,12,316,25,640,2879],"class_list":{"0":"post-589094","1":"post","2":"type-post","3":"status-publish","4":"format-standard","5":"has-post-thumbnail","7":"category-strasbourg","8":"tag-actu","9":"tag-actualites","10":"tag-edition-strasbourg","11":"tag-elections","12":"tag-elections-municipales","13":"tag-eu","14":"tag-europe","15":"tag-fil-info","16":"tag-fr","17":"tag-france","18":"tag-grand-est","19":"tag-news","20":"tag-politique","21":"tag-republique-francaise","22":"tag-strasbourg","23":"tag-strasbourg-ville"},"share_on_mastodon":{"url":"https:\/\/pubeurope.com\/@fr\/115691131275201106","error":""},"_links":{"self":[{"href":"https:\/\/www.europesays.com\/fr\/wp-json\/wp\/v2\/posts\/589094","targetHints":{"allow":["GET"]}}],"collection":[{"href":"https:\/\/www.europesays.com\/fr\/wp-json\/wp\/v2\/posts"}],"about":[{"href":"https:\/\/www.europesays.com\/fr\/wp-json\/wp\/v2\/types\/post"}],"author":[{"embeddable":true,"href":"https:\/\/www.europesays.com\/fr\/wp-json\/wp\/v2\/users\/2"}],"replies":[{"embeddable":true,"href":"https:\/\/www.europesays.com\/fr\/wp-json\/wp\/v2\/comments?post=589094"}],"version-history":[{"count":0,"href":"https:\/\/www.europesays.com\/fr\/wp-json\/wp\/v2\/posts\/589094\/revisions"}],"wp:featuredmedia":[{"embeddable":true,"href":"https:\/\/www.europesays.com\/fr\/wp-json\/wp\/v2\/media\/589095"}],"wp:attachment":[{"href":"https:\/\/www.europesays.com\/fr\/wp-json\/wp\/v2\/media?parent=589094"}],"wp:term":[{"taxonomy":"category","embeddable":true,"href":"https:\/\/www.europesays.com\/fr\/wp-json\/wp\/v2\/categories?post=589094"},{"taxonomy":"post_tag","embeddable":true,"href":"https:\/\/www.europesays.com\/fr\/wp-json\/wp\/v2\/tags?post=589094"}],"curies":[{"name":"wp","href":"https:\/\/api.w.org\/{rel}","templated":true}]}}