{"id":589100,"date":"2025-12-09T18:58:17","date_gmt":"2025-12-09T18:58:17","guid":{"rendered":"https:\/\/www.europesays.com\/fr\/589100\/"},"modified":"2025-12-09T18:58:17","modified_gmt":"2025-12-09T18:58:17","slug":"lom-discute-avec-sofiane-diop-nice","status":"publish","type":"post","link":"https:\/\/www.europesays.com\/fr\/589100\/","title":{"rendered":"l&rsquo;OM discute avec Sofiane Diop (Nice)"},"content":{"rendered":"<p>Alors que la situation de l\u2019OGC Nice attire forc\u00e9ment l\u2019int\u00e9r\u00eat de nombreux clubs, pr\u00eats \u00e0 r\u00e9cup\u00e9rer les joueurs qui souhaitent quitter le club (comme Jeremi Boga et Terem Moffi), l\u2019OM pourrait bien en profiter pour attirer le meilleur des Aiglons depuis le d\u00e9but de saison.<\/p>\n<p>8 millions d\u2019euros<\/p>\n<p>Selon Christopher Rocchia, form\u00e9 \u00e0 l\u2019OM et grand ami de Sofiane Diop, ce dernier discute en ce moment avec le club. \u00ab J\u2019ai eu quelques \u00e9chos\u2026 Il y a eu des contacts\u00a0\u00bb, a expliqu\u00e9 le d\u00e9fenseur d\u2019Aubagne. \u00ab\u00a0\u00c7a, c\u2019est r\u00e9el. Il n\u2019y a rien de fait, ils discutent. Aucun contrat n\u2019a \u00e9t\u00e9 mis sur la table. C\u2019est un projet qui lui pla\u00eet, qui l\u2019int\u00e9resse. Je pense qu\u2019il a les \u00e9paules pour jouer \u00e0 l\u2019OM \u00bb.<\/p>\n<p>Ce qui est paradoxal, c\u2019est que Sofiane Diop est un des seuls joueurs \u00e9pargn\u00e9s par les supporters. Auteur de 6 buts et 2 passes d\u00e9cisives en 15 matchs de Ligue 1 (dont 11 comme titulaire), le joueur de 25 ans, form\u00e9 \u00e0 Rennes, est sous contrat jusqu\u2019en 2027 avec l\u2019OGC Nice.\u00a0Il est valoris\u00e9 \u00e0 8 millions d\u2019euros par le site sp\u00e9cialis\u00e9 Transfermarkt.<\/p>\n","protected":false},"excerpt":{"rendered":"Alors que la situation de l\u2019OGC Nice attire forc\u00e9ment l\u2019int\u00e9r\u00eat de nombreux clubs, pr\u00eats \u00e0 r\u00e9cup\u00e9rer les joueurs&hellip;\n","protected":false},"author":2,"featured_media":299562,"comment_status":"","ping_status":"","sticky":false,"template":"","format":"standard","meta":{"footnotes":""},"categories":[2819],"tags":[1111,11,1777,674,1011,27,12,2401,149,882,25],"class_list":{"0":"post-589100","1":"post","2":"type-post","3":"status-publish","4":"format-standard","5":"has-post-thumbnail","7":"category-nice","8":"tag-actu","9":"tag-actualites","10":"tag-eu","11":"tag-europe","12":"tag-fr","13":"tag-france","14":"tag-news","15":"tag-nice","16":"tag-om","17":"tag-provence-alpes-cote-dazur","18":"tag-republique-francaise"},"share_on_mastodon":{"url":"https:\/\/pubeurope.com\/@fr\/115691146633904234","error":""},"_links":{"self":[{"href":"https:\/\/www.europesays.com\/fr\/wp-json\/wp\/v2\/posts\/589100","targetHints":{"allow":["GET"]}}],"collection":[{"href":"https:\/\/www.europesays.com\/fr\/wp-json\/wp\/v2\/posts"}],"about":[{"href":"https:\/\/www.europesays.com\/fr\/wp-json\/wp\/v2\/types\/post"}],"author":[{"embeddable":true,"href":"https:\/\/www.europesays.com\/fr\/wp-json\/wp\/v2\/users\/2"}],"replies":[{"embeddable":true,"href":"https:\/\/www.europesays.com\/fr\/wp-json\/wp\/v2\/comments?post=589100"}],"version-history":[{"count":0,"href":"https:\/\/www.europesays.com\/fr\/wp-json\/wp\/v2\/posts\/589100\/revisions"}],"wp:featuredmedia":[{"embeddable":true,"href":"https:\/\/www.europesays.com\/fr\/wp-json\/wp\/v2\/media\/299562"}],"wp:attachment":[{"href":"https:\/\/www.europesays.com\/fr\/wp-json\/wp\/v2\/media?parent=589100"}],"wp:term":[{"taxonomy":"category","embeddable":true,"href":"https:\/\/www.europesays.com\/fr\/wp-json\/wp\/v2\/categories?post=589100"},{"taxonomy":"post_tag","embeddable":true,"href":"https:\/\/www.europesays.com\/fr\/wp-json\/wp\/v2\/tags?post=589100"}],"curies":[{"name":"wp","href":"https:\/\/api.w.org\/{rel}","templated":true}]}}