{"id":589103,"date":"2025-12-09T19:02:06","date_gmt":"2025-12-09T19:02:06","guid":{"rendered":"https:\/\/www.europesays.com\/fr\/589103\/"},"modified":"2025-12-09T19:02:06","modified_gmt":"2025-12-09T19:02:06","slug":"nantes-previsions-meteo-du-mardi-09-decembre-2025","status":"publish","type":"post","link":"https:\/\/www.europesays.com\/fr\/589103\/","title":{"rendered":"Nantes : pr\u00e9visions m\u00e9t\u00e9o du mardi 09 d\u00e9cembre 2025"},"content":{"rendered":"<p>\u00c0 Nantes, ce mardi 09 d\u00e9cembre 2025, la journ\u00e9e sera marqu\u00e9e par une couverture nuageuse dense et une bruine intermittente, accompagn\u00e9e d\u2019une douceur relative et de vents mod\u00e9r\u00e9s. Le temps restera humide mais peu pluvieux, avec des rafales ponctuelles l\u2019apr\u00e8s-midi.<\/p>\n<p>    Ce matin \u00e0 Nantes : douceur sous un ciel tr\u00e8s nuageux<\/p>\n<p>\u00c0 09 h, la station de Nantes-Atlantique observe un ciel tr\u00e8s nuageux. Le thermom\u00e8tre affiche <b>11 \u00b0C<\/b>, avec un ressenti de <b>8 \u00b0C<\/b>. Le soleil s\u2019est lev\u00e9 \u00e0 08 h 41, accompagn\u00e9 d\u2019un vent de sud-sud-est soufflant \u00e0 20 km\/h.<\/p>\n<p>Cette combinaison d\u2019humidit\u00e9 et de nuages peut r\u00e9duire la visibilit\u00e9 en d\u00e9but de journ\u00e9e. Il est conseill\u00e9 de garder les phares allum\u00e9s, de pr\u00e9voir une veste coupe-vent et de suivre l\u2019\u00e9volution de la situation sur <a href=\"https:\/\/www.meteocity.com\/france\/nantes-v2990969\" target=\"_blank\" rel=\"noopener\">notre page d\u00e9di\u00e9e<\/a> avant de prendre la route.<\/p>\n<p>La douceur matinale, jusqu\u2019\u00e0 3 \u00b0C au-dessus des normales 1991-2020, illustre la pr\u00e9valence des flux de sud en ce d\u00e9but d\u2019hiver, un signal observ\u00e9 par Copernicus. Sur le terrain, cela retarde la mise en froid des sols et perturbe la vigne.<\/p>\n<p>Apr\u00e8s-midi : bruine persistante et rafales<\/p>\n<p>Vers 15 h, la bruine fait son apparition : <b>2,8 mm<\/b> sont attendus, avec une probabilit\u00e9 de 85 %. La temp\u00e9rature grimpe \u00e0 <b>15 \u00b0C<\/b> (ressenti 13 \u00b0C). Le vent s\u2019oriente sud-sud-ouest et se renforce \u00e0 26 km\/h, avec des rafales marqu\u00e9es atteignant 50 km\/h.<\/p>\n<ul>\n<li><b>Pluie :<\/b> 2,8 mm attendus ; visi\u00e8res et pare-brises \u00e0 nettoyer r\u00e9guli\u00e8rement.<\/li>\n<li><b>Vent :<\/b> rafales \u00e0 50 km\/h ; vigilance recommand\u00e9e pour cyclistes, motards et pi\u00e9tons expos\u00e9s.<\/li>\n<li><b>Trafic :<\/b> chauss\u00e9es humides ; allongez les distances de s\u00e9curit\u00e9.<\/li>\n<\/ul>\n<p>La prudence s\u2019impose pour les deux-roues : des rafales sup\u00e9rieures \u00e0 50 km\/h pourront d\u00e9stabiliser scooters et v\u00e9los, notamment sur le pont de Chevir\u00e9. Les temp\u00e9ratures resteront n\u00e9anmoins douces, limitant le risque de verglas, mais l\u2019adh\u00e9rence se d\u00e9gradera sous la bruine persistante en milieu d\u2019apr\u00e8s-midi.<\/p>\n<p>Ces pr\u00e9cipitations mod\u00e9r\u00e9es devraient apporter 2,8 mm, un apport utile pour les nappes encore d\u00e9ficitaires de Loire-Atlantique apr\u00e8s l\u2019\u00e9t\u00e9 sec. On se rappellera que la r\u00e9gion a connu un d\u00e9ficit pluviom\u00e9trique de 15 % sur douze mois, tendance li\u00e9e au r\u00e9chauffement global actuel.<\/p>\n<p>Soir\u00e9e : la bruine s\u2019estompe avant la nuit<\/p>\n<p>En soir\u00e9e, le soleil se couchera \u00e0 17 h 16 derri\u00e8re un voile nuageux. \u00c0 21 h, on rel\u00e8vera <b>14 \u00b0C<\/b>, ressenti 13 \u00b0C et une humidit\u00e9 de 93 %. La bruine s\u2019att\u00e9nue nettement, tandis que le vent tombe \u00e0 15 km\/h, instaurant une ambiance humide mais calme.<\/p>\n<p>Les chauss\u00e9es resteront glissantes apr\u00e8s les \u00e9pisodes pluvieux de l\u2019apr\u00e8s-midi. On \u00e9vite les freinages brusques et, pour s\u2019abriter, pourquoi ne pas profiter des expositions hivernales ? Pour d\u2019autres id\u00e9es, consultez <a href=\"https:\/\/www.meteocity.com\/france\/nantes-v2990969\/tourisme\" target=\"_blank\" rel=\"noopener\">notre page tourisme<\/a>.<\/p>\n<p>L\u2019am\u00e9lioration progressive favorisera le bon d\u00e9roulement des animations de fin d\u2019ann\u00e9e sur le Cours Saint-Pierre. On pourra fl\u00e2ner entre les chalets, tout en gardant un parapluie compact \u00e0 port\u00e9e de main : quelques r\u00e9sidus de bruine restent possibles jusqu\u2019\u00e0 23 h, surtout aux abords d\u2019une Loire encore discr\u00e8te.<\/p>\n<p>Tendances pour mercredi 10 d\u00e9cembre<\/p>\n<p>Mercredi s\u2019annonce tr\u00e8s nuageux, mais dans l\u2019ensemble sec. Les minimales descendront \u00e0 <b>10 \u00b0C<\/b> avant l\u2019aube, les maximales atteindront <b>15 \u00b0C<\/b>, un niveau toujours doux pour le mois de d\u00e9cembre. L\u2019atmosph\u00e8re, tr\u00e8s satur\u00e9e, affichera une humidit\u00e9 moyenne de 94 %.<\/p>\n<p>Le vent faiblira nettement : 13 km\/h de secteur sud-ouest, sans rafales. La pression restera stable \u00e0 1 017 hPa, gage de stabilit\u00e9. Le risque de pluie restera faible, plafonnant \u00e0 3 %, avec seulement 0,12 mm envisag\u00e9s. Il sera donc possible de planifier d\u00e9placements et chantiers sans contrainte.<\/p>\n<p>Les premi\u00e8res pr\u00e9visions issues des mod\u00e8les AROME et ICON sont concordantes : la couverture nuageuse demeurera \u00e9paisse, limitant l\u2019ensoleillement et l\u2019amplitude thermique. Malgr\u00e9 cela, l\u2019absence de pr\u00e9cipitations notables offrira une fen\u00eatre id\u00e9ale pour anticiper vos d\u00e9placements du week-end \u00e0 Nantes m\u00eame.<\/p>\n","protected":false},"excerpt":{"rendered":"\u00c0 Nantes, ce mardi 09 d\u00e9cembre 2025, la journ\u00e9e sera marqu\u00e9e par une couverture nuageuse dense et une&hellip;\n","protected":false},"author":2,"featured_media":589104,"comment_status":"","ping_status":"","sticky":false,"template":"","format":"standard","meta":{"footnotes":""},"categories":[2818],"tags":[1111,11,1777,674,1011,27,766,12,2636,25],"class_list":{"0":"post-589103","1":"post","2":"type-post","3":"status-publish","4":"format-standard","5":"has-post-thumbnail","7":"category-nantes","8":"tag-actu","9":"tag-actualites","10":"tag-eu","11":"tag-europe","12":"tag-fr","13":"tag-france","14":"tag-nantes","15":"tag-news","16":"tag-pays-de-la-loire","17":"tag-republique-francaise"},"share_on_mastodon":{"url":"https:\/\/pubeurope.com\/@fr\/115691162545699251","error":""},"_links":{"self":[{"href":"https:\/\/www.europesays.com\/fr\/wp-json\/wp\/v2\/posts\/589103","targetHints":{"allow":["GET"]}}],"collection":[{"href":"https:\/\/www.europesays.com\/fr\/wp-json\/wp\/v2\/posts"}],"about":[{"href":"https:\/\/www.europesays.com\/fr\/wp-json\/wp\/v2\/types\/post"}],"author":[{"embeddable":true,"href":"https:\/\/www.europesays.com\/fr\/wp-json\/wp\/v2\/users\/2"}],"replies":[{"embeddable":true,"href":"https:\/\/www.europesays.com\/fr\/wp-json\/wp\/v2\/comments?post=589103"}],"version-history":[{"count":0,"href":"https:\/\/www.europesays.com\/fr\/wp-json\/wp\/v2\/posts\/589103\/revisions"}],"wp:featuredmedia":[{"embeddable":true,"href":"https:\/\/www.europesays.com\/fr\/wp-json\/wp\/v2\/media\/589104"}],"wp:attachment":[{"href":"https:\/\/www.europesays.com\/fr\/wp-json\/wp\/v2\/media?parent=589103"}],"wp:term":[{"taxonomy":"category","embeddable":true,"href":"https:\/\/www.europesays.com\/fr\/wp-json\/wp\/v2\/categories?post=589103"},{"taxonomy":"post_tag","embeddable":true,"href":"https:\/\/www.europesays.com\/fr\/wp-json\/wp\/v2\/tags?post=589103"}],"curies":[{"name":"wp","href":"https:\/\/api.w.org\/{rel}","templated":true}]}}