{"id":589111,"date":"2025-12-09T19:08:17","date_gmt":"2025-12-09T19:08:17","guid":{"rendered":"https:\/\/www.europesays.com\/fr\/589111\/"},"modified":"2025-12-09T19:08:17","modified_gmt":"2025-12-09T19:08:17","slug":"info-la-depeche-face-a-face-au-sud-de-toulouse-une-fillette-de-8-ans-en-arret-cardiorespiratoire-le-chauffard-egalement-blesse","status":"publish","type":"post","link":"https:\/\/www.europesays.com\/fr\/589111\/","title":{"rendered":"INFO LA DEPECHE. Face \u00e0 face au sud de Toulouse\u00a0: une fillette de 8 ans en arr\u00eat cardiorespiratoire, le chauffard \u00e9galement bless\u00e9"},"content":{"rendered":"<p>\n                                                                    l&rsquo;essentiel<br \/>\n                                                                Un violent choc frontal sur la D921, \u00e0 Saint-Gaudens, a fait plusieurs bless\u00e9s graves ce mardi en fin d\u2019apr\u00e8s-midi. Une fillette de 8 ans a d\u00fb \u00eatre h\u00e9liport\u00e9e en urgence absolue et un automobiliste est entre la vie et la mort. Une enqu\u00eate a \u00e9t\u00e9 ouverte pour d\u00e9terminer les circonstances exactes de l\u2019accident.\n                            <\/p>\n<p>Un enfant de 8 ans est dans un \u00e9tat critique, un autre mineur entre la vie et la mort apr\u00e8s un grave accident de la route survenu ce mardi en fin d\u2019apr\u00e8s-midi \u00e0 Saint-Gaudens, au sud de la Haute-Garonne. Selon une source proche de l\u2019enqu\u00eate, vers 17\u00a0heures un automobiliste circulant seul sur la D921 aurait effectu\u00e9 un d\u00e9passement dangereux avant de percuter de plein fouet un v\u00e9hicule arrivant en sens inverse. Le choc a \u00e9t\u00e9 d\u2019une violence extr\u00eame, selon les premiers intervenants. \u00c0 bord de la voiture percut\u00e9e se trouvaient une m\u00e8re, sa fille et l\u2019amie de cette derni\u00e8re.<\/p>\n<p>Une fillette de 8 ans h\u00e9liport\u00e9e en urgence absolue<\/p>\n<p>Le chauffard en cause, \u00e2g\u00e9 de 17 ans et gri\u00e8vement bless\u00e9, a d\u00fb \u00eatre d\u00e9sincarc\u00e9r\u00e9 par les secours et son \u00e9tat est jug\u00e9 critique. Dans le v\u00e9hicule percut\u00e9, la fillette de 8 ans a \u00e9t\u00e9 retrouv\u00e9e en arr\u00eat cardio-respiratoire avant que les \u00e9quipes m\u00e9dicales n\u2019engagent imm\u00e9diatement des man\u0153uvres de r\u00e9animation.<\/p>\n<p>L\u2019h\u00e9licopt\u00e8re du SAMU, pr\u00e9alablement avis\u00e9, a ensuite pris en charge les victimes pour les transporter vers les h\u00f4pitaux les plus proches. L\u2019\u00e9tat de sant\u00e9 de la maman inqui\u00e8te aussi les m\u00e9decins.<\/p>\n<p>Depuis 17\u00a0heures, les forces de l\u2019ordre s\u00e9curisent la zone, entra\u00eenant d\u2019importantes perturbations de circulation. Le parquet de Saint-Gaudens a ouvert une enqu\u00eate pour d\u00e9terminer les circonstances pr\u00e9cises de cet accident dramatique. \u00c0 17 ans, conduisait-il l\u00e9galement\u00a0cette voiture\u00a0? Des v\u00e9rifications sont en cours. \u00c0 ce stade difficile de savoir s\u2019il se trouvait au volant d\u2019un v\u00e9hicule dit \u00ab\u00a0sans permis\u00a0\u00bb.<\/p>\n<p class=\"std-elt__inline\">\n        <strong>\u00c0 lire aussi :<\/strong><br \/>\n        <a href=\"https:\/\/www.ladepeche.fr\/2025\/12\/09\/grave-accident-en-centre-ville-de-toulouse-deux-femmes-renversees-par-un-chauffeur-de-bus-tisseo-13100330.php\" target=\"_blank\" rel=\"noopener\">Grave accident au centre-ville de Toulouse\u00a0: deux femmes renvers\u00e9es par un chauffeur de bus Tiss\u00e9o<\/a>\n    <\/p>\n<p>Un peu plus t\u00f4t dans la journ\u00e9e d\u00e9j\u00e0, un bus a gri\u00e8vement bless\u00e9 une pi\u00e9tonne au c\u0153ur de Toulouse. Cette octog\u00e9naire est \u00e9galement en grave danger malgr\u00e9 une prise en charge rapide des secours.<\/p>\n<p>Conform\u00e9ment \u00e0 la proc\u00e9dure, un d\u00e9pistage a \u00e9t\u00e9 effectu\u00e9 afin d\u2019\u00e9tablir si le conducteur incrimin\u00e9 se trouvait sous l\u2019emprise d\u2019une substance illicite. Plusieurs t\u00e9moignages ont \u00e9galement \u00e9t\u00e9 recueillis sur les lieux.<\/p>\n","protected":false},"excerpt":{"rendered":"l&rsquo;essentiel Un violent choc frontal sur la D921, \u00e0 Saint-Gaudens, a fait plusieurs bless\u00e9s graves ce mardi en&hellip;\n","protected":false},"author":2,"featured_media":589112,"comment_status":"","ping_status":"","sticky":false,"template":"","format":"standard","meta":{"footnotes":""},"categories":[2816],"tags":[3085,1111,11,1777,674,118,1011,27,2722,12,2680,25,2312],"class_list":{"0":"post-589111","1":"post","2":"type-post","3":"status-publish","4":"format-standard","5":"has-post-thumbnail","7":"category-toulouse","8":"tag-accidents","9":"tag-actu","10":"tag-actualites","11":"tag-eu","12":"tag-europe","13":"tag-faits-divers","14":"tag-fr","15":"tag-france","16":"tag-haute-garonne","17":"tag-news","18":"tag-occitanie","19":"tag-republique-francaise","20":"tag-toulouse"},"share_on_mastodon":{"url":"https:\/\/pubeurope.com\/@fr\/115691186040052376","error":""},"_links":{"self":[{"href":"https:\/\/www.europesays.com\/fr\/wp-json\/wp\/v2\/posts\/589111","targetHints":{"allow":["GET"]}}],"collection":[{"href":"https:\/\/www.europesays.com\/fr\/wp-json\/wp\/v2\/posts"}],"about":[{"href":"https:\/\/www.europesays.com\/fr\/wp-json\/wp\/v2\/types\/post"}],"author":[{"embeddable":true,"href":"https:\/\/www.europesays.com\/fr\/wp-json\/wp\/v2\/users\/2"}],"replies":[{"embeddable":true,"href":"https:\/\/www.europesays.com\/fr\/wp-json\/wp\/v2\/comments?post=589111"}],"version-history":[{"count":0,"href":"https:\/\/www.europesays.com\/fr\/wp-json\/wp\/v2\/posts\/589111\/revisions"}],"wp:featuredmedia":[{"embeddable":true,"href":"https:\/\/www.europesays.com\/fr\/wp-json\/wp\/v2\/media\/589112"}],"wp:attachment":[{"href":"https:\/\/www.europesays.com\/fr\/wp-json\/wp\/v2\/media?parent=589111"}],"wp:term":[{"taxonomy":"category","embeddable":true,"href":"https:\/\/www.europesays.com\/fr\/wp-json\/wp\/v2\/categories?post=589111"},{"taxonomy":"post_tag","embeddable":true,"href":"https:\/\/www.europesays.com\/fr\/wp-json\/wp\/v2\/tags?post=589111"}],"curies":[{"name":"wp","href":"https:\/\/api.w.org\/{rel}","templated":true}]}}