{"id":589113,"date":"2025-12-09T19:09:59","date_gmt":"2025-12-09T19:09:59","guid":{"rendered":"https:\/\/www.europesays.com\/fr\/589113\/"},"modified":"2025-12-09T19:09:59","modified_gmt":"2025-12-09T19:09:59","slug":"simi-2025-metropole-europeenne-capitale-regionale-terre-de-reseaux-dinnovation-et-dentreprenariat","status":"publish","type":"post","link":"https:\/\/www.europesays.com\/fr\/589113\/","title":{"rendered":"SIMI 2025 : M\u00e9tropole europ\u00e9enne, capitale r\u00e9gionale, terre de r\u00e9seaux, d&rsquo;innovation et d&rsquo;entreprenariat"},"content":{"rendered":"<p>              SIMI 2025 : M\u00e9tropole europ\u00e9enne, capitale r\u00e9gionale, terre de r\u00e9seaux, d&rsquo;innovation et d&rsquo;entreprenariat | M\u00e9tropole europ\u00e9enne de Lille<\/p>\n<p>      <a href=\"#main-content\" class=\"visually-hidden focusable skip-link\"><br \/>\n        Aller au contenu principal<br \/>\n      <\/a><\/p>\n<ul>\n<li>\n                  <a href=\"https:\/\/www.lillemetropole.fr\/\" target=\"_blank\" rel=\"noopener\">Accueil<\/a>\n              <\/li>\n<li>\n                  <a href=\"https:\/\/www.lillemetropole.fr\/communique-de-presse\" target=\"_blank\" rel=\"noopener\">Espace presse<\/a>\n              <\/li>\n<li>\n                  <a href=\"https:\/\/www.lillemetropole.fr\/communique-de-presse\" target=\"_blank\" rel=\"noopener\">Presse<\/a>\n              <\/li>\n<li class=\"active\" aria-current=\"page\">\n<p>                      SIMI 2025 : M\u00e9tropole europ\u00e9enne, capitale r\u00e9gionale, terre de r\u00e9seaux, d&rsquo;innovation et d&rsquo;entreprenariat<\/p>\n<\/li>\n<\/ul>\n<p>                  <img decoding=\"async\" src=\"https:\/\/www.europesays.com\/fr\/wp-content\/uploads\/2025\/12\/Bannie\u0300re-bandeau.jpg\" class=\"banner-image\" alt=\"SIMI 2025 : M\u00e9tropole europ\u00e9enne, capitale r\u00e9gionale, terre de r\u00e9seaux, d'innovation et d'entreprenariat\"\/><\/p>\n<p>    <a id=\"main-content\" tabindex=\"-1\"\/><\/p>\n","protected":false},"excerpt":{"rendered":"SIMI 2025 : M\u00e9tropole europ\u00e9enne, capitale r\u00e9gionale, terre de r\u00e9seaux, d&rsquo;innovation et d&rsquo;entreprenariat | M\u00e9tropole europ\u00e9enne de Lille&hellip;\n","protected":false},"author":2,"featured_media":589114,"comment_status":"","ping_status":"","sticky":false,"template":"","format":"standard","meta":{"footnotes":""},"categories":[2815],"tags":[1111,11,1777,674,1011,27,811,1307,12,25],"class_list":{"0":"post-589113","1":"post","2":"type-post","3":"status-publish","4":"format-standard","5":"has-post-thumbnail","7":"category-lille","8":"tag-actu","9":"tag-actualites","10":"tag-eu","11":"tag-europe","12":"tag-fr","13":"tag-france","14":"tag-hauts-de-france","15":"tag-lille","16":"tag-news","17":"tag-republique-francaise"},"share_on_mastodon":{"url":"https:\/\/pubeurope.com\/@fr\/115691195225811871","error":""},"_links":{"self":[{"href":"https:\/\/www.europesays.com\/fr\/wp-json\/wp\/v2\/posts\/589113","targetHints":{"allow":["GET"]}}],"collection":[{"href":"https:\/\/www.europesays.com\/fr\/wp-json\/wp\/v2\/posts"}],"about":[{"href":"https:\/\/www.europesays.com\/fr\/wp-json\/wp\/v2\/types\/post"}],"author":[{"embeddable":true,"href":"https:\/\/www.europesays.com\/fr\/wp-json\/wp\/v2\/users\/2"}],"replies":[{"embeddable":true,"href":"https:\/\/www.europesays.com\/fr\/wp-json\/wp\/v2\/comments?post=589113"}],"version-history":[{"count":0,"href":"https:\/\/www.europesays.com\/fr\/wp-json\/wp\/v2\/posts\/589113\/revisions"}],"wp:featuredmedia":[{"embeddable":true,"href":"https:\/\/www.europesays.com\/fr\/wp-json\/wp\/v2\/media\/589114"}],"wp:attachment":[{"href":"https:\/\/www.europesays.com\/fr\/wp-json\/wp\/v2\/media?parent=589113"}],"wp:term":[{"taxonomy":"category","embeddable":true,"href":"https:\/\/www.europesays.com\/fr\/wp-json\/wp\/v2\/categories?post=589113"},{"taxonomy":"post_tag","embeddable":true,"href":"https:\/\/www.europesays.com\/fr\/wp-json\/wp\/v2\/tags?post=589113"}],"curies":[{"name":"wp","href":"https:\/\/api.w.org\/{rel}","templated":true}]}}