{"id":589119,"date":"2025-12-09T19:15:04","date_gmt":"2025-12-09T19:15:04","guid":{"rendered":"https:\/\/www.europesays.com\/fr\/589119\/"},"modified":"2025-12-09T19:15:04","modified_gmt":"2025-12-09T19:15:04","slug":"lamenagement-du-rond-point-de-la-gaye-etape-decisive-du-prolongement-du-boulevard-urbain-sud-a-marseille","status":"publish","type":"post","link":"https:\/\/www.europesays.com\/fr\/589119\/","title":{"rendered":"L&rsquo;am\u00e9nagement du rond-point de la Gaye, \u00e9tape d\u00e9cisive du prolongement du Boulevard urbain sud \u00e0 Marseille ?"},"content":{"rendered":"<p>La M\u00e9tropole \u00ab\u00a0poursuit la r\u00e9alisation\u00a0\u00bb du <a href=\"https:\/\/www.laprovence.com\/article\/region\/3431132890051814\/trace-calendrier-recours-quelle-issue-pour-le-boulevard-urbain-sud-a-marseille\" target=\"_blank\" rel=\"noopener\">Boulevard urbain sud<\/a> (Bus). Par communiqu\u00e9, elle annonce le d\u00e9but de 10\u00a0mois de travaux &#8211;\u00a0depuis lundi 8 d\u00e9cembre\u00a0&#8211; du rond-point de la Gaye (9e), \u00e0 l\u2019intersection des boulevards du Redon et Catherine-Blum. D\u00e9crivant \u00ab\u00a0une premi\u00e8re phase jusqu\u2019au 19\u00a0d\u00e9cembre\u00a0\u00bb, avec \u00ab\u00a0la r\u00e9alisation des r\u00e9seaux d\u2019eau potable sous le boulevard Sainte-Marguerite\u00a0\u00bb puis \u00ab\u00a0\u00e0 partir du 5\u00a0janvier, avec la d\u00e9construction\/reconstruction du mur de cl\u00f4ture de l\u2019\u00e9cole et la poursuite des d\u00e9viations de r\u00e9seaux\u00a0\u00bb, l\u2019institution note \u00ab\u00a0une \u00e9tape d\u00e9cisive pour am\u00e9liorer la fluidit\u00e9 des d\u00e9placements dans les quartiers Sud\u00a0\u00bb.<\/p>\n<p>\u00ab\u00a0En route pour la libert\u00e9 des habitants\u00a0\u00bb<\/p>\n<p>Dans <a href=\"https:\/\/www.laprovence.com\/article\/region\/1681465467273714\/marseille-confidentiels-droite-et-gauche-saffrontent-sur-le-boulevard-urbain-sud\" target=\"_blank\" rel=\"noopener\">ce projet qui oppose<\/a> la M\u00e9tropole (qui justifie \u00ab\u00a0une op\u00e9ration essentielle qui permet le contournement de la ville, en \u00e9vitant la saturation du centre-ville\u00a0\u00bb) et la municipalit\u00e9 (qui d\u00e9nonce \u00ab\u00a0une autoroute urbaine qui d\u00e9truirait jardin de la Mathilde, le parc du Roy-d\u2019Espagne, les <a href=\"https:\/\/www.laprovence.com\/article\/region\/1893712188296615\/sauver-ce-poumon-vert-les-jardins-familiaux-joseph-aiguier-menaces-par-le-projet-du-boulevard-urbain-sud\" target=\"_blank\" rel=\"noopener\">jardins familiaux Joseph-Aiguier<\/a>\u00ab\u00a0), l\u2019am\u00e9nagement du rond-point de la Gaye pourrait ouvrir la voie \u00e0 la deuxi\u00e8me phase du Bus.<\/p>\n<p>C\u2019est en tout cas ce qui est pr\u00e9sent\u00e9 \u00e0 droite, Sandra Blanchard (Ren.), engag\u00e9e dans la campagne de Martine Vas&#8230;<\/p>\n","protected":false},"excerpt":{"rendered":"La M\u00e9tropole \u00ab\u00a0poursuit la r\u00e9alisation\u00a0\u00bb du Boulevard urbain sud (Bus). Par communiqu\u00e9, elle annonce le d\u00e9but de 10\u00a0mois&hellip;\n","protected":false},"author":2,"featured_media":589120,"comment_status":"","ping_status":"","sticky":false,"template":"","format":"standard","meta":{"footnotes":""},"categories":[2814],"tags":[17,1111,11,5731,33898,20173,1777,674,1011,27,61436,70239,884,12,37986,882,16,25,20997],"class_list":{"0":"post-589119","1":"post","2":"type-post","3":"status-publish","4":"format-standard","5":"has-post-thumbnail","7":"category-marseille","8":"tag-17","9":"tag-actu","10":"tag-actualites","11":"tag-boulevard","12":"tag-decisive","13":"tag-etape","14":"tag-eu","15":"tag-europe","16":"tag-fr","17":"tag-france","18":"tag-gaye","19":"tag-lamenagement","20":"tag-marseille","21":"tag-news","22":"tag-prolongement","23":"tag-provence-alpes-cote-dazur","24":"tag-region","25":"tag-republique-francaise","26":"tag-rond-point"},"share_on_mastodon":{"url":"https:\/\/pubeurope.com\/@fr\/115691213572693216","error":""},"_links":{"self":[{"href":"https:\/\/www.europesays.com\/fr\/wp-json\/wp\/v2\/posts\/589119","targetHints":{"allow":["GET"]}}],"collection":[{"href":"https:\/\/www.europesays.com\/fr\/wp-json\/wp\/v2\/posts"}],"about":[{"href":"https:\/\/www.europesays.com\/fr\/wp-json\/wp\/v2\/types\/post"}],"author":[{"embeddable":true,"href":"https:\/\/www.europesays.com\/fr\/wp-json\/wp\/v2\/users\/2"}],"replies":[{"embeddable":true,"href":"https:\/\/www.europesays.com\/fr\/wp-json\/wp\/v2\/comments?post=589119"}],"version-history":[{"count":0,"href":"https:\/\/www.europesays.com\/fr\/wp-json\/wp\/v2\/posts\/589119\/revisions"}],"wp:featuredmedia":[{"embeddable":true,"href":"https:\/\/www.europesays.com\/fr\/wp-json\/wp\/v2\/media\/589120"}],"wp:attachment":[{"href":"https:\/\/www.europesays.com\/fr\/wp-json\/wp\/v2\/media?parent=589119"}],"wp:term":[{"taxonomy":"category","embeddable":true,"href":"https:\/\/www.europesays.com\/fr\/wp-json\/wp\/v2\/categories?post=589119"},{"taxonomy":"post_tag","embeddable":true,"href":"https:\/\/www.europesays.com\/fr\/wp-json\/wp\/v2\/tags?post=589119"}],"curies":[{"name":"wp","href":"https:\/\/api.w.org\/{rel}","templated":true}]}}