{"id":58912,"date":"2025-04-28T09:32:09","date_gmt":"2025-04-28T09:32:09","guid":{"rendered":"https:\/\/www.europesays.com\/fr\/58912\/"},"modified":"2025-04-28T09:32:09","modified_gmt":"2025-04-28T09:32:09","slug":"lyon-une-nouvelle-boutique-dune-marque-mondiale-va-arriver-rue-de-la-republique","status":"publish","type":"post","link":"https:\/\/www.europesays.com\/fr\/58912\/","title":{"rendered":"Lyon. Une nouvelle boutique d&rsquo;une marque mondiale va arriver rue de la R\u00e9publique"},"content":{"rendered":"<p>            Par<br \/>\n        <strong><br \/>\n            <a href=\"https:\/\/actu.fr\/auteur\/nicolas-zaugra\" title=\"Consulter tous les articles de Nicolas Zaugra\" target=\"_blank\" rel=\"noopener\">Nicolas Zaugra<\/a><br \/>\n        <\/strong><\/p>\n<p>        Publi\u00e9 le<\/p>\n<p>            28 avr. 2025 \u00e0 11h13        <\/p>\n<p>C\u2019est la rue commer\u00e7ante la plus dynamique de <a href=\"https:\/\/actu.fr\/auvergne-rhone-alpes\/lyon_69123\" target=\"_blank\" rel=\"noopener\">Lyon<\/a> et les cellules vides restent en g\u00e9n\u00e9ral peu de temps sans activit\u00e9 entre deux nouvelles enseignes. La <a href=\"https:\/\/actu.fr\/auvergne-rhone-alpes\/lyon_69123\/lyon-une-marque-mondiale-tres-connue-ouvre-sa-premiere-boutique-rue-de-la-republique_60651990.html\" target=\"_blank\" rel=\"noopener\">rue de la R\u00e9publique<\/a> \u00e0 Lyon (2e arrondissement) s\u2019appr\u00eate \u00e0 accueillir une nouvelle marque d\u00e9j\u00e0 install\u00e9e dans le secteur, qui pr\u00e9f\u00e8re d\u00e9m\u00e9nager et voir plus grand avec une adresse encore mieux situ\u00e9e. La c\u00e9l\u00e8bre enseigne de bijouterie est attendue dans les prochaines semaines.\u00a0<\/p>\n<p>Pandora d\u00e9m\u00e9nage et voit plus grand<\/p>\n<p class=\" wall-content\">C\u2019est au 45 rue de la R\u00e9publique situ\u00e9 \u00e0 proximit\u00e9 du grand magasin Printemps que l\u2019arriv\u00e9e d\u2019une nouvelle enseigne se trame. La cellule vide depuis quelques mois qui avait accueilli les enseignes Clair\u2019es (bijouterie populaire et accessoires) et Undiz (sous-v\u00eatements) va bient\u00f4t accueillir <strong>Pandora<\/strong>.\u00a0<\/p>\n<p class=\" wall-content\">Le local avait aussi re\u00e7u une activit\u00e9 \u00e9ph\u00e9m\u00e8re avec le \u00ab\u00a0Labo des Cr\u00e9ations\u00a0\u00bb o\u00f9 32 cr\u00e9ateurs locaux s\u2019\u00e9taient rassembl\u00e9s pour un march\u00e9 de v\u00eatements et de bijoux.<\/p>\n<p>      <img   decoding=\"async\" loading=\"lazy\" src=\"https:\/\/www.europesays.com\/fr\/wp-content\/uploads\/2025\/04\/pandora-boutique-960x640.jpeg\" alt=\"Le r\u00e9seau de boutiques Pandora continue de se d\u00e9velopper \u00e0 Lyon.\" width=\"960\" height=\"640\"\/><br \/>\n    Le r\u00e9seau de boutiques Pandora continue de se d\u00e9velopper \u00e0 Lyon. (\u00a9Adobe stock)Dans la rue de la R\u00e9publique depuis 2016<\/p>\n<p class=\" wall-content\">Le g\u00e9ant de la bijouterie n\u00e9 au Danemark s\u2019est d\u00e9velopp\u00e9 partout dans le monde ces derni\u00e8res ann\u00e9es \u00e0 tel point qu\u2019il poss\u00e8de un r\u00e9seau de 6 000 boutiques dans 100 pays. A Lyon, il est d\u00e9j\u00e0 install\u00e9 au 81 rue de la R\u00e9publique (proche de <a href=\"https:\/\/actu.fr\/auvergne-rhone-alpes\/lyon_69123\/lyon-les-travaux-debutent-place-bellecour-l-oeuvre-se-devoile-une-polemique-gonfle_62554130.html\" target=\"_blank\" rel=\"noopener\">Bellecour<\/a>). Selon nos informations, l\u2019enseigne va d\u00e9m\u00e9nager de quelques num\u00e9ros dans la rue dans une surface plus grande. Elle s\u2019\u00e9tait install\u00e9e \u00e0 son adresse actuelle fin 2016.<\/p>\n<p class=\" wall-content\">Dans la m\u00e9tropole de Lyon, Pandora est d\u00e9j\u00e0 implant\u00e9 dans les centres commerciaux de la Part-Dieu, \u00e0 Ecully Grand Ouest et Saint-Genis 2. Le r\u00e9seau a aussi une boutique \u00e0 <a href=\"https:\/\/actu.fr\/auvergne-rhone-alpes\/villefontaine_38553\/ouverture-les-dimanches-de-the-village-pres-de-lyon-la-prefecture-a-enfin-tranche_62302837.html\" target=\"_blank\" rel=\"noopener\">The Village Outlet<\/a> \u00e0 Villefontaine.<\/p>\n<p class=\" wall-content\">Suivez toute l\u2019actualit\u00e9 de vos villes et m\u00e9dias favoris en vous inscrivant \u00e0 <a href=\"https:\/\/moncompte.actu.fr\" title=\"D\u00e9couvez Mon Actu\" rel=\"nofollow noopener\" data-trk=\"{&quot;cta&quot;:{&quot;action&quot;:&quot;https:\\\/\\\/moncompte.actu.fr&quot;,&quot;category&quot;:&quot;mon compte&quot;,&quot;from&quot;:&quot;article footer&quot;,&quot;name&quot;:&quot;Mon actu&quot;,&quot;type&quot;:&quot;cta&quot;}}\" target=\"_blank\">Mon Actu<\/a>.<\/p>\n<ul class=\"ac-article-tag wall-content\">\n<li><a href=\"https:\/\/actu.fr\/tag\/commerce\" data-trk=\"{&quot;cta&quot;:{&quot;action&quot;:&quot;Commerce&quot;,&quot;category&quot;:&quot;tag&quot;,&quot;from&quot;:&quot;article footer&quot;,&quot;name&quot;:&quot;Commerce&quot;,&quot;type&quot;:&quot;cta&quot;}}\" target=\"_blank\" rel=\"noopener\">#Commerce<\/a><\/li>\n<li><a href=\"https:\/\/actu.fr\/tag\/nouveaux-commerces\" data-trk=\"{&quot;cta&quot;:{&quot;action&quot;:&quot;Nouveaux commerces&quot;,&quot;category&quot;:&quot;tag&quot;,&quot;from&quot;:&quot;article footer&quot;,&quot;name&quot;:&quot;Nouveaux commerces&quot;,&quot;type&quot;:&quot;cta&quot;}}\" target=\"_blank\" rel=\"noopener\">#Nouveaux commerces<\/a><\/li>\n<\/ul>\n","protected":false},"excerpt":{"rendered":"Par Nicolas Zaugra Publi\u00e9 le 28 avr. 2025 \u00e0 11h13 C\u2019est la rue commer\u00e7ante la plus dynamique de&hellip;\n","protected":false},"author":2,"featured_media":58913,"comment_status":"","ping_status":"","sticky":false,"template":"","format":"standard","meta":{"footnotes":""},"categories":[1889],"tags":[1111,11,2430,215,33,1777,674,1011,27,2428,12,3147,25],"class_list":{"0":"post-58912","1":"post","2":"type-post","3":"status-publish","4":"format-standard","5":"has-post-thumbnail","7":"category-lyon","8":"tag-actu","9":"tag-actualites","10":"tag-auvergne-rhone-alpes","11":"tag-commerce","12":"tag-economie","13":"tag-eu","14":"tag-europe","15":"tag-fr","16":"tag-france","17":"tag-lyon","18":"tag-news","19":"tag-nouveaux-commerces","20":"tag-republique-francaise"},"share_on_mastodon":{"url":"https:\/\/pubeurope.com\/@fr\/114414901241836158","error":""},"_links":{"self":[{"href":"https:\/\/www.europesays.com\/fr\/wp-json\/wp\/v2\/posts\/58912","targetHints":{"allow":["GET"]}}],"collection":[{"href":"https:\/\/www.europesays.com\/fr\/wp-json\/wp\/v2\/posts"}],"about":[{"href":"https:\/\/www.europesays.com\/fr\/wp-json\/wp\/v2\/types\/post"}],"author":[{"embeddable":true,"href":"https:\/\/www.europesays.com\/fr\/wp-json\/wp\/v2\/users\/2"}],"replies":[{"embeddable":true,"href":"https:\/\/www.europesays.com\/fr\/wp-json\/wp\/v2\/comments?post=58912"}],"version-history":[{"count":0,"href":"https:\/\/www.europesays.com\/fr\/wp-json\/wp\/v2\/posts\/58912\/revisions"}],"wp:featuredmedia":[{"embeddable":true,"href":"https:\/\/www.europesays.com\/fr\/wp-json\/wp\/v2\/media\/58913"}],"wp:attachment":[{"href":"https:\/\/www.europesays.com\/fr\/wp-json\/wp\/v2\/media?parent=58912"}],"wp:term":[{"taxonomy":"category","embeddable":true,"href":"https:\/\/www.europesays.com\/fr\/wp-json\/wp\/v2\/categories?post=58912"},{"taxonomy":"post_tag","embeddable":true,"href":"https:\/\/www.europesays.com\/fr\/wp-json\/wp\/v2\/tags?post=58912"}],"curies":[{"name":"wp","href":"https:\/\/api.w.org\/{rel}","templated":true}]}}