{"id":589122,"date":"2025-12-09T19:20:17","date_gmt":"2025-12-09T19:20:17","guid":{"rendered":"https:\/\/www.europesays.com\/fr\/589122\/"},"modified":"2025-12-09T19:20:17","modified_gmt":"2025-12-09T19:20:17","slug":"la-france-insoumise-devoile-ses-tetes-de-liste","status":"publish","type":"post","link":"https:\/\/www.europesays.com\/fr\/589122\/","title":{"rendered":"la France Insoumise d\u00e9voile ses t\u00eates de liste"},"content":{"rendered":"<p>Comme aux \u00e9lections municipales, la France insoumise va donc suivre son propre chemin au premier tour des \u00e9lections m\u00e9tropolitaines. Le groupe se d\u00e9solidarise de l\u2019ex\u00e9cutif men\u00e9 par les Ecologistes \u00e0 la M\u00e9tropole qui avait act\u00e9 ce choix de \u00ab\u00a0politique nationale\u00a0\u00bb par la voix de Bruno Bernard dans nos colonnes.<\/p>\n<p>\u00ab\u00a0La France insoumise portera un programme de rupture, et pr\u00e9sente une liste pour faire mieux \u00e0 la M\u00e9tropole, avec des mesures concr\u00e8tes pour changer la vie des gens\u00a0\u00bb annonce le parti de Jean-Luc M\u00e9lenchon dans un communiqu\u00e9.<\/p>\n<p>  Trois parlementaires sur quatre<\/p>\n<p>Elle a d\u00e9voil\u00e9 ce 9\u00a0d\u00e9cembre ses t\u00eates de liste sur les 14 circonscriptions composant la M\u00e9tropole. Des circos pour lesquels les \u00e9lecteurs devront se prononcer en parall\u00e8le des \u00e9lections municipales pour \u00e9lire l\u2019assembl\u00e9e m\u00e9tropolitaine pour six ans. \u00c0 l\u2019exception de l\u2019absence d\u2019Ana\u00efs Belouassa-Cherifi, d\u00e9put\u00e9e candidate \u00e0 la mairie de Lyon, on y retrouve les principales figures du mouvement d\u2019extr\u00eame gauche.<\/p>\n<p>Les parlementaires Idir Boumertit et Gabriel Amard feront campagne respectivement sur Portes du Sud (V\u00e9nissieux, Corbas, Saint-Fons, Feyzin) et Villeurbanne. Leur coll\u00e8gue Abdelkader Lahmar\u00a0accompagnera de son c\u00f4t\u00e9\u00a0Fatiha Didaoui sur Rh\u00f4ne Amont (Vaulx-en-Velin, Meyzieu, D\u00e9cines-Charpieu, Jonage).<\/p>\n<p>Des territoires populaires o\u00f9 la FI ne cache pas ses ambitions. Autre figure notable du casting, l\u2019ex-\u00e9cologiste pass\u00e9 Nouvelle donne en 2014 et parlementaire europ\u00e9enne (2009-2014), Malika Benarab-Attou d\u00e9fendra le programme FI sur Lyon Ouest (5 e et 9e\u00a0 arrondissements).<\/p>\n<p>Une ville centre o\u00f9 deux membres de l\u2019actuel conseil m\u00e9tropolitains ferrailleront aussi. Florestan Groult vice pr\u00e9sident aux sports notamment sera sur Lyon centre (1er, 2e\u00a0 et 4e\u00a0 arrondissements) tandis que Laurent Legendre, conseiller m\u00e9tropolitain, pr\u00e9sentera une \u00e9quipe sur Lyon sud-est (8 e arrondissement).<\/p>\n<p>  Qui pour la pr\u00e9sidence\u00a0?<\/p>\n<p>Selon nos informations, ces deux noms reviennent aussi en coulisse pour \u00eatre les repr\u00e9sentants de la FI face aux candidats d\u00e9clar\u00e9s \u00e0 la pr\u00e9sidence, le sortant Bruno Bernard (La gauche unie) ainsi que <a href=\"https:\/\/www.leprogres.fr\/elections\/2025\/11\/25\/metropolitaines-2026-accord-conclu-entre-aulas-et-sarselli\" target=\"_blank\" rel=\"noopener\">V\u00e9ronique Sarselli<\/a> (Grand c\u0153ur lyonnais) ou <a href=\"https:\/\/www.leprogres.fr\/elections\/2025\/12\/07\/nous-allons-gagner-en-meeting-tiffany-joncour-candidate-du-rassemblement-national-galvanise-ses-troupes\" target=\"_blank\" rel=\"noopener\">Tiffany Joncour<\/a> (RN).<\/p>\n<p>Face \u00e0 ces deux \u00e9lus forts de leur exp\u00e9rience acquise pendant ce mandat, elle mettrait aussi en balance le d\u00e9put\u00e9 et gendre de Jean-Luc M\u00e9lenchon Gabriel Amard. \u00ab\u00a0Cela devrait \u00eatre tranch\u00e9 \u00e0 Paris dans les semaines qui viennent\u00a0\u00bb assure une source proche du mouvement.<\/p>\n<p class=\"note\"><strong>Les t\u00eates de liste\u00a0:<\/strong><strong>Lyon Ouest<\/strong> \u00a0: Malika Benarab et Franck Assedou. <strong>Lyon Centre<\/strong> \u00a0: Florestan Groult et Pauline Fivel. <strong>Lyon Sud<\/strong> \u00a0: L\u00e9a Tauran et Cyriack Arrambourg. <strong>Lyon Sud-Est<\/strong> \u00a0: Laurent Legendre et Maud Dordain. <strong>Lyon Est<\/strong> \u00a0: Albert Levy et Annie Celdran. <strong>Lyon Nord <\/strong> : Lise Paillette et Guillaume Pelloquin. <strong>Villeurbanne<\/strong> \u00a0: Gabriel Amard et Jos\u00e9e Moudilou. <strong>Rh\u00f4ne Amont <\/strong> : Fatiha Didaoui et Abdelkader Lahmar. <strong> Porte des Alpes<\/strong> \u00a0: Wafia Zak et Sinbad Hammouche. <strong> Porte du Sud<\/strong> \u00a0: Idir Boumertit et Gis\u00e8le Putoud. <strong>L\u00f4nes et Coteaux <\/strong> : Lucas Miguel et Wassila Lahmar. <strong>Ouest<\/strong> \u00a0: Claire Grunenwald et Guillaume Pluvy. <strong>Val de Sa\u00f4ne <\/strong> : H\u00e9lios Lopez et Ferielle Helassa. <strong>Plateau Nord<\/strong> \u00a0: Raoudha Djaballah et Julien Gamaz.<\/p>\n","protected":false},"excerpt":{"rendered":"Comme aux \u00e9lections municipales, la France insoumise va donc suivre son propre chemin au premier tour des \u00e9lections&hellip;\n","protected":false},"author":2,"featured_media":589123,"comment_status":"","ping_status":"","sticky":false,"template":"","format":"standard","meta":{"footnotes":""},"categories":[1889],"tags":[1111,11,2430,2757,36284,1777,674,1011,27,2338,2428,2756,12,316,25,2429],"class_list":{"0":"post-589122","1":"post","2":"type-post","3":"status-publish","4":"format-standard","5":"has-post-thumbnail","7":"category-lyon","8":"tag-actu","9":"tag-actualites","10":"tag-auvergne-rhone-alpes","11":"tag-edition-lyon-villeurbanne","12":"tag-elections-metropolitaines","13":"tag-eu","14":"tag-europe","15":"tag-fr","16":"tag-france","17":"tag-la-france-insoumise","18":"tag-lyon","19":"tag-lyon-bassin","20":"tag-news","21":"tag-politique","22":"tag-republique-francaise","23":"tag-rhone"},"share_on_mastodon":{"url":"https:\/\/pubeurope.com\/@fr\/115691233158031282","error":""},"_links":{"self":[{"href":"https:\/\/www.europesays.com\/fr\/wp-json\/wp\/v2\/posts\/589122","targetHints":{"allow":["GET"]}}],"collection":[{"href":"https:\/\/www.europesays.com\/fr\/wp-json\/wp\/v2\/posts"}],"about":[{"href":"https:\/\/www.europesays.com\/fr\/wp-json\/wp\/v2\/types\/post"}],"author":[{"embeddable":true,"href":"https:\/\/www.europesays.com\/fr\/wp-json\/wp\/v2\/users\/2"}],"replies":[{"embeddable":true,"href":"https:\/\/www.europesays.com\/fr\/wp-json\/wp\/v2\/comments?post=589122"}],"version-history":[{"count":0,"href":"https:\/\/www.europesays.com\/fr\/wp-json\/wp\/v2\/posts\/589122\/revisions"}],"wp:featuredmedia":[{"embeddable":true,"href":"https:\/\/www.europesays.com\/fr\/wp-json\/wp\/v2\/media\/589123"}],"wp:attachment":[{"href":"https:\/\/www.europesays.com\/fr\/wp-json\/wp\/v2\/media?parent=589122"}],"wp:term":[{"taxonomy":"category","embeddable":true,"href":"https:\/\/www.europesays.com\/fr\/wp-json\/wp\/v2\/categories?post=589122"},{"taxonomy":"post_tag","embeddable":true,"href":"https:\/\/www.europesays.com\/fr\/wp-json\/wp\/v2\/tags?post=589122"}],"curies":[{"name":"wp","href":"https:\/\/api.w.org\/{rel}","templated":true}]}}