{"id":589124,"date":"2025-12-09T19:23:47","date_gmt":"2025-12-09T19:23:47","guid":{"rendered":"https:\/\/www.europesays.com\/fr\/589124\/"},"modified":"2025-12-09T19:23:47","modified_gmt":"2025-12-09T19:23:47","slug":"securite-dans-les-transports-les-franciliens-aussi-reclament-des-cameras-intelligentes","status":"publish","type":"post","link":"https:\/\/www.europesays.com\/fr\/589124\/","title":{"rendered":"S\u00e9curit\u00e9 dans les transports\u00a0: les Franciliens aussi r\u00e9clament des cam\u00e9ras intelligentes"},"content":{"rendered":"<p class=\"paragraph text_align_left lp-f-body-02\">Pas question de r\u00e9server des wagons de m\u00e9tro et de RER aux femmes. Ce mardi, Val\u00e9rie P\u00e9cresse, la pr\u00e9sidente (LR) de la R\u00e9gion \u00cele-de-France, s\u2019est clairement prononc\u00e9e contre cette mesure r\u00e9clam\u00e9e dans <a href=\"https:\/\/www.leparisien.fr\/info-paris-ile-de-france-oise\/transports\/paris-une-petition-reclame-des-wagons-reserves-aux-femmes-dans-les-transports-en-commun-31-10-2025-P3CDKPRXD5B47JK2YS4V33G6OY.php\" target=\"_self\" rel=\"noopener\">une p\u00e9tition<\/a> lanc\u00e9e apr\u00e8s la <a href=\"https:\/\/www.leparisien.fr\/faits-divers\/il-ma-etranglee-pour-me-faire-taire-le-recit-glacant-de-jhordana-victime-dune-tentative-de-viol-dans-le-rer-c-19-10-2025-A2H7B6YGLND5PO2IYPUVSKP3LI.php\" target=\"_self\" rel=\"noopener\">tentative de viol d\u2019une jeune femme dans une rame du RER C,<\/a> le 15 octobre dernier.<\/p>\n<p class=\"paragraph text_align_left lp-f-body-02\">Bien que la mesure soit pl\u00e9biscit\u00e9e par 60 % des Franciliens interrog\u00e9s dans un sondage command\u00e9 \u00e0 Ipsos par la r\u00e9gion sur la s\u00e9curit\u00e9 dans les transports en commun, la patronne d\u2019Ile-de-France Mobilit\u00e9s, l\u2019autorit\u00e9 organisatrice des transports en r\u00e9gion parisienne, juge qu\u2019il s\u2019agit l\u00e0 d\u2019une \u00ab fausse bonne id\u00e9e \u00bb.<\/p>\n<p class=\"paragraph text_align_left lp-f-body-02\">\u00ab Je comprends le ras-le-bol que cette proposition exprime \u00bb, explique Val\u00e9rie P\u00e9cresse. Avant de souligner : \u00ab C\u2019est une mesure inefficace contre les frotteurs des heures de pointe car, \u00e0 ce moment-l\u00e0, la moiti\u00e9 des passagers sont des femmes. C\u2019est donc la moiti\u00e9 du train qui devrait leur \u00eatre r\u00e9serv\u00e9e. Quant au violeur des heures creuses, le fait que la femme soit dans un wagon r\u00e9serv\u00e9 ne ferait que d\u00e9signer l\u2019endroit o\u00f9 le pr\u00e9dateur peut trouver sa proie. \u00bb<\/p>\n<p><img decoding=\"async\" class=\"image \" loading=\"lazy\" src=\"https:\/\/www.europesays.com\/fr\/wp-content\/uploads\/2025\/12\/W5F7JSGP5RALRNAYVTWJDHVUK4.jpg\" alt=\"\" align=\"\" data-rubrique-principale=\"\" data-article-type=\"\" fetchpriority=\"auto\"\/><\/p>\n<p class=\"paragraph text_align_left lp-f-body-02\">Surtout, Val\u00e9rie P\u00e9cresse juge que cette proposition de wagons r\u00e9serv\u00e9s \u00e0 la gent f\u00e9minine serait un \u00ab signal \u00e9pouvantable de l\u2019impuissance publique \u00bb. \u00ab Ce serait dire qu\u2019il faut un apartheid dans les transports. Je refuse de dire aux femmes : Nous sommes incapables de vous prot\u00e9ger, nous sommes incapables de civiliser les hommes. Dans l\u2019espace public il faut que vous vous cachiez. Vous imaginez le message envoy\u00e9 \u00e0 nos filles ? \u00bb alerte la pr\u00e9sidente de la R\u00e9gion.<\/p>\n<p class=\"paragraph text_align_left lp-f-body-02\">Quelques minutes plus tard, Aurore Berg\u00e9, la ministre d\u00e9l\u00e9gu\u00e9e en charge de l\u2019Egalit\u00e9 femme homme, s\u2019est elle aussi r\u00e9solument oppos\u00e9e \u00e0 cette proposition de wagon r\u00e9serv\u00e9 qui instaurerait \u00ab une forme de s\u00e9gr\u00e9gation \u00bb. \u00ab Il faut faire en sorte que la peur change de camp \u00bb, mart\u00e8le Val\u00e9rie P\u00e9cresse.<\/p>\n<p><img decoding=\"async\" class=\"image \" loading=\"lazy\" src=\"https:\/\/www.europesays.com\/fr\/wp-content\/uploads\/2025\/12\/VQF3S37WDFF4PKYBVYURFGKPUU.jpg\" alt=\"Val\u00e9rie P\u00e9cresse et Aurore Berg\u00e9 durant les assises sur les violences faites aux femmes dans les transports organis\u00e9es par la r\u00e9gion et IDFM. LP\/Ahmed Benazzouz\" align=\"\" data-rubrique-principale=\"\" data-article-type=\"\" fetchpriority=\"auto\"\/>Val\u00e9rie P\u00e9cresse et Aurore Berg\u00e9 durant les assises sur les violences faites aux femmes dans les transports organis\u00e9es par la r\u00e9gion et IDFM. LP\/Ahmed Benazzouz <\/p>\n<p class=\"paragraph text_align_left lp-f-body-02\">Avec Aurore Berg\u00e9 et le ministre de l\u2019Int\u00e9rieur, Laurent Nu\u00f1ez, cette derni\u00e8re a donc \u00e0 nouveau plaid\u00e9 pour l\u2019utilisation de cam\u00e9ras intelligentes qui permettraient de d\u00e9tecter des situations d\u2019agressions ou de retrouver plus facilement des images de violences.<\/p>\n<p class=\"paragraph text_align_left lp-f-body-02\">Le syst\u00e8me a \u00e9t\u00e9 utilis\u00e9 \u00e0 l\u2019occasion des Jeux olympiques. Les cam\u00e9ras avaient alors \u00e9t\u00e9 programm\u00e9es pour d\u00e9tecter des intrusions en zone interdite, des objets d\u00e9laiss\u00e9s, une densit\u00e9 anormale de personnes ou encore des mouvements de foule.<\/p>\n<p class=\"paragraph text_align_left lp-f-body-02\">\u00ab Pour les objets d\u00e9laiss\u00e9s, la technologie n\u00e9cessite encore des am\u00e9liorations \u00bb, a conc\u00e9d\u00e9 Armand Raudin, le responsable vid\u00e9o \u00e0 la direction de la s\u00fbret\u00e9 SNCF. Mais le syst\u00e8me a quand m\u00eame alert\u00e9 les services de s\u00e9curit\u00e9 de situations inhabituelles \u00e0 sept reprises pendant les JO.<\/p>\n<p class=\"paragraph text_align_left lp-f-body-02\">\u00c0 l\u2019appui d\u2019une simulation r\u00e9alis\u00e9e sur des vid\u00e9os tourn\u00e9es, Matthias Houllier, le cofondateur de Wintics, qui d\u00e9veloppe des logiciels pour vid\u00e9oprotection, a d\u00e9montr\u00e9 que gr\u00e2ce aux nouveaux algorithmes, les cam\u00e9ras peuvent d\u00e9tecter des agressions mais sans avoir recours \u00e0 de la reconnaissance faciale.<\/p>\n<p class=\"paragraph text_align_left lp-f-body-02\">\u00ab Une part ultra majoritaire des Franciliens interrog\u00e9s, 88 %, se disent favorables \u00e0 la vid\u00e9oprotection intelligente \u00bb, souligne-t-on chez Ipsos.<\/p>\n<p><img decoding=\"async\" class=\"image \" loading=\"lazy\" src=\"https:\/\/www.europesays.com\/fr\/wp-content\/uploads\/2025\/12\/3L6F3PYSMVBFVHWHH2C5AG27QE.jpg\" alt=\"Val\u00e9rie P\u00e9cresse veut augmenter les effectifs de la brigade r\u00e9gionale de s\u00e9curit\u00e9 dans les transports. (archives) LP\/M.-A.G.\" align=\"\" data-rubrique-principale=\"\" data-article-type=\"\" fetchpriority=\"auto\"\/>Val\u00e9rie P\u00e9cresse veut augmenter les effectifs de la brigade r\u00e9gionale de s\u00e9curit\u00e9 dans les transports. (archives) LP\/M.-A.G.<\/p>\n<p class=\"paragraph text_align_left lp-f-body-02\"><a href=\"https:\/\/www.leparisien.fr\/societe\/cameras-agents-armes-comment-le-gouvernement-veut-garantir-la-securite-des-femmes-dans-les-transports-06-12-2025-KG4PTM7AJZEUFHQSI7DPOJIDBA.php\" target=\"_self\" rel=\"noopener\">En attendant que ce dispositif soit autoris\u00e9 par la loi<\/a>, Val\u00e9rie P\u00e9cresse a annonc\u00e9 sa volont\u00e9 d\u2019augmenter les effectifs de la brigade r\u00e9gionale des transports (200 agents d\u2019ici 2027) ainsi que celle des r\u00e9servistes de la police nationale et de la gendarmerie. Une r\u00e9ponse aux critiques des \u00e9lus du groupe Gauche communiste, \u00e9cologiste et citoyenne ? Ces derniers s\u2019inqui\u00e8tent du remplacement des agents de la s\u00fbret\u00e9 RATP par des agents du secteur priv\u00e9 \u00ab qui ne disposent pas des m\u00eames pr\u00e9rogatives \u00bb sur les lignes de bus perdues par la RATP.<\/p>\n<p class=\"paragraph text_align_left lp-f-body-02\">Val\u00e9rie P\u00e9cresse a par ailleurs annonc\u00e9 la g\u00e9n\u00e9ralisation des \u00ab zones partag\u00e9es \u00bb, ces espaces vid\u00e9oprot\u00e9g\u00e9s situ\u00e9s pr\u00e8s des bornes d\u2019appels d\u2019urgence o\u00f9 les voyageurs sont invit\u00e9s \u00e0 se regrouper lorsque le quai est d\u00e9sert, ainsi que le d\u00e9veloppement des \u00ab lieux s\u00fbrs \u00bb, ces commerces et lieux publics pr\u00eats \u00e0 accueillir les personnes qui se sentent menac\u00e9es.<\/p>\n<p class=\"paragraph text_align_left lp-f-body-02\">Enfin, pour renforcer l\u2019entraide, la R\u00e9gion veut lancer une application \u00ab Voyage Duo \u00bb pour permettre aux femmes de trouver des compagnons de route et \u00e9viter de voyager seules en heures creuses et tardives. Et au-del\u00e0 du d\u00e9veloppement de la communication autour du 3117, le num\u00e9ro d\u2019appels d\u2019urgence, la R\u00e9gion souhaite d\u00e9velopper les formations aux \u00ab bons gestes \u00bb et bonnes r\u00e9actions \u00e0 avoir en cas de danger aupr\u00e8s des lyc\u00e9ens, apprentis et \u00e9tudiants, collectivit\u00e9s et entreprises.<\/p>\n","protected":false},"excerpt":{"rendered":"Pas question de r\u00e9server des wagons de m\u00e9tro et de RER aux femmes. Ce mardi, Val\u00e9rie P\u00e9cresse, la&hellip;\n","protected":false},"author":2,"featured_media":589125,"comment_status":"","ping_status":"","sticky":false,"template":"","format":"standard","meta":{"footnotes":""},"categories":[1592],"tags":[1111,11,1777,674,1011,27,662,1944,12,626,25,2382],"class_list":{"0":"post-589124","1":"post","2":"type-post","3":"status-publish","4":"format-standard","5":"has-post-thumbnail","7":"category-ile-de-france","8":"tag-actu","9":"tag-actualites","10":"tag-eu","11":"tag-europe","12":"tag-fr","13":"tag-france","14":"tag-ile-de-france","15":"tag-ma-ville","16":"tag-news","17":"tag-paris","18":"tag-republique-francaise","19":"tag-transport-idf-oise"},"share_on_mastodon":{"url":"https:\/\/pubeurope.com\/@fr\/115691250214644227","error":""},"_links":{"self":[{"href":"https:\/\/www.europesays.com\/fr\/wp-json\/wp\/v2\/posts\/589124","targetHints":{"allow":["GET"]}}],"collection":[{"href":"https:\/\/www.europesays.com\/fr\/wp-json\/wp\/v2\/posts"}],"about":[{"href":"https:\/\/www.europesays.com\/fr\/wp-json\/wp\/v2\/types\/post"}],"author":[{"embeddable":true,"href":"https:\/\/www.europesays.com\/fr\/wp-json\/wp\/v2\/users\/2"}],"replies":[{"embeddable":true,"href":"https:\/\/www.europesays.com\/fr\/wp-json\/wp\/v2\/comments?post=589124"}],"version-history":[{"count":0,"href":"https:\/\/www.europesays.com\/fr\/wp-json\/wp\/v2\/posts\/589124\/revisions"}],"wp:featuredmedia":[{"embeddable":true,"href":"https:\/\/www.europesays.com\/fr\/wp-json\/wp\/v2\/media\/589125"}],"wp:attachment":[{"href":"https:\/\/www.europesays.com\/fr\/wp-json\/wp\/v2\/media?parent=589124"}],"wp:term":[{"taxonomy":"category","embeddable":true,"href":"https:\/\/www.europesays.com\/fr\/wp-json\/wp\/v2\/categories?post=589124"},{"taxonomy":"post_tag","embeddable":true,"href":"https:\/\/www.europesays.com\/fr\/wp-json\/wp\/v2\/tags?post=589124"}],"curies":[{"name":"wp","href":"https:\/\/api.w.org\/{rel}","templated":true}]}}