{"id":589132,"date":"2025-12-09T19:32:16","date_gmt":"2025-12-09T19:32:16","guid":{"rendered":"https:\/\/www.europesays.com\/fr\/589132\/"},"modified":"2025-12-09T19:32:16","modified_gmt":"2025-12-09T19:32:16","slug":"municipales-2026-a-paris-emmanuel-gregoire-ouvre-la-porte-a-une-vente-du-parc-des-princes-pour-garder-le-psg","status":"publish","type":"post","link":"https:\/\/www.europesays.com\/fr\/589132\/","title":{"rendered":"Municipales 2026 \u00e0 Paris\u00a0: Emmanuel Gr\u00e9goire ouvre la porte \u00e0 une vente du Parc des Princes pour garder le PSG"},"content":{"rendered":"<p class=\"paragraph text_align_left lp-f-body-02\">\u00ab Le <a href=\"https:\/\/www.leparisien.fr\/sports\/football\/psg\/\" target=\"_blank\" rel=\"noreferrer noopener\">PSG<\/a> c\u2019est le Parc et le Parc c\u2019est Paris. \u00bb Cette formule utilis\u00e9e par tous les candidats aux municipales \u00e0 Paris pourrait bien devenir r\u00e9alit\u00e9 avec Emmanuel Gr\u00e9goire (PS). L\u2019ancien premier adjoint d\u2019<a href=\"https:\/\/www.leparisien.fr\/politique\/anne-hidalgo\/\" target=\"_blank\" rel=\"noreferrer noopener\">Anne Hidalgo<\/a> et candidat socialiste \u00e0 la mairie de Paris a d\u00e9voil\u00e9, ce mardi soir, dans L\u2019\u00c9quipe, son projet de \u00ab Nouveau Parc des Princes \u00bb. Et pour la premi\u00e8re fois, il affirme \u00eatre pr\u00eat \u00e0 soumettre au vote du Conseil de Paris la vente de l\u2019enceinte historique occup\u00e9e par le Paris-Saint-Germain.<\/p>\n<p class=\"paragraph text_align_left lp-f-body-02\">Un virage \u00e0 180 degr\u00e9s par rapport \u00e0 la position d\u00e9fendue jusqu\u2019ici par la maire sortante Anne Hidalgo, qui a toujours <a href=\"https:\/\/www.leparisien.fr\/sports\/football\/psg\/psg-de-lidylle-a-la-dechirure-les-dessous-de-la-relation-entre-anne-hidalgo-et-nasser-al-khelaifi-06-02-2024-HXVPL3QE4BCD3N47GVDYHY25QQ.php\" target=\"_blank\" rel=\"noreferrer noopener\">refus\u00e9 cat\u00e9goriquement de c\u00e9der le stade appartenant \u00e0 la Ville<\/a>. \u00ab Sur le plan juridico-financier, je souhaite proposer deux options au vote du Conseil de Paris \u00bb, explique Emmanuel Gr\u00e9goire \u00e0 nos confr\u00e8res de <a href=\"https:\/\/www.lequipe.fr\/Football\/Article\/Emmanuel-gregoire-candidat-ps-a-la-mairie-de-paris-devoile-son-projet-pour-le-parc-des-princes-la-vente-est-une-option-que-je-proposerai-au-conseil-de-paris\/1615763\" target=\"_self\" rel=\"noopener\">l\u2019\u00c9quipe<\/a>. La premi\u00e8re consiste en une location-fiducie avec un contrat longue dur\u00e9e. La seconde, un sc\u00e9nario de vente. \u00ab Donc oui, Maire, la vente est une option que je proposerai au Conseil de Paris \u00bb, tranche-t-il.<\/p>\n<p>Un projet urbain global<\/p>\n<p class=\"paragraph text_align_left lp-f-body-02\">Mais cette \u00e9ventuelle cession ne serait pas sans contreparties. Le candidat socialiste pose plusieurs conditions strictes. En cas de vente, \u00ab peu importe la forme juridique que cela prendra, je suis certain que nous arriverons \u00e0 notre objectif commun : que le PSG reste au Parc \u00bb, assure-t-il dans L\u2019\u00c9quipe.<\/p>\n<p class=\"paragraph text_align_left lp-f-body-02\">Parmi les clauses envisag\u00e9es, l\u2019une est incontournable : en cas d\u2019arr\u00eat d\u2019activit\u00e9 ou de faillite du PSG, le Parc des Princes devra imp\u00e9rativement rester un stade de football en ext\u00e9rieur. La Ville disposerait \u00e9galement d\u2019un droit prioritaire de rachat en cas de revente du club par son actionnaire qatarien. Autre interdiction : aucun<a href=\"https:\/\/www.leparisien.fr\/economie\/business\/marketing-le-naming-ou-l-art-de-se-choisir-un-nom-23-03-2021-8429551.php\" target=\"_blank\" rel=\"noreferrer noopener\"> naming <\/a>ne pourra \u00eatre associ\u00e9 au Parc des Princes, marque \u00e0 laquelle les Parisiens restent attach\u00e9s.<\/p>\n<p><img decoding=\"async\" class=\"image \" loading=\"lazy\" src=\"https:\/\/www.europesays.com\/fr\/wp-content\/uploads\/2025\/12\/ASRLDICCQFADRKTQG75ROSV75E.jpg\" alt=\"Mod\u00e9lisation du projet du &quot;Nouveau Parc des Princes&quot; envisag\u00e9 par Emmanuel Gr\u00e9goire, candidat PS aux municipales de Paris. Visuel non contractuel.\" align=\"\" data-rubrique-principale=\"\" data-article-type=\"\" fetchpriority=\"auto\"\/>Mod\u00e9lisation du projet du \u00ab\u00a0Nouveau Parc des Princes\u00a0\u00bb envisag\u00e9 par Emmanuel Gr\u00e9goire, candidat PS aux municipales de Paris. Visuel non contractuel.<\/p>\n<p class=\"paragraph text_align_left lp-f-body-02\">Emmanuel Gr\u00e9goire va plus loin qu\u2019un simple agrandissement du stade. Il propose un v\u00e9ritable projet urbain autour de la Porte de Saint-Cloud, comme le club a pu le souhaiter. \u00ab C\u2019est un projet urbain, \u00e9conomique, \u00e9cologique, social et sportif : un r\u00e9el partenariat entre une ville capitale et son club \u00bb, d\u00e9taille-t-il. <a href=\"https:\/\/www.leparisien.fr\/paris-75\/10-000-places-en-plus-toit-agrandi-hotels-aux-abords-ce-que-prevoyait-le-psg-pour-agrandir-le-parc-des-princes-13-12-2024-LTARGY3RW5ADFB4UCBVSPYEBXA.php\" target=\"_blank\" rel=\"noreferrer noopener\">Son plan, qui reprend en partie le projet act\u00e9 il y a plusieurs ann\u00e9es entre la Ville et le PSG mais rest\u00e9 dans les cartons<\/a>, qui pr\u00e9voyait notamment la couverture d\u2019une partie du p\u00e9riph\u00e9rique pour cr\u00e9er un grand jardin connect\u00e9 \u00e0 la Porte de Saint-Cloud.<\/p>\n<p>Un espace commercial distinct<\/p>\n<p class=\"paragraph text_align_left lp-f-body-02\">Sur la zone \u00ab multisport \u00bb comprenant actuellement le stade G\u00e9o Andr\u00e9, l\u2019ancienne station essence et le parking, le candidat propose une cession sous forme de bail d\u2019occupation, distincte du Parc. Cet espace permettrait au PSG de d\u00e9ployer des activit\u00e9s \u00e9conomiques pour augmenter ses revenus commerciaux. \u00ab Je r\u00eave notamment d\u2019un mus\u00e9e du PSG sur le site ! \u00bb, confie-t-il \u00e0 L\u2019\u00c9quipe. De quoi s\u2019approcher du \u00ab PSG land \u00bb esp\u00e9r\u00e9 par les propri\u00e9taires du club.<\/p>\n<p class=\"paragraph text_align_left lp-f-body-02\">Les sections sportives qui s\u2019entra\u00eenent actuellement \u00e0 G\u00e9o Andr\u00e9 ne seraient pas abandonn\u00e9es : des gymnases en sous-sol, un dojo et une salle polyvalente multisports seraient cr\u00e9\u00e9s. Emmanuel Gr\u00e9goire promet \u00e9galement que les recettes g\u00e9n\u00e9r\u00e9es par l\u2019op\u00e9ration seraient affect\u00e9es \u00ab au sport de proximit\u00e9 et \u00e0 la r\u00e9novation d\u2019\u00e9quipements sportifs \u00e0 Paris \u00bb.<\/p>\n<p>Un dossier politique explosif<\/p>\n<p class=\"paragraph text_align_left lp-f-body-02\">Ce positionnement, in\u00e9dit, intervient alors que le dossier du Parc des Princes s\u2019est enlis\u00e9 depuis des ann\u00e9es. Les n\u00e9gociations entre la Ville et le PSG, entam\u00e9es en 2018 pour un agrandissement de l\u2019enceinte, avaient \u00e9t\u00e9 rompues fin 2021. L\u2019ancien premier adjoint, qui menait ces discussions \u00e0 l\u2019\u00e9poque, expliquait d\u00e9j\u00e0 \u00e0 l\u2019\u00e9poque que le club avait conditionn\u00e9 cet agrandissement \u00e0 la vente du stade. \u00ab C\u2019est \u00e0 ce moment que la discussion a d\u00e9raill\u00e9, \u00e0 l\u2019approche de <a href=\"https:\/\/www.leparisien.fr\/sports\/football\/coupe-du-monde-2022-critiques-contre-le-qatar-des-bleus-et-des-stars-tres-attendus-un-mondial-tres-engage-19-11-2022-3O3IP5TMNZFXPF32JKQN5BXATA.php\" target=\"_blank\" rel=\"noreferrer noopener\">la Coupe du monde au Qatar<\/a> \u00bb, pr\u00e9cise-t-il, en r\u00e9f\u00e9rence aux critiques d\u2019\u00e9lus parisiens sur la tenue du tournoi dans l\u2019\u00c9mirat.<\/p>\n<p class=\"paragraph text_align_left lp-f-body-02\">Face au refus de la Ville, le PSG a <a href=\"https:\/\/www.leparisien.fr\/sports\/football\/psg\/le-psg-officialise-sa-volonte-de-construire-un-nouveau-stade-29-03-2024-ONSSICIFIJAPREUSJ5NPNEACJI.php\" target=\"_blank\" rel=\"noreferrer noopener\">acc\u00e9l\u00e9r\u00e9 son projet de d\u00e9m\u00e9nagement<\/a>. En juin dernier, le club champion d\u2019Europe a retenu deux sites pour son futur grand stade : <a href=\"https:\/\/www.leparisien.fr\/sports\/football\/psg\/poissy-massy-maintien-au-parc-des-princes-quelles-sont-les-options-qui-soffrent-au-psg-19-07-2025-6IBZZNAP5REFNGJQLZMCEGPUOI.php?ts=1764841956713\" target=\"_blank\" rel=\"noreferrer noopener\">Poissy dans les Yvelines<\/a> et <a href=\"https:\/\/www.leparisien.fr\/essonne-91\/futur-stade-du-psg-a-massy-74-des-habitants-interroges-par-lopposition-sont-contre-03-12-2025-JMVDIIHIEZFGFFDKOGKUX2T4IU.php\" target=\"_blank\" rel=\"noreferrer noopener\">Massy dans l\u2019Essonne<\/a>. Une perspective qui horrifie Emmanuel Gr\u00e9goire. \u00ab <a href=\"https:\/\/www.leparisien.fr\/sports\/football\/psg\/le-psg-a-poissy-ca-nexiste-pas-emmanuel-gregoire-veut-que-paris-reste-au-parc-des-princes-28-09-2025-3JYLRLWKOFD2HKMURBXFI3UE3Q.php\" target=\"_blank\" rel=\"noreferrer noopener\">Le PSG \u00e0 Poissy ? \u00c7a n\u2019existe pas<\/a> \u00bb, avait-il d\u00e9j\u00e0 martel\u00e9 fin septembre.<\/p>\n<p class=\"paragraph text_align_left lp-f-body-02\">Avec sa proposition d\u2019un \u00ab Nouveau Parc des Princes \u00bb, le candidat socialiste esp\u00e8re sortir de l\u2019impasse. \u00ab On peut pr\u00e9server l\u2019\u00e2me du Parc, rendre la Porte de Saint-Cloud plus respirable et permettre au PSG de r\u00eaver plus grand, en restant \u00e0 Paris ; Et tout \u00e7a, d\u00e8s 2026 ! \u00bb, promet-il dans le quotidien sportif. Reste \u00e0 convaincre les \u00e9lus du Conseil de Paris, et surtout les <a href=\"https:\/\/www.leparisien.fr\/sports\/football\/psg\/football-qatar-sports-investments-proprietaire-du-psg-va-devenir-proprietaire-du-club-belge-deupen-09-12-2025-PPADAD2TCBF5ZOCRUXICATYS2M.php\" target=\"_blank\" rel=\"noreferrer noopener\">dirigeants qatariens du club<\/a>. Et avant cela, les Parisiens aux \u00e9lections de mars 2026.<\/p>\n","protected":false},"excerpt":{"rendered":"\u00ab Le PSG c\u2019est le Parc et le Parc c\u2019est Paris. \u00bb Cette formule utilis\u00e9e par tous les&hellip;\n","protected":false},"author":2,"featured_media":589133,"comment_status":"","ping_status":"","sticky":false,"template":"","format":"standard","meta":{"footnotes":""},"categories":[1888],"tags":[11,5949,1777,674,1011,27,3554,12,626,316,25],"class_list":{"0":"post-589132","1":"post","2":"type-post","3":"status-publish","4":"format-standard","5":"has-post-thumbnail","7":"category-paris","8":"tag-actualites","9":"tag-elections","10":"tag-eu","11":"tag-europe","12":"tag-fr","13":"tag-france","14":"tag-municipales","15":"tag-news","16":"tag-paris","17":"tag-politique","18":"tag-republique-francaise"},"share_on_mastodon":{"url":"https:\/\/pubeurope.com\/@fr\/115691281212003917","error":""},"_links":{"self":[{"href":"https:\/\/www.europesays.com\/fr\/wp-json\/wp\/v2\/posts\/589132","targetHints":{"allow":["GET"]}}],"collection":[{"href":"https:\/\/www.europesays.com\/fr\/wp-json\/wp\/v2\/posts"}],"about":[{"href":"https:\/\/www.europesays.com\/fr\/wp-json\/wp\/v2\/types\/post"}],"author":[{"embeddable":true,"href":"https:\/\/www.europesays.com\/fr\/wp-json\/wp\/v2\/users\/2"}],"replies":[{"embeddable":true,"href":"https:\/\/www.europesays.com\/fr\/wp-json\/wp\/v2\/comments?post=589132"}],"version-history":[{"count":0,"href":"https:\/\/www.europesays.com\/fr\/wp-json\/wp\/v2\/posts\/589132\/revisions"}],"wp:featuredmedia":[{"embeddable":true,"href":"https:\/\/www.europesays.com\/fr\/wp-json\/wp\/v2\/media\/589133"}],"wp:attachment":[{"href":"https:\/\/www.europesays.com\/fr\/wp-json\/wp\/v2\/media?parent=589132"}],"wp:term":[{"taxonomy":"category","embeddable":true,"href":"https:\/\/www.europesays.com\/fr\/wp-json\/wp\/v2\/categories?post=589132"},{"taxonomy":"post_tag","embeddable":true,"href":"https:\/\/www.europesays.com\/fr\/wp-json\/wp\/v2\/tags?post=589132"}],"curies":[{"name":"wp","href":"https:\/\/api.w.org\/{rel}","templated":true}]}}