{"id":589135,"date":"2025-12-09T19:40:04","date_gmt":"2025-12-09T19:40:04","guid":{"rendered":"https:\/\/www.europesays.com\/fr\/589135\/"},"modified":"2025-12-09T19:40:04","modified_gmt":"2025-12-09T19:40:04","slug":"guerre-en-ukraine-trump-allume-zelensky-et-les-europeens-lhiver-sera-rude","status":"publish","type":"post","link":"https:\/\/www.europesays.com\/fr\/589135\/","title":{"rendered":"Guerre en Ukraine : Trump allume Zelensky et les Europ\u00e9ens, l\u2019hiver sera rude"},"content":{"rendered":"<p class=\"mb-4 text-lg md:leading-8 break-words\"><strong>r\u00e9cap&rsquo; &#8211; \u00ab 20 Minutes \u00bb fait le point pour vous tous les soirs sur le conflit en Ukraine. Ce mardi, Donald Trump s\u2019est montr\u00e9 particuli\u00e8rement critique envers les dirigeants ukrainiens et m\u00eame europ\u00e9ens<\/strong><\/p>\n<p class=\"mb-4 text-lg md:leading-8 break-words\">Vous avez rat\u00e9 les derniers \u00e9v\u00e9nements sur la <a href=\"https:\/\/www.20minutes.fr\/monde\/ukraine\/?at_medium=RSS%20feed&amp;at_campaign=ynews&amp;utm_source=yahoo&amp;utm_medium=rss&amp;utm_campaign=news_feed&amp;utm_content=in_article_link\" rel=\"nofollow noopener\" target=\"_blank\" data-ylk=\"slk:guerre en Ukraine;elm:context_link;itc:0;sec:content-canvas\" class=\"link \">guerre en Ukraine<\/a> ? 20 Minutes fait le point pour vous tous les soirs. Voici l\u2019essentiel de ce mardi 9 d\u00e9cembre, au 1.384e jour du conflit.<\/p>\n<p>Le fait du jour<\/p>\n<p class=\"mb-4 text-lg md:leading-8 break-words\">Comme \u00e0 son habitude, <a href=\"https:\/\/www.20minutes.fr\/dossier\/donald_trump?at_medium=RSS%20feed&amp;at_campaign=ynews&amp;utm_source=yahoo&amp;utm_medium=rss&amp;utm_campaign=news_feed&amp;utm_content=in_article_link\" rel=\"nofollow noopener\" target=\"_blank\" data-ylk=\"slk:Donald Trump;elm:context_link;itc:0;sec:content-canvas\" class=\"link \">Donald Trump<\/a> ne s\u2019est pas priv\u00e9 de livrer le fond de sa pens\u00e9e. Quitte \u00e0 froisser ses cibles. Dans un <a href=\"https:\/\/www.politico.com\/news\/2025\/12\/09\/trump-dasha-burns-interview-europe-immigration-ukraine-00682016?at_medium=RSS%20feed&amp;at_campaign=ynews&amp;utm_source=yahoo&amp;utm_medium=rss&amp;utm_campaign=news_feed&amp;utm_content=in_article_link\" rel=\"nofollow noopener\" target=\"_blank\" data-ylk=\"slk:entretien accord\u00e9 au site Politico;elm:context_link;itc:0;sec:content-canvas\" class=\"link \">entretien accord\u00e9 au site Politico<\/a> ce mardi, le pr\u00e9sident am\u00e9ricain a en effet estim\u00e9 que l\u2019Ukraine, qui \u00ab a perdu beaucoup de territoires \u00bb, devrait \u00ab organiser des \u00e9lections \u00bb au plus vite, accusant Volodymyr Zelensky d&rsquo; \u00ab utiliser la guerre \u00bb pour s\u2019en abstenir. Les dirigeants ukrainiens \u00ab parlent de d\u00e9mocratie mais on arrive \u00e0 un point o\u00f9 ce n\u2019est plus une d\u00e9mocratie [\u2026]. Le peuple ukrainien devrait avoir ce choix \u00bb, a insist\u00e9 le locataire de la Maison Blanche. Sans la loi martiale, en place depuis l\u2019invasion russe de l\u2019Ukraine en f\u00e9vrier 2022 et qui emp\u00eache la tenue du scrutin, la pr\u00e9sidentielle ukrainienne aurait d\u00fb \u00eatre organis\u00e9e en mars 2024.<\/p>\n<p class=\"mb-4 text-lg md:leading-8 break-words\">Donald Trump consid\u00e8re \u00e9galement que Moscou \u00ab a l\u2019avantage \u00bb sur le plan militaire et \u00ab l\u2019a toujours eu \u00bb. La Russie est \u00ab beaucoup plus grande \u00bb que son adversaire et \u00ab \u00e0 un moment donn\u00e9, g\u00e9n\u00e9ralement, la taille fera la diff\u00e9rence \u00bb. \u00ab Ce n\u2019est pas une guerre qui aurait d\u00fb se produire \u00bb, a encore estim\u00e9 Donald Trump, regrettant les \u00ab millions de personnes \u00bb tu\u00e9es. \u00ab Quelle triste chose pour l\u2019humanit\u00e9 \u00bb, a-t-il ajout\u00e9 en d\u00e9non\u00e7ant l\u2019aide apport\u00e9e \u00e0 l\u2019Ukraine par son pr\u00e9d\u00e9cesseur d\u00e9mocrate <a href=\"https:\/\/www.20minutes.fr\/dossier\/joe_biden?at_medium=RSS%20feed&amp;at_campaign=ynews&amp;utm_source=yahoo&amp;utm_medium=rss&amp;utm_campaign=news_feed&amp;utm_content=in_article_link\" rel=\"nofollow noopener\" target=\"_blank\" data-ylk=\"slk:Joe Biden;elm:context_link;itc:0;sec:content-canvas\" class=\"link \">Joe Biden<\/a>.<\/p>\n<p class=\"mb-4 text-lg md:leading-8 break-words\">Comme si (&#8230;)<\/p>\n<p class=\"mb-4 text-lg md:leading-8 break-words\"><a href=\"https:\/\/www.20minutes.fr\/monde\/ukraine\/4190649-20251209-guerre-ukraine-trump-allume-zelensky-europeens-hiver-rude?at_medium=RSS%20feed&amp;at_campaign=ynews&amp;utm_source=yahoo&amp;utm_medium=rss&amp;utm_campaign=news_feed&amp;utm_content=read_more_link&quot;\" rel=\"nofollow noopener\" target=\"_blank\" data-ylk=\"slk:Lire la suite sur 20minutes;elm:context_link;itc:0;sec:content-canvas\" class=\"link \">Lire la suite sur 20minutes<\/a><\/p>\n<p>\u00c0 lire aussi :<br \/><a href=\"https:\/\/www.20minutes.fr\/monde\/4190497-20251209-guerre-ukraine-sait-kairos-petrolier-flotte-fantome-russe-perdition-bulgarie?at_medium=RSS%20feed&amp;at_campaign=ynews&amp;utm_source=yahoo&amp;utm_medium=rss&amp;utm_campaign=news_feed&amp;utm_content=related_content_link\" rel=\"nofollow noopener\" target=\"_blank\" data-ylk=\"slk:Guerre en Ukraine : Que sait-on du \u00ab Kairos \u00bb, le p\u00e9trolier de la \u00ab flotte fant\u00f4me \u00bb russe, en perdition en Bulgarie ?;elm:context_link;itc:0;sec:content-canvas\" class=\"link \">Guerre en Ukraine : Que sait-on du \u00ab Kairos \u00bb, le p\u00e9trolier de la \u00ab flotte fant\u00f4me \u00bb russe, en perdition en Bulgarie ?<\/a><br \/><a href=\"https:\/\/www.20minutes.fr\/monde\/ukraine\/4190335-20251209-guerre-ukraine-refugiees-lituanie-maria-famille-vu-optimisme-user-fil-mois?at_medium=RSS%20feed&amp;at_campaign=ynews&amp;utm_source=yahoo&amp;utm_medium=rss&amp;utm_campaign=news_feed&amp;utm_content=related_content_link\" rel=\"nofollow noopener\" target=\"_blank\" data-ylk=\"slk:Guerre en Ukraine : R\u00e9fugi\u00e9es en Lituanie, Mariia et sa famille ont vu leur \u00ab optimisme s\u2019user au fil des mois \u00bb;elm:context_link;itc:0;sec:content-canvas\" class=\"link \">Guerre en Ukraine : R\u00e9fugi\u00e9es en Lituanie, Mariia et sa famille ont vu leur \u00ab optimisme s\u2019user au fil des mois \u00bb<\/a><\/p>\n","protected":false},"excerpt":{"rendered":"r\u00e9cap&rsquo; &#8211; \u00ab 20 Minutes \u00bb fait le point pour vous tous les soirs sur le conflit en&hellip;\n","protected":false},"author":2,"featured_media":589136,"comment_status":"","ping_status":"","sticky":false,"template":"","format":"standard","meta":{"footnotes":""},"categories":[1590],"tags":[642,11,75,1777,674,131,5493,12,220,134],"class_list":{"0":"post-589135","1":"post","2":"type-post","3":"status-publish","4":"format-standard","5":"has-post-thumbnail","7":"category-ukraine","8":"tag-20-minutes","9":"tag-actualites","10":"tag-donald-trump","11":"tag-eu","12":"tag-europe","13":"tag-guerre-en-ukraine","14":"tag-lukraine","15":"tag-news","16":"tag-ukraine","17":"tag-volodymyr-zelensky"},"share_on_mastodon":{"url":"https:\/\/pubeurope.com\/@fr\/115691311736321744","error":""},"_links":{"self":[{"href":"https:\/\/www.europesays.com\/fr\/wp-json\/wp\/v2\/posts\/589135","targetHints":{"allow":["GET"]}}],"collection":[{"href":"https:\/\/www.europesays.com\/fr\/wp-json\/wp\/v2\/posts"}],"about":[{"href":"https:\/\/www.europesays.com\/fr\/wp-json\/wp\/v2\/types\/post"}],"author":[{"embeddable":true,"href":"https:\/\/www.europesays.com\/fr\/wp-json\/wp\/v2\/users\/2"}],"replies":[{"embeddable":true,"href":"https:\/\/www.europesays.com\/fr\/wp-json\/wp\/v2\/comments?post=589135"}],"version-history":[{"count":0,"href":"https:\/\/www.europesays.com\/fr\/wp-json\/wp\/v2\/posts\/589135\/revisions"}],"wp:featuredmedia":[{"embeddable":true,"href":"https:\/\/www.europesays.com\/fr\/wp-json\/wp\/v2\/media\/589136"}],"wp:attachment":[{"href":"https:\/\/www.europesays.com\/fr\/wp-json\/wp\/v2\/media?parent=589135"}],"wp:term":[{"taxonomy":"category","embeddable":true,"href":"https:\/\/www.europesays.com\/fr\/wp-json\/wp\/v2\/categories?post=589135"},{"taxonomy":"post_tag","embeddable":true,"href":"https:\/\/www.europesays.com\/fr\/wp-json\/wp\/v2\/tags?post=589135"}],"curies":[{"name":"wp","href":"https:\/\/api.w.org\/{rel}","templated":true}]}}