{"id":589137,"date":"2025-12-09T19:43:10","date_gmt":"2025-12-09T19:43:10","guid":{"rendered":"https:\/\/www.europesays.com\/fr\/589137\/"},"modified":"2025-12-09T19:43:10","modified_gmt":"2025-12-09T19:43:10","slug":"les-etats-unis-et-des-pays-europeens-exhortent-le-rwanda-et-le-m23-a-cesser-immediatement-leurs-operations-offensives-dans-lest","status":"publish","type":"post","link":"https:\/\/www.europesays.com\/fr\/589137\/","title":{"rendered":"les \u00c9tats-Unis et des pays europ\u00e9ens exhortent le Rwanda et le M23 \u00e0 \u00abcesser imm\u00e9diatement leurs op\u00e9rations offensives dans l\u2019est\u00bb"},"content":{"rendered":"<p>\n    Dans un communiqu\u00e9 commun, le groupe de contact pour la r\u00e9gion des Grands Lacs a appel\u00e9 \u00e0 une d\u00e9sescalade dans l\u2019est de la RDC, o\u00f9 les combats ont entra\u00een\u00e9 une fuite massive de population au Burundi voisin.<\/p>\n<p class=\"fig-paragraph\">Les \u00c9tats-Unis et plusieurs pays europ\u00e9ens ont exhort\u00e9 mardi le<a href=\"http:\/\/www.lefigaro.fr\/flash-actu\/burundi-le-gouvernement-denonce-des-attaques-du-rwanda-sur-son-sol-et-son-attitude-belliqueuse-20251208\" data-fig-type=\"NewsFlash\" data-gtm-custom-categorie=\"navigation\" data-gtm-custom-action=\"crossclick\" data-gtm-custom-label=\"Contextuel\" data-gtm-event=\"customEventSPE\" data-fig-domain=\"LEFIGARO\" target=\"_blank\" rel=\"noopener\">\u00a0Rwanda<\/a>\u00a0et le groupe arm\u00e9 M23 \u00e0 cesser \u00abimm\u00e9diatement\u00bb leur offensive dans l&rsquo;est de la R\u00e9publique d\u00e9mocratique du Congo (RDC),\u00a0<a href=\"http:\/\/www.lefigaro.fr\/flash-actu\/rdc-les-bombardements-se-poursuivent-malgre-un-accord-de-paix-signe-a-washington-20251205\" data-fig-type=\"NewsFlash\" data-gtm-custom-categorie=\"navigation\" data-gtm-custom-action=\"crossclick\" data-gtm-custom-label=\"Contextuel\" data-gtm-event=\"customEventSPE\" data-fig-domain=\"LEFIGARO\" target=\"_blank\" rel=\"noopener\">en proie \u00e0 des combats<\/a>\u00a0et une fuite massive de population au Burundi voisin.<\/p>\n<p class=\"fig-paragraph\">Le groupe de contact pour la r\u00e9gion des Grands Lacs exhorte \u00able M23 et les Forces de d\u00e9fense rwandaises \u00e0 cesser imm\u00e9diatement leurs op\u00e9rations offensives dans l&rsquo;est de la RDC, en particulier dans le Sud-Kivu, et appelle les FDR \u00e0 se retirer de l&rsquo;est de la RDC\u00bb, a-t-il indiqu\u00e9 dans un communiqu\u00e9 commun.<\/p>\n","protected":false},"excerpt":{"rendered":"Dans un communiqu\u00e9 commun, le groupe de contact pour la r\u00e9gion des Grands Lacs a appel\u00e9 \u00e0 une&hellip;\n","protected":false},"author":2,"featured_media":589138,"comment_status":"","ping_status":"","sticky":false,"template":"","format":"standard","meta":{"footnotes":""},"categories":[1589],"tags":[11,73,1866,12,4873,15568,1864,1865,1863,308],"class_list":{"0":"post-589137","1":"post","2":"type-post","3":"status-publish","4":"format-standard","5":"has-post-thumbnail","7":"category-etats-unis","8":"tag-actualites","9":"tag-etats-unis","10":"tag-etats-unis-damerique","11":"tag-news","12":"tag-rdc","13":"tag-rwanda","14":"tag-united-states","15":"tag-united-states-of-america","16":"tag-us","17":"tag-usa"},"share_on_mastodon":{"url":"https:\/\/pubeurope.com\/@fr\/115691323603780597","error":""},"_links":{"self":[{"href":"https:\/\/www.europesays.com\/fr\/wp-json\/wp\/v2\/posts\/589137","targetHints":{"allow":["GET"]}}],"collection":[{"href":"https:\/\/www.europesays.com\/fr\/wp-json\/wp\/v2\/posts"}],"about":[{"href":"https:\/\/www.europesays.com\/fr\/wp-json\/wp\/v2\/types\/post"}],"author":[{"embeddable":true,"href":"https:\/\/www.europesays.com\/fr\/wp-json\/wp\/v2\/users\/2"}],"replies":[{"embeddable":true,"href":"https:\/\/www.europesays.com\/fr\/wp-json\/wp\/v2\/comments?post=589137"}],"version-history":[{"count":0,"href":"https:\/\/www.europesays.com\/fr\/wp-json\/wp\/v2\/posts\/589137\/revisions"}],"wp:featuredmedia":[{"embeddable":true,"href":"https:\/\/www.europesays.com\/fr\/wp-json\/wp\/v2\/media\/589138"}],"wp:attachment":[{"href":"https:\/\/www.europesays.com\/fr\/wp-json\/wp\/v2\/media?parent=589137"}],"wp:term":[{"taxonomy":"category","embeddable":true,"href":"https:\/\/www.europesays.com\/fr\/wp-json\/wp\/v2\/categories?post=589137"},{"taxonomy":"post_tag","embeddable":true,"href":"https:\/\/www.europesays.com\/fr\/wp-json\/wp\/v2\/tags?post=589137"}],"curies":[{"name":"wp","href":"https:\/\/api.w.org\/{rel}","templated":true}]}}