{"id":589139,"date":"2025-12-09T19:45:54","date_gmt":"2025-12-09T19:45:54","guid":{"rendered":"https:\/\/www.europesays.com\/fr\/589139\/"},"modified":"2025-12-09T19:45:54","modified_gmt":"2025-12-09T19:45:54","slug":"elvis-costello-a-annonce-une-tournee-au-royaume-uni-lete-prochain","status":"publish","type":"post","link":"https:\/\/www.europesays.com\/fr\/589139\/","title":{"rendered":"Elvis Costello a annonc\u00e9 une tourn\u00e9e au Royaume-Uni l&rsquo;\u00e9t\u00e9 prochain"},"content":{"rendered":"<p>\t\t\t\t\t\t\t\t\t\t\t\t\t\t\t\t\t\t\t\t\t\t<img loading=\"lazy\" decoding=\"async\" src=\"data:image\/svg+xml,%3Csvg%20xmlns=\" http:=\"\" class=\"img-fluid\" alt=\"Elvis Costello participe \u00e0 la c\u00e9r\u00e9monie de remise des m\u00e9dailles de la classe 2024 au Country Music Hall of Fame and Museum le 20 octobre 2024 \u00e0 Nashville, Tennessee.\" width=\"1024\" height=\"755\" data-lazy-src=\"https:\/\/www.europesays.com\/fr\/wp-content\/uploads\/2025\/12\/GettyImages-2179897823-1024x755.jpg\"\/><br \/>\n\t\t\t\t\t\t\t\t\t\t\t\t\t\t\t\t\t\t\t\t\t\tPhoto par Jason Kempin\/Getty Images pour le Country Music Hall of Fame and Museum<\/p>\n<p>    Save<\/p>\n<p><strong>Elvis Costello a annonc\u00e9 une s\u00e9rie de concerts au Royaume-Uni pour l\u2019\u00e9t\u00e9, au<\/strong> cours desquels il c\u00e9l\u00e9brera la premi\u00e8re p\u00e9riode de sa longue carri\u00e8re musicale. Il sera rejoint par The Imposters et Charlie Sexton \u00e0 chaque date, pour un concert qui se concentrera principalement sur les premiers piliers de sa discographie.<\/p>\n<p>Intitul\u00e9 \u00ab Radio Soul ! The Early Songs of Elvis Costello \u00bb, la tourn\u00e9e pr\u00e9voit un concert \u00e0 Londres au c\u00e9l\u00e8bre <strong>Royal Albert Hall le lundi 15 juin<\/strong>, ainsi que des concerts \u00e0 Birmingham, Portsmouth et Newcastle. Selon Costello, \u00ab Radio Soul \u00bb sera l\u2019une des chansons interpr\u00e9t\u00e9es, et il s\u2019agit d\u2019une premi\u00e8re \u00e9bauche de ce qui allait devenir le tube Radio Radio.<\/p>\n<blockquote class=\"instagram-media\" data-instgrm-permalink=\"https:\/\/www.instagram.com\/p\/DSCeofKEceL\/?utm_source=ig_embed&amp;utm_campaign=loading\" data-instgrm-version=\"14\" style=\" background:#FFF; border:0; border-radius:3px; box-shadow:0 0 1px 0 rgba(0,0,0,0.5),0 1px 10px 0 rgba(0,0,0,0.15); margin: 1px; max-width:540px; min-width:326px; padding:0; width:99.375%; width:-webkit-calc(100% - 2px); width:calc(100% - 2px);\"><\/blockquote>\n<p>Cr\u00e9dit : @elviscostello, via IG<\/p>\n<p>Comme nous l\u2019avons mentionn\u00e9, <strong>Elvis Costello sera accompagn\u00e9 par The Imposters et Charlie Sexton <\/strong> pour les concerts de l\u2019ann\u00e9e prochaine. The Imposters est compos\u00e9 du clavi\u00e9riste Stevie Nieve et du batteur Pete Thomas, tous deux membres du groupe The Attractions, qui s\u2019est form\u00e9 avec Elvis Costello en 1977. Charlie Sexton, quant \u00e0 lui, a jou\u00e9 pour la premi\u00e8re fois avec Elvis Costello en 2021 et a continu\u00e9 \u00e0 tourner avec lui depuis.<\/p>\n<p>Ces dates font partie d\u2019une s\u00e9rie de concerts europ\u00e9ens d\u00e9j\u00e0 annonc\u00e9s, au cours desquels Elvis Costello &amp; The Imposters et Charlie Sexton assureront la premi\u00e8re partie de Neil Young and the Chrome Hearts, \u00e0 Glasgow, Chelmsford, Oxfordshire, Cardiff, etc. Les concerts annonc\u00e9s aujourd\u2019hui sont l\u2019occasion d\u2019assister \u00e0 l\u2019int\u00e9gralit\u00e9 de la prestation en t\u00eate d\u2019affiche.<\/p>\n<p> Quand les billets pour voir Elvis Costello sont-ils mis en vente ? <\/p>\n<p> Les billets pour voir Elvis Costello accompagn\u00e9 de The Imposters &amp; Charlie Sexton seront mis en vente le <strong>vendredi 12 d\u00e9cembre \u00e0 10 heures<\/strong>, avec des options de pr\u00e9vente \u00e0 partir de demain (mercredi 10 d\u00e9cembre). Vous trouverez toutes les informations sur la billetterie des spectacles sur le <a href=\"https:\/\/elviscostello.com\/\" rel=\"nofollow noopener\" target=\"_blank\" class=\"shortcode-outbound-link\" data-has-ga=\"true\" data-ga-type=\"click\" data-label=\"https:\/\/elviscostello.com\/\" data-action=\"text_cta_0\" data-category=\"click_non_sales\">site web d\u2019<\/a> Elvis Costello.<\/p>\n<p> Radio Soul ! The Early Songs of Elvis Costello \u00bb, tourn\u00e9e britannique 2026 <\/p>\n<p> 13 juin \u2013 Birmingham, Symphony Hall<br \/><strong>15 juin \u2013 Londres, Royal Albert Hall<\/strong><br \/>26 juin \u2013 Portsmouth, Guildhall<\/p>\n<p>6 juillet \u2013 Newcastle, O2 City Hall<\/p>\n<p>\t\t\t\t<script async src=\"\/\/www.instagram.com\/embed.js\"><\/script><\/p>\n","protected":false},"excerpt":{"rendered":"Photo par Jason Kempin\/Getty Images pour le Country Music Hall of Fame and Museum Save Elvis Costello a&hellip;\n","protected":false},"author":2,"featured_media":589140,"comment_status":"","ping_status":"","sticky":false,"template":"","format":"standard","meta":{"footnotes":""},"categories":[1588],"tags":[11,57147,1777,674,12,10044,473,1853,27682,1851,1850,1852],"class_list":{"0":"post-589139","1":"post","2":"type-post","3":"status-publish","4":"format-standard","5":"has-post-thumbnail","7":"category-royaume-uni","8":"tag-actualites","9":"tag-big-concert","10":"tag-eu","11":"tag-europe","12":"tag-news","13":"tag-pop","14":"tag-royaume-uni","15":"tag-royaume-uni-de-grande-bretagne-et-dirlande-du-nord","16":"tag-summer","17":"tag-uk","18":"tag-united-kingdom","19":"tag-united-kingdom-of-great-britain-and-northern-ireland"},"share_on_mastodon":{"url":"https:\/\/pubeurope.com\/@fr\/115691335398788060","error":""},"_links":{"self":[{"href":"https:\/\/www.europesays.com\/fr\/wp-json\/wp\/v2\/posts\/589139","targetHints":{"allow":["GET"]}}],"collection":[{"href":"https:\/\/www.europesays.com\/fr\/wp-json\/wp\/v2\/posts"}],"about":[{"href":"https:\/\/www.europesays.com\/fr\/wp-json\/wp\/v2\/types\/post"}],"author":[{"embeddable":true,"href":"https:\/\/www.europesays.com\/fr\/wp-json\/wp\/v2\/users\/2"}],"replies":[{"embeddable":true,"href":"https:\/\/www.europesays.com\/fr\/wp-json\/wp\/v2\/comments?post=589139"}],"version-history":[{"count":0,"href":"https:\/\/www.europesays.com\/fr\/wp-json\/wp\/v2\/posts\/589139\/revisions"}],"wp:featuredmedia":[{"embeddable":true,"href":"https:\/\/www.europesays.com\/fr\/wp-json\/wp\/v2\/media\/589140"}],"wp:attachment":[{"href":"https:\/\/www.europesays.com\/fr\/wp-json\/wp\/v2\/media?parent=589139"}],"wp:term":[{"taxonomy":"category","embeddable":true,"href":"https:\/\/www.europesays.com\/fr\/wp-json\/wp\/v2\/categories?post=589139"},{"taxonomy":"post_tag","embeddable":true,"href":"https:\/\/www.europesays.com\/fr\/wp-json\/wp\/v2\/tags?post=589139"}],"curies":[{"name":"wp","href":"https:\/\/api.w.org\/{rel}","templated":true}]}}