{"id":589141,"date":"2025-12-09T19:47:28","date_gmt":"2025-12-09T19:47:28","guid":{"rendered":"https:\/\/www.europesays.com\/fr\/589141\/"},"modified":"2025-12-09T19:47:28","modified_gmt":"2025-12-09T19:47:28","slug":"lancien-pilote-de-formule-1-adrian-sutil-a-ete-place-en-detention-provisoire-en-allemagne","status":"publish","type":"post","link":"https:\/\/www.europesays.com\/fr\/589141\/","title":{"rendered":"L&rsquo;ancien pilote de Formule 1 Adrian Sutil a \u00e9t\u00e9 plac\u00e9 en d\u00e9tention provisoire en Allemagne"},"content":{"rendered":"<p>L\u2019ancien pilote de <a href=\"https:\/\/www.autohebdo.fr\/actualites\/f1\" data-internallinksmanager029f6b8e52c=\"1\" title=\"F1\" rel=\"nofollow noopener\" target=\"_blank\">Formule 1<\/a> Adrian Sutil a \u00e9t\u00e9 arr\u00eat\u00e9 en Allemagne le 28 novembre 2025 pour suspicion de fraude. Suite \u00e0 des perquisitions men\u00e9es conjointement \u00e0 Sindelfingen (Allemagne), en Suisse et \u00e0 Monaco \u2013 r\u00e9sidence du suspect \u2013\u00a0 l\u2019homme de 42 ans a \u00e9t\u00e9 arr\u00eat\u00e9 et a \u00e9t\u00e9 plac\u00e9 en d\u00e9tention provisoire pour escroquerie aggrav\u00e9e et d\u00e9tournement de fond d\u2019apr\u00e8s le porte-parole de l\u2019agende de presse allemande. Des accusations que nie le principal int\u00e9ress\u00e9. Cette d\u00e9tention provisoire intervient \u00ab principalement en raison du fait que M. Sutil n\u2019a pas de r\u00e9sidence en Allemagne, mais uniquement \u00e0 Monaco \u00bb explique son avocat Dirk Schmitz. Le conseil de l\u2019ancien pilote a par ailleurs soulign\u00e9 qu\u2019aucun dommage financier n\u2019avait \u00e9t\u00e9 caus\u00e9 \u00e0 des tiers.<\/p>\n<p>\u00ab Les \u00e9l\u00e9ments d\u00e9clencheurs et les circonstances qui les accompagnent indiquent une tentative de nuire d\u00e9lib\u00e9r\u00e9ment et de mani\u00e8re trompeuse \u00e0 sa r\u00e9putation, affirme l\u2019avocat de l\u2019ancien pilote Sauber. En particulier, Adrian Sutil lui-m\u00eame est devenu la victime d\u2019un important d\u00e9lit financier dans un contexte europ\u00e9en. \u00bb Me Schmitz a en outre insist\u00e9 que son client coop\u00e9rait pleinement avec la justice, \u00ab convaincu que les accusations se r\u00e9v\u00e9leront infond\u00e9es et que son bon nom de pilote de Formule 1 sera pleinement r\u00e9habilit\u00e9. \u00bb Il a par ailleurs rappel\u00e9 le principe de pr\u00e9somption d\u2019innocence dont b\u00e9n\u00e9ficie son client dans l\u2019attente d\u2019un jugement.<\/p>\n<p><strong><\/strong><\/p>\n<p><strong>\u00c0 LIRE AUSSI &gt; <a href=\"https:\/\/www.autohebdo.fr\/actualites\/f1\/lando-norris-nouveau-champion-du-monde-de-f1-jai-gagne-le-championnat-a-ma-facon.html\" rel=\"nofollow noopener\" target=\"_blank\">Lando Norris, nouveau champion du monde de F1 : \u00ab J\u2019ai gagn\u00e9 le championnat \u00e0 ma fa\u00e7on \u00bb<\/a><\/strong><\/p>\n<p>Adrian Sutil \u00e0 nouveau inqui\u00e9t\u00e9 par la justice<\/p>\n<p>Rappelons par ailleurs que ce n\u2019est pas la premi\u00e8re fois que l\u2019ancien pilote automobile fait face \u00e0 la justice. En 2011, Adrian Sutil avait bless\u00e9 un coll\u00e8gue du paddock avec une coupe de champagne dans une bo\u00eete de nuit de Shangha\u00ef : Eric Lux, \u00e0 l\u2019\u00e9poque copropri\u00e9taire de l\u2019\u00e9curie Lotus <a href=\"https:\/\/www.autohebdo.fr\/actualites\/ecurie\/renault-f1-team\" data-internallinksmanager029f6b8e52c=\"84\" title=\"Ecurie Renault F1 Team\" rel=\"nofollow noopener\" target=\"_blank\">Renault<\/a> GP. Malgr\u00e9 les excuses pr\u00e9sent\u00e9es, l\u2019Allemand avait ainsi \u00e9t\u00e9 condamn\u00e9 \u00e0 18 mois de prison avec sursis et 200 000 euros d\u2019amende. Il n\u2019avait cons\u00e9quemment pas particip\u00e9 \u00e0 la saison 2012 de Formule 1.<\/p>\n<p>Adrian Sutil a couru en Formule 1 entre 2007 et 2014, disputant 128 Grands Prix avec Spyker, Force India et Sauber. Il a ainsi inscrit 124 points en sept ans de carri\u00e8re avec une meilleure quatri\u00e8me position au Grand Prix d\u2019Italie \u00e0 Monza en 2009.<\/p><\/p>\n","protected":false},"excerpt":{"rendered":"L\u2019ancien pilote de Formule 1 Adrian Sutil a \u00e9t\u00e9 arr\u00eat\u00e9 en Allemagne le 28 novembre 2025 pour suspicion&hellip;\n","protected":false},"author":2,"featured_media":589142,"comment_status":"","ping_status":"","sticky":false,"template":"","format":"standard","meta":{"footnotes":""},"categories":[1587],"tags":[11,672,1804,1805,1803,1777,674,1801,12,1802],"class_list":{"0":"post-589141","1":"post","2":"type-post","3":"status-publish","4":"format-standard","5":"has-post-thumbnail","7":"category-allemagne","8":"tag-actualites","9":"tag-allemagne","10":"tag-bundesrepublik-deutschland","11":"tag-de","12":"tag-deutschland","13":"tag-eu","14":"tag-europe","15":"tag-germany","16":"tag-news","17":"tag-republique-federale-dallemagne"},"share_on_mastodon":{"url":"https:\/\/pubeurope.com\/@fr\/115691339333503713","error":""},"_links":{"self":[{"href":"https:\/\/www.europesays.com\/fr\/wp-json\/wp\/v2\/posts\/589141","targetHints":{"allow":["GET"]}}],"collection":[{"href":"https:\/\/www.europesays.com\/fr\/wp-json\/wp\/v2\/posts"}],"about":[{"href":"https:\/\/www.europesays.com\/fr\/wp-json\/wp\/v2\/types\/post"}],"author":[{"embeddable":true,"href":"https:\/\/www.europesays.com\/fr\/wp-json\/wp\/v2\/users\/2"}],"replies":[{"embeddable":true,"href":"https:\/\/www.europesays.com\/fr\/wp-json\/wp\/v2\/comments?post=589141"}],"version-history":[{"count":0,"href":"https:\/\/www.europesays.com\/fr\/wp-json\/wp\/v2\/posts\/589141\/revisions"}],"wp:featuredmedia":[{"embeddable":true,"href":"https:\/\/www.europesays.com\/fr\/wp-json\/wp\/v2\/media\/589142"}],"wp:attachment":[{"href":"https:\/\/www.europesays.com\/fr\/wp-json\/wp\/v2\/media?parent=589141"}],"wp:term":[{"taxonomy":"category","embeddable":true,"href":"https:\/\/www.europesays.com\/fr\/wp-json\/wp\/v2\/categories?post=589141"},{"taxonomy":"post_tag","embeddable":true,"href":"https:\/\/www.europesays.com\/fr\/wp-json\/wp\/v2\/tags?post=589141"}],"curies":[{"name":"wp","href":"https:\/\/api.w.org\/{rel}","templated":true}]}}