{"id":589149,"date":"2025-12-09T19:54:22","date_gmt":"2025-12-09T19:54:22","guid":{"rendered":"https:\/\/www.europesays.com\/fr\/589149\/"},"modified":"2025-12-09T19:54:22","modified_gmt":"2025-12-09T19:54:22","slug":"info-la-depeche-ils-vont-abattre-tout-le-troupeau-premier-cas-de-dermatose-nodulaire-en-ariege-plus-dune-centaine-de-bovins-concernes","status":"publish","type":"post","link":"https:\/\/www.europesays.com\/fr\/589149\/","title":{"rendered":"INFO LA DEPECHE. \u00ab\u00a0Ils vont abattre tout le troupeau\u00a0\u00bb\u00a0: premier cas de dermatose nodulaire en Ari\u00e8ge, plus d\u2019une centaine de bovins concern\u00e9s"},"content":{"rendered":"<p>\n                                                                    l&rsquo;essentiel<br \/>\n                                                                La dermatose nodulaire contagieuse frappe l\u2019Ari\u00e8ge avec un premier cas confirm\u00e9. La pr\u00e9fecture envisage l\u2019abattage total du troupeau.\n                            <\/p>\n<p>Coup de tonnerre en Ari\u00e8ge. Selon nos informations, un premier cas de dermatose nodulaire contagieuse (DNC) a \u00e9t\u00e9 confirm\u00e9 dans un \u00e9levage situ\u00e9 dans la commune des Bordes-sur-Arize. L\u2019annonce a provoqu\u00e9 dans la soir\u00e9e une r\u00e9union de crise \u00e0 la pr\u00e9fecture. Une information non confirm\u00e9e par les services de l\u2019\u00c9tat en Ari\u00e8ge.<\/p>\n<p>Sans surprise, la pr\u00e9fecture devrait envisager l\u2019abattage total du troupeau concern\u00e9, sans que la date ne soit pour l\u2019heure confirm\u00e9e. \u00ab\u00a0On va voir la suite. Pour l\u2019instant, la position du pr\u00e9fet reste inflexible sur la position de l\u2019\u00c9tat, ils vont abattre tout le troupeau. Pour moi, c\u2019est une gestion catastrophique. C\u2019est une aberration compl\u00e8te\u00a0\u00bb, s\u2019indigne, d\u00e9pit\u00e9, S\u00e9bastien Durand, \u00e0 la t\u00eate de la Coordination rurale de l\u2019Ari\u00e8ge. Plus d\u2019une centaine\u00a0de bovins serait\u00a0concern\u00e9e, pourtant seul un\u00a0animal serait contamin\u00e9.<\/p>\n<p>Quant \u00e0 l\u2019abattage, aucune date n\u2019a filtr\u00e9. \u00ab\u00a0Vous serez au courant bien avant moi\u00a0\u00bb, ironise S\u00e9bastien Durand. En revanche, le syndicat se dit pr\u00eat \u00e0 soutenir l\u2019\u00e9leveur touch\u00e9\u00a0: \u00ab\u00a0Tout d\u00e9pend de la position de l\u2019\u00e9leveur, s\u2019il accepte l\u2019abattage total ou pas. On fera tout notre pouvoir pour l\u2019aider. Il faut faire bouger l\u2019opinion publique.\u00a0\u00bb<\/p>\n<p>\u00ab\u00a0On ne mange plus, on ne dort plus\u00a0\u00bb<\/p>\n<p>La confirmation de ce cas en Ari\u00e8ge pourrait raviver la col\u00e8re des \u00e9leveurs, d\u00e9j\u00e0 profond\u00e9ment choqu\u00e9s apr\u00e8s l\u2019abattage dans le Doubs de 83 vaches suite \u00e0 une suspicion de DNC sur l\u2019une d\u2019entre elles. Un abattage qui s\u2019est d\u00e9roul\u00e9 sur des b\u00eates vaccin\u00e9es, alors m\u00eame que le tribunal de Besan\u00e7on \u00e9tait en train d\u2019examiner un r\u00e9f\u00e9r\u00e9 d\u00e9pos\u00e9 contre cette mesure, par la Conf\u00e9d\u00e9ration paysanne et la Coordination rurale.<\/p>\n<p>Cons\u00e9quence, ce jeudi 4\u00a0d\u00e9cembre 2025, des \u00e9leveurs en col\u00e8re ont d\u00e9vers\u00e9 plus de 800 tonnes de fumier devant la pr\u00e9fecture de l\u2019Ari\u00e8ge. Un geste de protestation d\u00e9non\u00e7ant \u00ab\u00a0le m\u00e9pris de l\u2019\u00c9tat\u00a0\u00bb. La mobilisation, lanc\u00e9e \u00e0 l\u2019appel de la Coordination rurale et largement relay\u00e9e par le syndicat Conf\u00e9d\u00e9ration paysanne, a rassembl\u00e9 pr\u00e8s d\u2019une centaine d\u2019\u00e9leveurs.<\/p>\n<p>Avec ce premier cas en Ari\u00e8ge, la peur d\u2019un nouvel abattage massif gagne le d\u00e9partement. Les syndicats craignent une gestion administrative \u00ab\u00a0brutale\u00a0\u00bb d\u2019une crise d\u00e9j\u00e0 extr\u00eamement inflammable. Si l\u2019\u00c9tat confirme sa position, la profession n\u2019exclut pas de nouvelles actions. \u00ab\u00a0On ne mange plus, on ne dort plus\u00a0\u00bb, avait t\u00e9moign\u00e9 dans nos colonnes un agriculteur mobilis\u00e9, d\u00e9non\u00e7ant les cons\u00e9quences humaines et \u00e9conomiques d\u2019une gestion qu\u2019il qualifie de \u00ab\u00a0catastrophe\u00a0\u00bb.<\/p>\n","protected":false},"excerpt":{"rendered":"l&rsquo;essentiel La dermatose nodulaire contagieuse frappe l\u2019Ari\u00e8ge avec un premier cas confirm\u00e9. La pr\u00e9fecture envisage l\u2019abattage total du&hellip;\n","protected":false},"author":2,"featured_media":589150,"comment_status":"","ping_status":"","sticky":false,"template":"","format":"standard","meta":{"footnotes":""},"categories":[2],"tags":[11,1867,2720,436,1011,27,329,70240,12,25],"class_list":{"0":"post-589149","1":"post","2":"type-post","3":"status-publish","4":"format-standard","5":"has-post-thumbnail","7":"category-actualites","8":"tag-actualites","9":"tag-animaux","10":"tag-ariege","11":"tag-environnement","12":"tag-fr","13":"tag-france","14":"tag-france-monde","15":"tag-lesbordessurarize","16":"tag-news","17":"tag-republique-francaise"},"share_on_mastodon":{"url":"https:\/\/pubeurope.com\/@fr\/115691366922368913","error":""},"_links":{"self":[{"href":"https:\/\/www.europesays.com\/fr\/wp-json\/wp\/v2\/posts\/589149","targetHints":{"allow":["GET"]}}],"collection":[{"href":"https:\/\/www.europesays.com\/fr\/wp-json\/wp\/v2\/posts"}],"about":[{"href":"https:\/\/www.europesays.com\/fr\/wp-json\/wp\/v2\/types\/post"}],"author":[{"embeddable":true,"href":"https:\/\/www.europesays.com\/fr\/wp-json\/wp\/v2\/users\/2"}],"replies":[{"embeddable":true,"href":"https:\/\/www.europesays.com\/fr\/wp-json\/wp\/v2\/comments?post=589149"}],"version-history":[{"count":0,"href":"https:\/\/www.europesays.com\/fr\/wp-json\/wp\/v2\/posts\/589149\/revisions"}],"wp:featuredmedia":[{"embeddable":true,"href":"https:\/\/www.europesays.com\/fr\/wp-json\/wp\/v2\/media\/589150"}],"wp:attachment":[{"href":"https:\/\/www.europesays.com\/fr\/wp-json\/wp\/v2\/media?parent=589149"}],"wp:term":[{"taxonomy":"category","embeddable":true,"href":"https:\/\/www.europesays.com\/fr\/wp-json\/wp\/v2\/categories?post=589149"},{"taxonomy":"post_tag","embeddable":true,"href":"https:\/\/www.europesays.com\/fr\/wp-json\/wp\/v2\/tags?post=589149"}],"curies":[{"name":"wp","href":"https:\/\/api.w.org\/{rel}","templated":true}]}}