{"id":589155,"date":"2025-12-09T20:01:20","date_gmt":"2025-12-09T20:01:20","guid":{"rendered":"https:\/\/www.europesays.com\/fr\/589155\/"},"modified":"2025-12-09T20:01:20","modified_gmt":"2025-12-09T20:01:20","slug":"atp-tout-le-monde-se-demandait-ce-qui-allait-se-passer-lorsque-federer-nadal-et-djokovic-ne-seraient-plus-la-il-faut-parfois-attendre-un-ou-deux-ans-avant-que-de-nouveaux-joueurs-commencent-a-dom","status":"publish","type":"post","link":"https:\/\/www.europesays.com\/fr\/589155\/","title":{"rendered":"ATP > \u00ab\u00a0Tout le monde se demandait ce qui allait se passer lorsque Federer, Nadal et Djokovic ne seraient plus l\u00e0. Il faut parfois attendre un ou deux ans avant que de nouveaux joueurs commencent \u00e0 dominer, mais cela s&rsquo;est produit imm\u00e9diatement avec Alcaraz et Sinner\u00a0\u00bb, d\u00e9clare Greg Rusedski"},"content":{"rendered":"<p>De passage dans un r\u00e9cent podcast, Off Court with Greg, l\u2019an\u00adcien 4e joueur mondial, Greg Rusedski s\u2019est exprim\u00e9 sur de nombreux sujets li\u00e9s \u00e0 l\u2019\u00e9vo\u00adlu\u00adtion du circuit ATP depuis le d\u00e9part en retraite de Roger Federer et Rafael Nadal et le d\u00e9clin de Novak Djokovic.\u00a0<\/p>\n<p>Pour le Britannique, l\u2019\u00e9mer\u00adgence soudaine de Carlos Alcaraz et Jannik Sinner apr\u00e8s l\u2019\u00e8re du Big 3 est une vraie chance pour le tennis.\u00a0<\/p>\n<p><strong>\u00ab\u202f\u00c0 cette \u00e9poque, il y avait trois des plus grands joueurs de tous les temps et tout le monde se deman\u00addait ce qui allait se passer lorsque Federer, Nadal et Djokovic ne seraient plus l\u00e0. Puis Alcaraz et Sinner sont arriv\u00e9s. Il faut parfois attendre un ou deux ans avant que de nouveaux joueurs commencent \u00e0 dominer, mais cela s\u2019est produit imm\u00e9\u00addia\u00adte\u00adment avec ces deux\u2010l\u00e0. Alcaraz a explos\u00e9 et a commenc\u00e9 \u00e0 gagner tout de suite, tout comme Rafael Nadal. Il a \u00e9t\u00e9 incroyable pour ce sport et le fait d\u2019avoir d\u00e9j\u00e0 remport\u00e9 six titres du Grand Chelem est un chiffre incroyable. Ensuite, vous regardez Sinner et la fa\u00e7on dont il utilise ses talents de skieur pour se d\u00e9placer sans effort sur le court. Je n\u2019ai jamais vu un joueur bouger comme \u00e7a aupa\u00adra\u00advant. Vous discutez avec d\u2019autres joueurs et ils vous disent qu\u2019ils frappent la balle tr\u00e8s fort des deux c\u00f4t\u00e9s. Alex de Minaur a d\u00e9clar\u00e9 qu\u2019ils frap\u00adpaient encore plus fort que Federer, Nadal et Djokovic.\u202f\u00bb<\/strong><\/p>\n<p class=\"post-published-date\" style=\"color: silver; font-size: 75%; text-align: left;\">Publi\u00e9 le mardi 9 d\u00e9cembre 2025 \u00e0 16:16<\/p>\n","protected":false},"excerpt":{"rendered":"De passage dans un r\u00e9cent podcast, Off Court with Greg, l\u2019an\u00adcien 4e joueur mondial, Greg Rusedski s\u2019est exprim\u00e9&hellip;\n","protected":false},"author":2,"featured_media":21049,"comment_status":"","ping_status":"","sticky":false,"template":"","format":"standard","meta":{"footnotes":""},"categories":[1415],"tags":[1744,105,2199,1011,27,1960,2127,60,1467],"class_list":{"0":"post-589155","1":"post","2":"type-post","3":"status-publish","4":"format-standard","5":"has-post-thumbnail","7":"category-tennis","8":"tag-alcaraz","9":"tag-djokovic","10":"tag-federer","11":"tag-fr","12":"tag-france","13":"tag-nadal","14":"tag-sinner","15":"tag-sports","16":"tag-tennis"},"share_on_mastodon":{"url":"https:\/\/pubeurope.com\/@fr\/115691394380354632","error":""},"_links":{"self":[{"href":"https:\/\/www.europesays.com\/fr\/wp-json\/wp\/v2\/posts\/589155","targetHints":{"allow":["GET"]}}],"collection":[{"href":"https:\/\/www.europesays.com\/fr\/wp-json\/wp\/v2\/posts"}],"about":[{"href":"https:\/\/www.europesays.com\/fr\/wp-json\/wp\/v2\/types\/post"}],"author":[{"embeddable":true,"href":"https:\/\/www.europesays.com\/fr\/wp-json\/wp\/v2\/users\/2"}],"replies":[{"embeddable":true,"href":"https:\/\/www.europesays.com\/fr\/wp-json\/wp\/v2\/comments?post=589155"}],"version-history":[{"count":0,"href":"https:\/\/www.europesays.com\/fr\/wp-json\/wp\/v2\/posts\/589155\/revisions"}],"wp:featuredmedia":[{"embeddable":true,"href":"https:\/\/www.europesays.com\/fr\/wp-json\/wp\/v2\/media\/21049"}],"wp:attachment":[{"href":"https:\/\/www.europesays.com\/fr\/wp-json\/wp\/v2\/media?parent=589155"}],"wp:term":[{"taxonomy":"category","embeddable":true,"href":"https:\/\/www.europesays.com\/fr\/wp-json\/wp\/v2\/categories?post=589155"},{"taxonomy":"post_tag","embeddable":true,"href":"https:\/\/www.europesays.com\/fr\/wp-json\/wp\/v2\/tags?post=589155"}],"curies":[{"name":"wp","href":"https:\/\/api.w.org\/{rel}","templated":true}]}}