{"id":589156,"date":"2025-12-09T20:07:47","date_gmt":"2025-12-09T20:07:47","guid":{"rendered":"https:\/\/www.europesays.com\/fr\/589156\/"},"modified":"2025-12-09T20:07:47","modified_gmt":"2025-12-09T20:07:47","slug":"une-histoire-de-coup-depaule-pour-arbitrer-un-beau-duel-actualite","status":"publish","type":"post","link":"https:\/\/www.europesays.com\/fr\/589156\/","title":{"rendered":"Une histoire de coup d\u2019\u00e9paule pour arbitrer un beau duel &#8211; Actualit\u00e9"},"content":{"rendered":"<p style=\"text-align: justify;\"><strong>Il aura fallu attendre les cinquante derniers m\u00e8tres pour conna\u00eetre l\u2019identit\u00e9 du nouveau Champion Auvergne-Rh\u00f4ne-Alpes U23 de cyclo-cross. <strong><a href=\"https:\/\/www.directvelo.com\/actualite\/125776\/cc-championnat-auvergne-rhone-alpes-classements\" target=\"_blank\" rel=\"nofollow noopener\">Sur le circuit de Belmont-de-la-Loire, Nathan Dos Reis Graca l\u2019a une nouvelle fois emport\u00e9 devant Kerrian Masset<\/a><\/strong>, comme l\u2019an pass\u00e9. Mais non sans une petite controverse. \u201cC\u2019est vrai que j\u2019ai d\u00fb mettre un petit coup d\u2019\u00e9paule dans le dernier tour et je tiens \u00e0 m\u2019excuser car ce n\u2019\u00e9tait pas tr\u00e8s sport\u201d, a l\u00e2ch\u00e9 le laur\u00e9at au micro de Jean-Claude Comby, sur le podium protocolaire. \u201cC\u2019est bien beau de le dire\u2026\u201d, souffle alors Kerrian Masset, qui \u00e9tait en train de raconter sa course \u00e0 DirectVelo au pied de ce m\u00eame podium.<br \/><\/strong><\/p>\n<p style=\"text-align: justify;\">Ce fait de course s\u2019est d\u00e9roul\u00e9 au niveau du city park du circuit, dans le dernier tour. \u201cOn s\u2019\u00e9tait isol\u00e9s d\u00e8s le tout d\u00e9but, au troisi\u00e8me virage, avec Kerrian, puis on a tout fait \u00e0 deux\u201d, raconte Nathan Dos Reis Graca au moment de relater sa course. Jusqu\u2019\u00e0 ce fait de course qui a d\u00e9cid\u00e9 en partie du vainqueur. \u201cIl fallait rentrer sur les parties techniques en premier sinon c\u2019\u00e9tait cuit, assure le soci\u00e9taire de l\u2019EC Clermont-Ferrand. J\u2019ai su faire la diff\u00e9rence dans la derni\u00e8re petite bosse. Soit je passais devant, soit je subissais et je finissais 2e. On a jou\u00e9 tous les deux, c\u2019\u00e9tait \u00e0 celui qui allait freiner en dernier\u201d.<br \/>Kerrian Masset avait du mal \u00e0 dig\u00e9rer cet incident quelques minutes apr\u00e8s l\u2019arriv\u00e9e. \u201cJe pense avoir \u00e9t\u00e9 plut\u00f4t propre, tout le monde ne l\u2019a pas \u00e9t\u00e9 jusqu\u2019au bout mais c\u2019est comme \u00e7a\u2026 Je venais pour la victoire. Passer si proche, c\u2019est d\u00e9cevant\u201d, conc\u00e8de le coureur de Chamb\u00e9ry CC. Nathan Dos Reis Graca, pour sa part, a r\u00e9p\u00e9t\u00e9 les excuses et aurait pr\u00e9f\u00e9r\u00e9 l\u2019emporter sans ce r\u00e9flexe malheureux. \u201cCe n\u2019\u00e9tait pas tr\u00e8s fair play alors je l\u2019ai attendu \u00e0 la fin de la bosse. \u00c7a fait chier de finir comme \u00e7a car on court ensemble tous les week-ends. On s\u2019est serr\u00e9 la main \u00e0 l\u2019arriv\u00e9e. C\u2019est la course mais ce n\u2019\u00e9tait pas tr\u00e8s sport, c\u2019est vrai. Cela dit, c\u2019est du cyclo-cross, \u00e7a arrive de mettre un petit coup d\u2019\u00e9paule\u201d. Et \u00e0 la fin, le vainqueur a toujours le dernier mot. <\/p>\n","protected":false},"excerpt":{"rendered":"Il aura fallu attendre les cinquante derniers m\u00e8tres pour conna\u00eetre l\u2019identit\u00e9 du nouveau Champion Auvergne-Rh\u00f4ne-Alpes U23 de cyclo-cross.&hellip;\n","protected":false},"author":2,"featured_media":589157,"comment_status":"","ping_status":"","sticky":false,"template":"","format":"standard","meta":{"footnotes":""},"categories":[1411],"tags":[834,828,836,829,837,827,83,826,824,823,1154,207,814,817,815,816,822,821,832,211,839,1011,27,820,818,819,835,831,830,833,838,60,212,208,825],"class_list":{"0":"post-589156","1":"post","2":"type-post","3":"status-publish","4":"format-standard","5":"has-post-thumbnail","7":"category-cyclisme","8":"tag-attaque","9":"tag-belgique","10":"tag-braquet","11":"tag-bretagne","12":"tag-chute","13":"tag-competition","14":"tag-coupe-de-france","15":"tag-coureur","16":"tag-course-cyclisme","17":"tag-course-cycliste","18":"tag-cycling","19":"tag-cyclisme","20":"tag-direct","21":"tag-direct-velo","22":"tag-directvelo","23":"tag-directvelo-com","24":"tag-epreuve","25":"tag-epreuve-cycliste","26":"tag-federation-francaise-de-cyclisme","27":"tag-ffc","28":"tag-flandres","29":"tag-fr","30":"tag-france","31":"tag-live","32":"tag-live-course","33":"tag-live-epreuve","34":"tag-peloton","35":"tag-radio-peloton","36":"tag-radio-tour","37":"tag-ravitaillement","38":"tag-relance","39":"tag-sports","40":"tag-uci","41":"tag-velo","42":"tag-velos"},"share_on_mastodon":{"url":"https:\/\/pubeurope.com\/@fr\/115691421907269843","error":""},"_links":{"self":[{"href":"https:\/\/www.europesays.com\/fr\/wp-json\/wp\/v2\/posts\/589156","targetHints":{"allow":["GET"]}}],"collection":[{"href":"https:\/\/www.europesays.com\/fr\/wp-json\/wp\/v2\/posts"}],"about":[{"href":"https:\/\/www.europesays.com\/fr\/wp-json\/wp\/v2\/types\/post"}],"author":[{"embeddable":true,"href":"https:\/\/www.europesays.com\/fr\/wp-json\/wp\/v2\/users\/2"}],"replies":[{"embeddable":true,"href":"https:\/\/www.europesays.com\/fr\/wp-json\/wp\/v2\/comments?post=589156"}],"version-history":[{"count":0,"href":"https:\/\/www.europesays.com\/fr\/wp-json\/wp\/v2\/posts\/589156\/revisions"}],"wp:featuredmedia":[{"embeddable":true,"href":"https:\/\/www.europesays.com\/fr\/wp-json\/wp\/v2\/media\/589157"}],"wp:attachment":[{"href":"https:\/\/www.europesays.com\/fr\/wp-json\/wp\/v2\/media?parent=589156"}],"wp:term":[{"taxonomy":"category","embeddable":true,"href":"https:\/\/www.europesays.com\/fr\/wp-json\/wp\/v2\/categories?post=589156"},{"taxonomy":"post_tag","embeddable":true,"href":"https:\/\/www.europesays.com\/fr\/wp-json\/wp\/v2\/tags?post=589156"}],"curies":[{"name":"wp","href":"https:\/\/api.w.org\/{rel}","templated":true}]}}