{"id":589160,"date":"2025-12-09T20:11:07","date_gmt":"2025-12-09T20:11:07","guid":{"rendered":"https:\/\/www.europesays.com\/fr\/589160\/"},"modified":"2025-12-09T20:11:07","modified_gmt":"2025-12-09T20:11:07","slug":"marion-cotillard-fiere-detre-une-sale-conne-apres-les-propos-de-brigitte-macron","status":"publish","type":"post","link":"https:\/\/www.europesays.com\/fr\/589160\/","title":{"rendered":"Marion Cotillard \u00ab\u00a0fi\u00e8re\u00a0\u00bb d\u2019\u00eatre une \u00ab\u00a0sale conne\u00a0\u00bb apr\u00e8s les propos de Brigitte Macron"},"content":{"rendered":"<p>        <img decoding=\"async\" loading=\"lazy\" src=\"https:\/\/www.europesays.com\/fr\/wp-content\/uploads\/2025\/12\/97eb4ce_1688648183032-gettyimages-1492642284.jpg\"  width=\"728\" height=\"410\" alt=\"Marion Cotillard, ici au mois de mai lors du Festival de Cannes.\"\/>  <\/p>\n<p>Mondadori Portfolio \/ Mondadori Portfolio via Getty Im<\/p>\n<p>Marion Cotillard, ici au mois de mai lors du Festival de Cannes.<\/p>\n<p class=\"asset asset-text\">\u00ab\u00a0Je suis une sale conne\u00a0\u00bb. L\u2019actrice fran\u00e7aise<a href=\"https:\/\/www.huffingtonpost.fr\/culture\/article\/la-sequence-genante-du-jt-de-lea-salame-avec-marion-cotillard-resurgit-a-cause-de-guillaume-canet_257567.html\" target=\"_blank\" rel=\"noopener\"> Marion Cotillard <\/a>a affich\u00e9 son soutien ce mardi 9\u00a0d\u00e9cembre au mouvement naissant #salesconnes, lanc\u00e9 apr\u00e8s les propos pol\u00e9miques de Brigitte Macron \u00e0 l\u2019encontre des militantes f\u00e9ministes intervenues lors du spectacle l\u2019humoriste <a href=\"https:\/\/www.huffingtonpost.fr\/france\/article\/brigitte-macron-qualifie-de-sales-connes-des-militantes-qui-ont-interrompu-un-spectacle-d-ary-abittan_258003.html\" target=\"_blank\" rel=\"noopener\">Ary Abittan<\/a>, accus\u00e9 de viol. Les Tricoteuses hyst\u00e9riques, association cr\u00e9\u00e9e apr\u00e8s le proc\u00e8s des viols de Mazan, a annonc\u00e9 sa volont\u00e9 de porter plainte.<\/p>\n<p class=\"asset asset-text\">\u00c0 l\u2019instar de<a href=\"https:\/\/www.huffingtonpost.fr\/politique\/article\/salesconnes-devient-le-slogan-de-ces-feministes-apres-les-propos-de-brigitte-macron_258007.html\" target=\"_blank\" rel=\"noopener\"> centaines de femmes et de f\u00e9ministes<\/a>, dont certaines connues comme la figure du mouvement #MeToo en France Judith Godr\u00e8che, Marion Cotillard a repartag\u00e9 en story sur fond noir la publication du collectif f\u00e9ministe #NousToutes.<\/p>\n<p class=\"asset asset-text\">La c\u00e9l\u00e8bre interpr\u00e8te de La M\u00f4me\u00a0a par ailleurs ajout\u00e9 une publication sur Instagram avec le slogan #saleconne en assurant \u00eatre \u00ab\u00a0fi\u00e8re de l\u2019\u00eatre\u00a0\u00bb.<\/p>\n<p> La lecture de ce contenu est susceptible d\u2019entra\u00eener un d\u00e9p\u00f4t de cookies de la part de l\u2019op\u00e9rateur tiers qui l\u2019h\u00e9berge. Compte-tenu des choix que vous avez exprim\u00e9s en mati\u00e8re de d\u00e9p\u00f4t de cookies, nous avons bloqu\u00e9 l\u2019affichage de ce contenu. Si vous souhaitez y acc\u00e9der, vous devez accepter la cat\u00e9gorie de cookies \u201cContenus tiers\u201d en cliquant sur le bouton ci-dessous. <\/p>\n<p> Lire la Vid\u00e9o            <\/p>\n<p class=\"asset asset-text\">Ce soutien f\u00e9ministe de Marion Cotillard montre aussi une \u00e9volution positive dans sa vision de cette lutte. En effet, l\u2019actrice <a href=\"https:\/\/www.tf1info.fr\/societe\/marion-cotillard-et-sa-vision-demodee-du-feminisme-1500215.html\" target=\"_blank\" rel=\"noopener\" title=\"Nouvelle fen\u00eatre\">avait \u00e9t\u00e9 critiqu\u00e9e en 2015<\/a>\u00a0en affirmant ne pas \u00ab\u00a0\u00eatre f\u00e9ministe\u00a0\u00bb. \u00ab\u00a0Il faut se battre pour les droits des femmes, mais je ne veux pas que cela s\u00e9pare les hommes et les femmes\u00a0\u00bb, avait-elle ajout\u00e9 au magazine Porter.<\/p>\n<p>                     Intense pol\u00e9mique    <\/p>\n<p class=\"asset asset-text\">Samedi soir, quatre militantes du collectif f\u00e9ministe #NousToutes, portant des masques \u00e0 l\u2019effigie de l\u2019acteur Ary Abittan avec la mention \u00ab\u00a0violeur\u00a0\u00bb, avaient interrompu son spectacle \u00e0 Paris, scandant \u00ab\u00a0Abittan violeur\u00a0\u00bb.<\/p>\n<p class=\"asset asset-text\">Fin 2021, l\u2019humoriste a \u00e9t\u00e9 accus\u00e9 de viol par une jeune femme qu\u2019il fr\u00e9quentait depuis quelques semaines. Apr\u00e8s trois ans d\u2019enqu\u00eate, l\u2019instruction a abouti \u00e0 un non-lieu confirm\u00e9 en appel en janvier, mais son retour sur sc\u00e8ne est depuis contest\u00e9 par des f\u00e9ministes qui ont protest\u00e9 aux abords des salles o\u00f9 il se produit.<\/p>\n<p class=\"asset asset-text\">Le lendemain de cette interruption, dimanche, Brigitte Macron est all\u00e9e voir sa repr\u00e9sentation parisienne. Sur une vid\u00e9o publi\u00e9e lundi par le site de Public, on la voit apporter son soutien \u00e0 Ary Abittan en coulisses avant le spectacle. \u00ab\u00a0J\u2019ai peur\u00a0\u00bb, lui dit-il. \u00ab\u00a0S\u2019il y a des sales connes on va les foutre dehors\u00a0\u00bb, lui r\u00e9pond Brigitte Macron, en riant. \u00ab\u00a0Surtout des bandits masqu\u00e9s\u00a0\u00bb, ajoute-t-elle.<\/p>\n<p class=\"asset asset-text\">Ces propos ont suscit\u00e9 une intense pol\u00e9mique. Interrog\u00e9 par l\u2019AFP, l\u2019entourage de l\u2019\u00e9pouse d\u2019Emmanuel Macron a assur\u00e9 qu\u2019il ne fallait \u00ab\u00a0voir dans cet \u00e9change qu\u2019une critique de la m\u00e9thode radicale employ\u00e9e par ceux qui ont perturb\u00e9, masqu\u00e9s, le spectacle d\u2019Ary Abittan samedi soir pour emp\u00eacher que l\u2019artiste se produise sur sc\u00e8ne\u00a0\u00bb.<\/p>\n","protected":false},"excerpt":{"rendered":"Mondadori Portfolio \/ Mondadori Portfolio via Getty Im Marion Cotillard, ici au mois de mai lors du Festival&hellip;\n","protected":false},"author":2,"featured_media":589161,"comment_status":"","ping_status":"","sticky":false,"template":"","format":"standard","meta":{"footnotes":""},"categories":[1359],"tags":[986,58,59,6757,1011,27,34774,5686,973],"class_list":{"0":"post-589160","1":"post","2":"type-post","3":"status-publish","4":"format-standard","5":"has-post-thumbnail","7":"category-people","8":"tag-brigitte-macron","9":"tag-divertissement","10":"tag-entertainment","11":"tag-feminisme","12":"tag-fr","13":"tag-france","14":"tag-marion-cotillard","15":"tag-metoo","16":"tag-people"},"share_on_mastodon":{"url":"https:\/\/pubeurope.com\/@fr\/115691434529270134","error":""},"_links":{"self":[{"href":"https:\/\/www.europesays.com\/fr\/wp-json\/wp\/v2\/posts\/589160","targetHints":{"allow":["GET"]}}],"collection":[{"href":"https:\/\/www.europesays.com\/fr\/wp-json\/wp\/v2\/posts"}],"about":[{"href":"https:\/\/www.europesays.com\/fr\/wp-json\/wp\/v2\/types\/post"}],"author":[{"embeddable":true,"href":"https:\/\/www.europesays.com\/fr\/wp-json\/wp\/v2\/users\/2"}],"replies":[{"embeddable":true,"href":"https:\/\/www.europesays.com\/fr\/wp-json\/wp\/v2\/comments?post=589160"}],"version-history":[{"count":0,"href":"https:\/\/www.europesays.com\/fr\/wp-json\/wp\/v2\/posts\/589160\/revisions"}],"wp:featuredmedia":[{"embeddable":true,"href":"https:\/\/www.europesays.com\/fr\/wp-json\/wp\/v2\/media\/589161"}],"wp:attachment":[{"href":"https:\/\/www.europesays.com\/fr\/wp-json\/wp\/v2\/media?parent=589160"}],"wp:term":[{"taxonomy":"category","embeddable":true,"href":"https:\/\/www.europesays.com\/fr\/wp-json\/wp\/v2\/categories?post=589160"},{"taxonomy":"post_tag","embeddable":true,"href":"https:\/\/www.europesays.com\/fr\/wp-json\/wp\/v2\/tags?post=589160"}],"curies":[{"name":"wp","href":"https:\/\/api.w.org\/{rel}","templated":true}]}}