{"id":589162,"date":"2025-12-09T20:13:34","date_gmt":"2025-12-09T20:13:34","guid":{"rendered":"https:\/\/www.europesays.com\/fr\/589162\/"},"modified":"2025-12-09T20:13:34","modified_gmt":"2025-12-09T20:13:34","slug":"frank-gehry-larchitecte-audacieux","status":"publish","type":"post","link":"https:\/\/www.europesays.com\/fr\/589162\/","title":{"rendered":"Frank Gehry, l&rsquo;architecte audacieux"},"content":{"rendered":"\n<p>        Laure Pophillat       <\/p>\n<p>               <a class=\"post-meta-time\" href=\"#\">        09\/12\/2025       <\/a>                     <\/p>\n<p>Article mis \u00e0 jour le 09\/12\/2025        <\/p>\n<p>                                                                                                                   <img decoding=\"async\" alt=\"Le mus\u00e9e Guggenheim d\u2019Abou Dhabi. \u00a9 Photo courtesy TDIC and Gehry Partners, LLP.\" width=\"983px\" height=\"755px\" class=\"offset-top-12\" src=\"https:\/\/staticb3.batirama.comhttps:\/\/www.batirama.com\/scaled\/983\/755\/1\/2025\/12\/09\/154514\/images\/article\/84264-frank-gehry-une-legende-de-l-architecture-s-en-est-allee.png\"\/>                                                                              <br \/>L\u2019architecte am\u00e9ricano-canadien est mort ce 5 d\u00e9cembre 2025, laissant derri\u00e8re lui une architecture tout \u00e0 la fois populaire, destructur\u00e9e et spectaculaire. Retour sur ses r\u00e9alisations les plus iconiques.                                                    <\/p>\n<p>Que l&rsquo;on appr\u00e9cie, ou pas <strong>Frank Gehry<\/strong>\u00a0(ses \u00e9difices sont tout autant admir\u00e9s que contest\u00e9s),\u00a0l&rsquo;<strong>architecte am\u00e9ricano-canadien\u00a0a marqu\u00e9 durablement l&rsquo;architecture mondiale<\/strong> avec ses r\u00e9alisations originales, complexes et spectaculaires. Consid\u00e9r\u00e9 par beaucoup comme un g\u00e9nie, il incarnait \u00e0 merveille\u00a0 l&rsquo;audace, \u00ab\u00a0le r\u00eave sous drogue d&rsquo;un b\u00e2timent impossible\u00a0\u00bb, comme il d\u00e9finissait lui-m\u00eame ses\u00a0\u0153uvres les plus embl\u00e9matiques. Il \u00ab\u00a0laisse une \u0153uvre qui a profond\u00e9ment marqu\u00e9 la communaut\u00e9 architecturale et bien au-del\u00e0\u00a0\u00bb, d\u00e9clare la <a class=\"lienbatirama\" href=\"https:\/\/www.batirama.com\/article\/84228--quartiers-de-demain-dix-cabinets-d-architectes-laureats.html\" target=\"_blank\" rel=\"noopener\">Cit\u00e9 de l&rsquo;architecture et du patrimoine<\/a> dans son communiqu\u00e9.<\/p>\n<p><strong>Frank Gehry\u00a0s&rsquo;est \u00e9teint, le 5 d\u00e9cembre 2025 \u00e0 Santa Monica<\/strong> (Californie), \u00e0 l&rsquo;\u00e2ge de 96 ans. <\/p>\n<p>Retrospective, via six b\u00e2timents iconiques.<\/p>\n<p class=\"pf0\">\u00a0<\/p>\n<p class=\"pf0\">\u00a0<\/p>\n<p>        Binoculars Building, Los Angeles (1985-1991)    <\/p>\n<p>Le <strong>Binoculars Building est le si\u00e8ge social de la c\u00f4te Ouest de l\u2019agence de publicit\u00e9<\/strong> Chiat\/Day (devenue depuis TBWAChiatDay) puis de l\u2019agence de publicit\u00e9 DDB Worldwide. Ce b\u00e2timent, situ\u00e9 dans le quartier de Venice (Los Angeles) se distingue par les trois styles diff\u00e9rents utilis\u00e9s pour ses fa\u00e7ades, dont la plus impressionnante est \u00e9videmment celle form\u00e9e par une <strong>paire de jumelles, sign\u00e9e des artistes Claes Oldenburg et <\/strong><strong>Coosje van <\/strong><strong>Bruggen<\/strong>, dont les <strong>oculaires font office de puits de lumi\u00e8re<\/strong>.<\/p>\n<p class=\"pf0\"><img decoding=\"async\" class=\"center-block\" alt=\"\" src=\"https:\/\/www.europesays.com\/fr\/wp-content\/uploads\/2025\/12\/Sans titre(112).png\" style=\"width: 600px; height: 450px;\"\/><\/p>\n<p class=\"pf0\" style=\"text-align: center;\">\u00a0Le Binoculars Building. \u00a9 Pinterest<\/p>\n<p class=\"pf0\">\u00a0<\/p>\n<p class=\"pf0\">\u00a0<\/p>\n<p>        Vitra Design Museum, Weil am Rhein, Allemagne (1989)    <\/p>\n<p>\u00a0<\/p>\n<p class=\"pf0\"><img decoding=\"async\" class=\"center-block\" alt=\"\" src=\"https:\/\/www.europesays.com\/fr\/wp-content\/uploads\/2025\/12\/Vitra_Design_Museum.jpg\" style=\"width: 600px; height: 417px;\"\/><\/p>\n<p class=\"pf0\" style=\"text-align: center;\">Le Vitra Design Museum rassemble une importante collection de meubles et de chaises.\u00a0\u00a9\u00a0Wladyslaw \/ Wikip\u00e9dia<\/p>\n<p class=\"pf0\">\u00a0<\/p>\n<p class=\"pf0\">Le <strong>Vitra Design Museum est le premier projet europ\u00e9en de\u00a0Frank Gehry<\/strong> : c\u2019est \u00e0 la suite d\u2019un incendie qui d\u00e9truisit la majeure partie de ses usines que <strong>Vitra d\u00e9cida de reconstruire son site industriel \u00e0 la mani\u00e8re d\u2019un parc d\u2019architectures<\/strong>, dont il <strong>confia la r\u00e9alisation \u00e0 Frank Gehry<\/strong>. Le b\u00e2timent, d&rsquo;une surface d\u2019exposition de 700 m\u00e8tres carr\u00e9s, est un assemblage de tours, rampes et cubes dont les formes sont dict\u00e9es par leur fonction comme la distribution de la lumi\u00e8re.\u00a0<\/p>\n<p class=\"pf0\">\u00a0<\/p>\n<p class=\"pf0\">\u00a0<\/p>\n<p>    La \u00ab\u00a0maison dansante\u00a0\u00bb (1994 &#8211; 1997)    <\/p>\n<p class=\"pf0\">Avec ses sept \u00e9tages, la <strong>\u00ab\u00a0Maison qui danse\u00a0\u00bb ou \u00ab\u00a0Maison dansante\u00a0\u00bb, toute de verre et de b\u00e9ton v\u00eatue<\/strong>,\u00a0de style d\u00e9constructiviste (ou \u00ab\u00a0nouveau baroque\u00a0\u00bb),\u00a0<strong>\u0153uvre des architectes <\/strong><strong>Vlado Milunic<\/strong><strong>\u00a0et Frank Gehry<\/strong>, fait la joie des touristes visitant Prague, notamment parce que le bar\u00a0du septi\u00e8me \u00e9tage fait partie des meilleurs rooftops de la capitale et permet de jouir df&rsquo;une vue imprenable sur le ch\u00e2teau.<\/p>\n<p>C\u2019est V\u00e1clav Havel qui \u00e9mit le premier l\u2019id\u00e9e de <strong>b\u00e2tir un \u00e9difice place <\/strong><strong>Jir\u00e1sek<\/strong>,\u00a0sur un site laiss\u00e9 vacant depuis le bombardement par erreur (Prague avait alors \u00e9t\u00e9 confondue avec Dresde&#8230;)\u00a0des Am\u00e9ricains d\u2019un bel immeuble n\u00e9o-Renaissance du 19e\u00a0en f\u00e9vrier 1945.<\/p>\n<p class=\"pf0\">L\u2019id\u00e9e originale de Milunic\u00a0\u00e9tait celle d\u2019un <strong>b<\/strong><strong>\u00e2timent compos\u00e9 de deux parties, statique et dynamique, devant symboliser la transition de la Tch\u00e9coslovaquie<\/strong> d\u2019un r\u00e9gime communiste \u00e0 une d\u00e9mocratie parlementaire. Les architectes construisirent donc deux tours (les tours d\u2019angle sont une des caract\u00e9ristiques de l\u2019architecture praguoise) qui semblent s\u2019enlacer avec un effet de mouvement ondulatoire.<\/p>\n<p class=\"pf0\">\u00a0<\/p>\n<p class=\"pf0\"><img decoding=\"async\" class=\"center-block\" alt=\"\" src=\"https:\/\/www.europesays.com\/fr\/wp-content\/uploads\/2025\/12\/Tanzendes_Haus_2023.jpg\" style=\"width: 600px; height: 600px;\"\/><\/p>\n<p class=\"pf0\" style=\"text-align: center;\">La \u00ab\u00a0maison dansante\u00a0\u00bb, chef d&rsquo;\u0153uvre architectural pragois. \u00a9 Danny Alexander Lettkemann, Architekt<\/p>\n<p class=\"pf0\">\u00a0<\/p>\n<p class=\"pf0\">\u00a0<\/p>\n<p>        Le mus\u00e9e Guggenheim, Bilbao (1993-1997)    <\/p>\n<p class=\"pf0\">Toutefois, c&rsquo;est sans doute le <strong>mus\u00e9e Guggenheim \u00e0 Bilbao<\/strong> (Espagne) qui fit internationalement conna\u00eetre Frank Gehry, m\u00eame s&rsquo;il ne faut pas omettre le Walt Disney Concert Hall de Los Angeles (\u00c9tats-Unis, 2003), la Fondation Louis Vuitton \u00e0 Paris (2006), la Cin\u00e9math\u00e8que fran\u00e7aise \u00e0 Paris \u00e9galement (1994), etc. Mais le\u00a0<strong>mus\u00e9e d&rsquo;art moderne et contemporain en forme de construction cubiste<\/strong>,\u00a0caract\u00e9ristique de l&rsquo;<strong>approche d\u00e9constructiviste tout en courbes de l&rsquo;architecte<\/strong>, assemblage singulier de pierre, de verre et de titane,\u00a0devint rapidement la coqueluche les foules. Gr\u00e2ce \u00e0 lui, <strong>\u00ab\u00a0l\u2019effet Bilbao\u00a0\u00bb d\u00e9signe la capacit\u00e9 qu\u2019un \u00e9quipement culturel a de dynamiser un territoire<\/strong>.<\/p>\n<p>\u00a0<\/p>\n<p><img decoding=\"async\" class=\"center-block\" alt=\"\" src=\"https:\/\/www.europesays.com\/fr\/wp-content\/uploads\/2025\/12\/Museo_Guggenheim,_Bilbao_(31273245344).jpg\" style=\"width: 600px; height: 400px;\"\/><\/p>\n<p class=\"pf0\" style=\"text-align: center;\">Le mus\u00e9e Guggenheim, Bilbao.\u00a0\u00a9\u00a0Naotake Murayama \/ Wikip\u00e9dia<\/p>\n<p class=\"pf0\">\u00a0<\/p>\n<p>\u00a0<\/p>\n<p>    H\u00f4tel Marqu\u00e9s de Riscal, Elciego, Espagne (2003-2006)    <\/p>\n<p class=\"pf0\">Plant\u00e9 au milieu des vignes dans la r\u00e9gion de la Rioja au Pays basque (Espagne), cet <strong>h\u00f4tel \u00e0 la structure futuriste<\/strong>\u00a0se d\u00e9veloppe tout en vagues, dans un entrelacs de rubans de m\u00e9tal aux nuances color\u00e9es scintillantes au soleil. Associant la <strong>pierre, le verre et le titane, l&rsquo;ensemble du b\u00e2timent a \u00e9t\u00e9 dessin\u00e9 par Frank Gehry<\/strong>\u00a0ainsi qu&rsquo;une partie du mobilier des 43 suites.<\/p>\n<p class=\"pf0\">\u00a0<\/p>\n<p><img decoding=\"async\" class=\"center-block\" alt=\"\" src=\"https:\/\/www.europesays.com\/fr\/wp-content\/uploads\/2025\/12\/Hotel_Marques_de_Riscal.jpg\" style=\"width: 600px; height: 449px;\"\/><\/p>\n<p class=\"pf0\" style=\"text-align: center;\">Hotel Marques de Riscal.\u00a0\u00a9\u00a0Igorre1969 \/ Wikip\u00e9dia<\/p>\n<p class=\"pf0\">\u00a0<\/p>\n<p>\u00a0<\/p>\n<p>        Fondation Luma, Arles (2007-2019)    <\/p>\n<p class=\"pf0\">L&rsquo;auteur du \u00ab\u00a0Vaisseau de verre\u00a0\u00bb de la Fondation Louis Vuitton livra \u00e0 Arles (France) une architecture contextuelle : l&rsquo;institution arl\u00e9sienne rassemble six b\u00e2timents, dont cinq historiques, r\u00e9habilit\u00e9s, et la pi\u00e8ce ma\u00eetresse, la <strong>tour <\/strong><strong>Luma<\/strong><strong> de Gehry<\/strong>,\u00a0une tour de 56 m\u00e8tres de hauteur. L&rsquo;architecte star souhaitait \u00ab\u00a0\u00e9voquer l&rsquo;ancrage local\u00a0\u00bb de la ville avec ce <strong>b\u00e2timent, en cr\u00e9ant une hybridation entre le pass\u00e9 romain de la ville et son fameux style futuriste<\/strong>. L&rsquo;\u00e9difice torsad\u00e9 compte 11 000 panneaux m\u00e9talliques r\u00e9fl\u00e9chissants, rappelant des \u00e9cailles de poisson.<\/p>\n<p class=\"pf0\">Soutenue par la m\u00e9c\u00e8ne Maja Hoffmann, la Fondation Luma\u00a0se niche au milieu du Parc des Ateliers, dix hectares de friche industrielle reconvertis en institution culturelle.<\/p>\n<p class=\"pf0\">\u00a0<\/p>\n<p><img decoding=\"async\" class=\"center-block\" alt=\"\" src=\"https:\/\/www.europesays.com\/fr\/wp-content\/uploads\/2025\/12\/Sans titre(113).png\" style=\"width: 400px; height: 600px;\"\/><\/p>\n<p style=\"text-align: center;\">La tour Luma. \u00a9 Adrian\u00a0Deweerdt<\/p>\n<p>\u00a0<\/p>\n<p>\u00a0<\/p>\n<p>    L&rsquo;h\u00e9ritage    <\/p>\n<p class=\"mb-4 text-lg md:leading-8 break-words\"><strong>Frank Gehry demeurera dans l&rsquo;histoire de l&rsquo;architecture<\/strong> comme l&rsquo;architecte se distinguant par une approche organique, sculpturale, fluide, romptant avec les formes rigides et conventionnelles d&rsquo;une architecture plus traditionnelle. Il puisait son inspiration dans la nature et les formes organiques, cherchant \u00e0 cr\u00e9er des b\u00e2timents fusionnant avec leur environnement, au\u00a0style unique et reconnaissable entre tous avec l&rsquo;<strong>utilisation de mat\u00e9riaux tels que le titane, le verre et le b\u00e9ton<\/strong>. De fait, ses b\u00e2timents se d\u00e9ploient souvent de mani\u00e8re non lin\u00e9aire, avec des courbes et angles inattendus qui d\u00e9fient la sym\u00e9trie et l&rsquo;ordre \u00e9tabli.<\/p>\n<p class=\"pf0\">L&rsquo;<strong>h\u00e9ritage de Frank Gehry<\/strong>, c&rsquo;est \u00e9galement sa formidable capacit\u00e9 \u00e0 jouer avec la lumi\u00e8re et l&rsquo;ombre, cr\u00e9ant des effets visuels saisissants qui animent ses structures et leur conf\u00e8rent une dimension th\u00e9\u00e2trale. Ses conceptions se caract\u00e9risent par une profondeur et une complexit\u00e9 visuelles, invitant les spectateurs \u00e0 explorer et \u00e0 interagir avec l&rsquo;architecture de mani\u00e8re stimulante et interrogative.<\/p>\n<p class=\"mb-4 text-lg md:leading-8 break-words\">Le <strong>mus\u00e9e Guggenheim d\u2019Abou Dhabi, con\u00e7u par Frank Gehry <\/strong>et propos\u00e9 pour la premi\u00e8re fois en 2006, devrait enfin \u00eatre achev\u00e9 en 2026 apr\u00e8s une s\u00e9rie de retards de construction et des travaux sporadiques.\u00a0La structure de 30 000 pieds carr\u00e9s (2 787 m2) sera le <strong>plus grand Guggenheim au monde<\/strong>\u00a0et d\u00e9posera son empreinte durable dans la capitale des \u00c9mirats arabes unis, comme dans le monde entier. Mais l\u00e0 rien de surprenant, pour une <strong>\u0153uvre de Frank Gehry<\/strong>.<\/p>\n<p class=\"mb-4 text-lg md:leading-8 break-words\">\u00a0<\/p>\n<p><img decoding=\"async\" class=\"center-block\" alt=\"\" src=\"https:\/\/www.europesays.com\/fr\/wp-content\/uploads\/2025\/12\/Sans titre(114).png\" style=\"width: 600px; height: 337px;\"\/><\/p>\n<p style=\"text-align: center;\">Le mus\u00e9e Guggenheim d\u2019Abou Dhabi.\u00a0\u00a9 Photo courtesy TDIC and Gehry Partners, LLP.<\/p>\n<p>    Source : batirama.com \/ Laure Pophillat \/\u00a0\u00a9\u00a0Photo courtesy TDIC and Gehry Partners, LLP.         <\/p>\n","protected":false},"excerpt":{"rendered":"Laure Pophillat 09\/12\/2025 Article mis \u00e0 jour le 09\/12\/2025 L\u2019architecte am\u00e9ricano-canadien est mort ce 5 d\u00e9cembre 2025, laissant&hellip;\n","protected":false},"author":2,"featured_media":589163,"comment_status":"","ping_status":"","sticky":false,"template":"","format":"standard","meta":{"footnotes":""},"categories":[1358],"tags":[1348,1384,1385,1386,58,59,1011,27],"class_list":{"0":"post-589162","1":"post","2":"type-post","3":"status-publish","4":"format-standard","5":"has-post-thumbnail","7":"category-arts-et-design","8":"tag-arts","9":"tag-arts-and-design","10":"tag-arts-et-design","11":"tag-design","12":"tag-divertissement","13":"tag-entertainment","14":"tag-fr","15":"tag-france"},"share_on_mastodon":{"url":"https:\/\/pubeurope.com\/@fr\/115691444330548245","error":""},"_links":{"self":[{"href":"https:\/\/www.europesays.com\/fr\/wp-json\/wp\/v2\/posts\/589162","targetHints":{"allow":["GET"]}}],"collection":[{"href":"https:\/\/www.europesays.com\/fr\/wp-json\/wp\/v2\/posts"}],"about":[{"href":"https:\/\/www.europesays.com\/fr\/wp-json\/wp\/v2\/types\/post"}],"author":[{"embeddable":true,"href":"https:\/\/www.europesays.com\/fr\/wp-json\/wp\/v2\/users\/2"}],"replies":[{"embeddable":true,"href":"https:\/\/www.europesays.com\/fr\/wp-json\/wp\/v2\/comments?post=589162"}],"version-history":[{"count":0,"href":"https:\/\/www.europesays.com\/fr\/wp-json\/wp\/v2\/posts\/589162\/revisions"}],"wp:featuredmedia":[{"embeddable":true,"href":"https:\/\/www.europesays.com\/fr\/wp-json\/wp\/v2\/media\/589163"}],"wp:attachment":[{"href":"https:\/\/www.europesays.com\/fr\/wp-json\/wp\/v2\/media?parent=589162"}],"wp:term":[{"taxonomy":"category","embeddable":true,"href":"https:\/\/www.europesays.com\/fr\/wp-json\/wp\/v2\/categories?post=589162"},{"taxonomy":"post_tag","embeddable":true,"href":"https:\/\/www.europesays.com\/fr\/wp-json\/wp\/v2\/tags?post=589162"}],"curies":[{"name":"wp","href":"https:\/\/api.w.org\/{rel}","templated":true}]}}